{"id":188397,"date":"2025-06-07T20:56:43","date_gmt":"2025-06-07T17:56:43","guid":{"rendered":"https:\/\/www.tgrthaber.com\/mavikadin\/?p=188397"},"modified":"2025-06-07T20:56:44","modified_gmt":"2025-06-07T17:56:44","slug":"iki-cocuk-annesi-cagla-sikelden-genc-kizlara-tas-cikartan-tatil-karesi-pembe-bikinili-pozuna-yorum-yagdi","status":"publish","type":"post","link":"https:\/\/www.tgrthaber.com\/mavikadin\/iki-cocuk-annesi-cagla-sikelden-genc-kizlara-tas-cikartan-tatil-karesi-pembe-bikinili-pozuna-yorum-yagdi\/","title":{"rendered":"\u0130ki \u00e7ocuk annesi \u00c7a\u011fla \u015eikel&#8217;den gen\u00e7 k\u0131zlara ta\u015f \u00e7\u0131kartan tatil karesi! Pembe bikinili pozuna yorum ya\u011fd\u0131"},"content":{"rendered":"<p>Havalar\u0131n \u0131s\u0131nmas\u0131yla birlikte tatil enerjisi d\u00f6rt bir yan\u0131 sararken, deniz sezonunu a\u00e7an \u00fcnl\u00fc isimlerden biri de \u00c7a\u011fla \u015e\u0131kel oldu. 45 ya\u015f\u0131ndaki ba\u015far\u0131l\u0131 model ve sunucu, sosyal medya hesab\u0131ndan payla\u015ft\u0131\u011f\u0131 bikinili pozlarla dikkatleri \u00fczerine \u00e7ekti. \u0130ki \u00e7ocuk annesi olmas\u0131na ra\u011fmen fit g\u00f6r\u00fcn\u00fcm\u00fcn\u00fc koruyan \u015e\u0131kel bikinili payla\u015f\u0131m\u0131yla g\u00fcndemi adeta sallad\u0131. \u0130\u015fte detaylar&#8230;<\/p>\n<h3>\u00c7A\u011eLA \u015e\u0130KEL&#8217;DEN GEN\u00c7 KIZLARA TA\u015e \u00c7IKARTAN TAT\u0130L KARES\u0130!<\/h3>\n<p>Tatil sezonunu enerjik bir \u015fekilde kar\u015f\u0131layan \u00c7a\u011fla \u015e\u0131kel, sosyal medyada payla\u015ft\u0131\u011f\u0131 son kareyle adeta alk\u0131\u015f toplad\u0131.<\/p>\n<p><img loading=\"lazy\" decoding=\"async\" class=\"alignnone wp-image-188405\" src=\"https:\/\/www.tgrthaber.com\/mavikadin\/wp-content\/uploads\/i-2-11-300x169.webp\" alt=\"\" width=\"1208\" height=\"680\" title=\"\" srcset=\"https:\/\/www.tgrthaber.com\/mavikadin\/wp-content\/uploads\/i-2-11-300x169.webp 300w, https:\/\/www.tgrthaber.com\/mavikadin\/wp-content\/uploads\/i-2-11.webp 480w\" sizes=\"(max-width: 1208px) 100vw, 1208px\" \/><\/p>\n<hr \/>\n<p>Ya\u015f\u0131n\u0131 ve anne olu\u015funu bir kenara b\u0131rakan kusursuz formuyla dikkat \u00e7eken \u015e\u0131kel, fit v\u00fccudu ve \u00f6zg\u00fcven dolu duru\u015fuyla takip\u00e7ilerine ilham verdi. Do\u011fall\u0131\u011f\u0131n\u0131 kaybetmeden zarafetini koruyan \u00fcnl\u00fc isim, sahil \u015f\u0131kl\u0131\u011f\u0131n\u0131 yans\u0131tan tercihiyle de be\u011feni toplad\u0131. G\u00f6renler hem fizi\u011fine hem de enerjisine hayran kald\u0131.<\/p>\n<p><img loading=\"lazy\" decoding=\"async\" class=\"alignnone wp-image-188406\" src=\"https:\/\/www.tgrthaber.com\/mavikadin\/wp-content\/uploads\/5747f41b18c773354ccef649-300x179.webp\" alt=\"\" width=\"1208\" height=\"720\" title=\"\" srcset=\"https:\/\/www.tgrthaber.com\/mavikadin\/wp-content\/uploads\/5747f41b18c773354ccef649-300x179.webp 300w, https:\/\/www.tgrthaber.com\/mavikadin\/wp-content\/uploads\/5747f41b18c773354ccef649-768x458.webp 768w, https:\/\/www.tgrthaber.com\/mavikadin\/wp-content\/uploads\/5747f41b18c773354ccef649.webp 770w\" sizes=\"(max-width: 1208px) 100vw, 1208px\" \/><\/p>\n<hr \/>\n<h3>PEMBE B\u0130K\u0130N\u0130L\u0130 POZUNA YORUM YA\u011eDI<\/h3>\n<p>Sosyal medya hesab\u0131ndan havuz kenar\u0131nda pembe bikinisiyle verdi\u011fi pozunu payla\u015fan \u00c7a\u011fla \u015e\u0131kel, takip\u00e7ilerini mest etti. Hem do\u011fall\u0131\u011f\u0131 hem enerjisiyle be\u011feni toplayan payla\u015f\u0131m, dakikalar i\u00e7inde binlerce yorum ve be\u011feni ald\u0131. &#8220;Bu fizi\u011fe iki do\u011fum nas\u0131l s\u0131\u011far?&#8221;, &#8220;45 ya\u015f\u0131nda ama 25 gibi&#8221; yorumlar\u0131 dikkat \u00e7ekti.<\/p>\n<p><img loading=\"lazy\" decoding=\"async\" class=\"alignnone wp-image-188407\" src=\"https:\/\/www.tgrthaber.com\/mavikadin\/wp-content\/uploads\/Adsiz-tasarim-6-27-300x169.png\" alt=\"\" width=\"1208\" height=\"680\" title=\"\" srcset=\"https:\/\/www.tgrthaber.com\/mavikadin\/wp-content\/uploads\/Adsiz-tasarim-6-27-300x169.png 300w, https:\/\/www.tgrthaber.com\/mavikadin\/wp-content\/uploads\/Adsiz-tasarim-6-27-1024x576.png 1024w, https:\/\/www.tgrthaber.com\/mavikadin\/wp-content\/uploads\/Adsiz-tasarim-6-27-768x432.png 768w, https:\/\/www.tgrthaber.com\/mavikadin\/wp-content\/uploads\/Adsiz-tasarim-6-27-1536x864.png 1536w, https:\/\/www.tgrthaber.com\/mavikadin\/wp-content\/uploads\/Adsiz-tasarim-6-27.png 1920w\" sizes=\"(max-width: 1208px) 100vw, 1208px\" \/><\/p>\n<hr \/>\n<p>Y\u0131llard\u0131r formunu korumas\u0131yla \u00f6ne \u00e7\u0131kan \u015e\u0131kel, d\u00fczenli spor, pilates ve sa\u011fl\u0131kl\u0131 beslenme rutiniyle s\u0131k\u00e7a konu\u015fuluyor. \u00d6zellikle yoga ve nefes \u00e7al\u0131\u015fmalar\u0131yla hem beden hem zihin dengesine \u00f6nem verdi\u011fi bilinen \u015e\u0131kel, zaman zaman bu rutinlerini sosyal medya \u00fczerinden takip\u00e7ileriyle de payla\u015f\u0131yor.<\/p>\n<p><img loading=\"lazy\" decoding=\"async\" class=\"alignnone wp-image-188413\" src=\"https:\/\/www.tgrthaber.com\/mavikadin\/wp-content\/uploads\/616x321-cagla-sikel-oglu-kuzeyin-iliskisi-hakkinda-samimi-aciklamalar-1747185189437-300x156.webp\" alt=\"\" width=\"1208\" height=\"629\" title=\"\" srcset=\"https:\/\/www.tgrthaber.com\/mavikadin\/wp-content\/uploads\/616x321-cagla-sikel-oglu-kuzeyin-iliskisi-hakkinda-samimi-aciklamalar-1747185189437-300x156.webp 300w, https:\/\/www.tgrthaber.com\/mavikadin\/wp-content\/uploads\/616x321-cagla-sikel-oglu-kuzeyin-iliskisi-hakkinda-samimi-aciklamalar-1747185189437.webp 616w\" sizes=\"(max-width: 1208px) 100vw, 1208px\" \/><\/p>\n<hr \/>\n<h3>\u00c7A\u011eLA \u015e\u0130KEL&#8217;\u0130N \u00c7OCUKLARI K\u0130M?<\/h3>\n<p>\u00dcnl\u00fc model ve sunucu \u00c7a\u011fla \u015e\u0131kel, \u00f6zel hayat\u0131yla da her zaman dikkat \u00e7eken isimlerden biri. 2008 y\u0131l\u0131nda \u015fark\u0131c\u0131 Emre Altu\u011f ile nikah masas\u0131na oturan \u015e\u0131kel\u2019in bu evlilikten iki o\u011flu bulunuyor. B\u00fcy\u00fck o\u011flu Kuzey, 2009 y\u0131l\u0131nda d\u00fcnyaya geldi ve art\u0131k ergenlik \u00e7a\u011f\u0131nda. Boyu annesini ge\u00e7mi\u015f durumda ve zaman zaman sosyal medya payla\u015f\u0131mlar\u0131nda dikkat \u00e7eken yorumlar\u0131n oda\u011f\u0131 oluyor. K\u00fc\u00e7\u00fck o\u011flu Uzay ise 2012 do\u011fumlu ve hen\u00fcz ortaokul ya\u015flar\u0131nda.<\/p>\n<p><img loading=\"lazy\" decoding=\"async\" class=\"alignnone wp-image-188414\" src=\"https:\/\/www.tgrthaber.com\/mavikadin\/wp-content\/uploads\/Cagla-Sikel-2-1-300x169.webp\" alt=\"\" width=\"1208\" height=\"680\" title=\"\" srcset=\"https:\/\/www.tgrthaber.com\/mavikadin\/wp-content\/uploads\/Cagla-Sikel-2-1-300x169.webp 300w, https:\/\/www.tgrthaber.com\/mavikadin\/wp-content\/uploads\/Cagla-Sikel-2-1-1024x576.webp 1024w, https:\/\/www.tgrthaber.com\/mavikadin\/wp-content\/uploads\/Cagla-Sikel-2-1-768x432.webp 768w, https:\/\/www.tgrthaber.com\/mavikadin\/wp-content\/uploads\/Cagla-Sikel-2-1-1536x864.webp 1536w, https:\/\/www.tgrthaber.com\/mavikadin\/wp-content\/uploads\/Cagla-Sikel-2-1.webp 1920w\" sizes=\"(max-width: 1208px) 100vw, 1208px\" \/><\/p>\n<hr \/>\n<p>2015\u2019te Emre Altu\u011f ile yollar\u0131n\u0131 ay\u0131ran \u00c7a\u011fla \u015e\u0131kel, ayr\u0131l\u0131ktan sonra da \u00e7ocuklar\u0131 i\u00e7in sa\u011fduyulu bir ileti\u015fim s\u00fcrd\u00fcrd\u00fc. Eski e\u015finden ayr\u0131 olsa da, Kuzey ve Uzay\u2019\u0131n hayat\u0131ndaki \u00f6nemli anlarda babalar\u0131yla birlikte hareket etmeye \u00f6zen g\u00f6steriyor.<\/p>\n","protected":false},"excerpt":{"rendered":"<p>Tescilli g\u00fczelli\u011fi, ekran enerjisi ve y\u0131llara meydan okuyan fizi\u011fiyle ad\u0131ndan s\u0131k\u00e7a s\u00f6z ettiren \u00c7a\u011fla \u015e\u0131kel, tatil sezonunu erken a\u00e7t\u0131. Sosyal medya hesab\u0131ndan payla\u015ft\u0131\u011f\u0131 son bikinili poz, k\u0131sa s\u00fcrede g\u00fcndem oldu. Fit v\u00fccudu ve \u00f6zg\u00fcveniyle dikkat \u00e7eken \u00fcnl\u00fc model, &#8220;Bu fizi\u011fe iki do\u011fum mu dediniz?&#8221; dedirtti. \u0130\u015fte \u00c7a\u011fla \u015eikel&#8217;den gen\u00e7 k\u0131zlara ta\u015f \u00e7\u0131kartan tatil karesi&#8230;<\/p>\n","protected":false},"author":35,"featured_media":188404,"comment_status":"closed","ping_status":"closed","sticky":false,"template":"","format":"standard","meta":{"rank_math_lock_modified_date":false,"footnotes":""},"categories":[76],"tags":[24050,24052,24051,2584,133],"class_list":["post-188397","post","type-post","status-publish","format-standard","has-post-thumbnail","hentry","category-magazin","tag-cagla-sikel-bikinili-poz","tag-cagla-sikel-tatil-pozu","tag-cagla-sikl-cocuklari","tag-cagla-sikel","tag-magazin"],"_links":{"self":[{"href":"https:\/\/www.tgrthaber.com\/mavikadin\/wp-json\/wp\/v2\/posts\/188397"}],"collection":[{"href":"https:\/\/www.tgrthaber.com\/mavikadin\/wp-json\/wp\/v2\/posts"}],"about":[{"href":"https:\/\/www.tgrthaber.com\/mavikadin\/wp-json\/wp\/v2\/types\/post"}],"author":[{"embeddable":true,"href":"https:\/\/www.tgrthaber.com\/mavikadin\/wp-json\/wp\/v2\/users\/35"}],"replies":[{"embeddable":true,"href":"https:\/\/www.tgrthaber.com\/mavikadin\/wp-json\/wp\/v2\/comments?post=188397"}],"version-history":[{"count":2,"href":"https:\/\/www.tgrthaber.com\/mavikadin\/wp-json\/wp\/v2\/posts\/188397\/revisions"}],"predecessor-version":[{"id":188416,"href":"https:\/\/www.tgrthaber.com\/mavikadin\/wp-json\/wp\/v2\/posts\/188397\/revisions\/188416"}],"wp:featuredmedia":[{"embeddable":true,"href":"https:\/\/www.tgrthaber.com\/mavikadin\/wp-json\/wp\/v2\/media\/188404"}],"wp:attachment":[{"href":"https:\/\/www.tgrthaber.com\/mavikadin\/wp-json\/wp\/v2\/media?parent=188397"}],"wp:term":[{"taxonomy":"category","embeddable":true,"href":"https:\/\/www.tgrthaber.com\/mavikadin\/wp-json\/wp\/v2\/categories?post=188397"},{"taxonomy":"post_tag","embeddable":true,"href":"https:\/\/www.tgrthaber.com\/mavikadin\/wp-json\/wp\/v2\/tags?post=188397"}],"curies":[{"name":"wp","href":"https:\/\/api.w.org\/{rel}","templated":true}]}}