{"id":188403,"date":"2025-06-07T20:53:00","date_gmt":"2025-06-07T17:53:00","guid":{"rendered":"https:\/\/www.tgrthaber.com\/mavikadin\/?p=188403"},"modified":"2025-06-09T15:41:53","modified_gmt":"2025-06-09T12:41:53","slug":"kizilcik-serbetinin-fatihi-dogukan-gungor-rusyada-buyuk-ilgi-gordu","status":"publish","type":"post","link":"https:\/\/www.tgrthaber.com\/mavikadin\/kizilcik-serbetinin-fatihi-dogukan-gungor-rusyada-buyuk-ilgi-gordu\/","title":{"rendered":"K\u0131z\u0131lc\u0131k \u015eerbeti&#8217;nin Fatih&#8217;i Do\u011fukan G\u00fcng\u00f6r Rusya\u2019da b\u00fcy\u00fck ilgi g\u00f6rd\u00fc!"},"content":{"rendered":"<p>Show TV ekranlar\u0131nda 3 sezon finalini yapan K\u0131z\u0131lc\u0131k \u015eerbeti\u2019nin Fatih\u2019i Do\u011fukan G\u00fcng\u00f6r, Rusya\u2019da k\u0131rm\u0131z\u0131 hal\u0131da boy g\u00f6sterdi. \u00dcnl\u00fc oyuncu Do\u011fukan G\u00fcng\u00f6r\u2019\u00fcn Rusya\u2019da 25. Kez d\u00fczenlenen Avrasya Film Festivali k\u0131rm\u0131z\u0131 hal\u0131s\u0131nda boy g\u00f6stermesi b\u00fcy\u00fck ilgi g\u00f6sterdi. Oyuncunun o anlar\u0131 sosyal medya platformunda da be\u011feni toplad\u0131.<\/p>\n<h3>DO\u011eUKAN G\u00dcNG\u00d6R AVRASYA F\u0130LM FEST\u0130VAL\u0130N\u2019DE<\/h3>\n<p>Rusya\u2019n\u0131n So\u00e7i kentinde ba\u015flayan ve bu y\u0131l 25&#8217;incisi d\u00fczenlenen ve 13 Haziran\u2019a dek s\u00fcrecek &#8216;Avrasya Film Festivali&#8217;ne T\u00fcrkiye \u00fc\u00e7 film ile kat\u0131ld\u0131. Festivalin a\u00e7\u0131l\u0131\u015f galas\u0131nda oyuncu Do\u011fukan G\u00fcng\u00f6r yer ald\u0131. \u00dcnl\u00fc oyuncu hayranlar\u0131 taraf\u0131ndan b\u00fcy\u00fck ilgi ile kar\u015f\u0131land\u0131. Festival \u00f6ncesi k\u0131rm\u0131z\u0131 hal\u0131da boy g\u00f6steren Do\u011fukan G\u00fcng\u00f6r, hayranlar\u0131yla foto\u011fraf \u00e7ekilmeyi de ihmal etmedi. \u00a0Mavi tak\u0131m elbisesi i\u00e7erisine giydi\u011fi beyaz g\u00f6mlekle ve tak\u0131m elbisesinin alt\u0131na giydi\u011fi siyah spor ayakkab\u0131lar\u0131 ile spor ve klasik tarz\u0131 harmanlam\u0131\u015f.<\/p>\n<p><img loading=\"lazy\" decoding=\"async\" class=\"alignnone wp-image-188408\" src=\"https:\/\/www.tgrthaber.com\/mavikadin\/wp-content\/uploads\/dogukan-gungor-rusya-da-buyuk-ilgi-gordu-300x169.jpg\" alt=\"\" width=\"1208\" height=\"680\" title=\"\" srcset=\"https:\/\/www.tgrthaber.com\/mavikadin\/wp-content\/uploads\/dogukan-gungor-rusya-da-buyuk-ilgi-gordu-300x169.jpg 300w, https:\/\/www.tgrthaber.com\/mavikadin\/wp-content\/uploads\/dogukan-gungor-rusya-da-buyuk-ilgi-gordu-1024x576.jpg 1024w, https:\/\/www.tgrthaber.com\/mavikadin\/wp-content\/uploads\/dogukan-gungor-rusya-da-buyuk-ilgi-gordu-768x432.jpg 768w, https:\/\/www.tgrthaber.com\/mavikadin\/wp-content\/uploads\/dogukan-gungor-rusya-da-buyuk-ilgi-gordu-1536x864.jpg 1536w, https:\/\/www.tgrthaber.com\/mavikadin\/wp-content\/uploads\/dogukan-gungor-rusya-da-buyuk-ilgi-gordu.jpg 1920w\" sizes=\"(max-width: 1208px) 100vw, 1208px\" \/><\/p>\n<hr \/>\n<h3>DO\u011eUKAN G\u00dcNG\u00d6R ONUR KONU\u011eU OLARAK KATILDI<\/h3>\n<p>K\u0131z\u0131lc\u0131k \u015eerbeti dizisi 103. b\u00f6l\u00fcmde sezon finali yapm\u0131\u015ft\u0131. Dizinin ba\u015far\u0131l\u0131 oyuncular\u0131ndan Do\u011fukan G\u00fcng\u00f6r, Rusya\u2019n\u0131n So\u00e7i kentinde d\u00fczenlenen Avrasya Film Festivali\u2019ne kat\u0131ld\u0131.<\/p>\n<div style=\"width: 356px;\" class=\"wp-video\"><!--[if lt IE 9]><script>document.createElement('video');<\/script><![endif]-->\n<video class=\"wp-video-shortcode\" id=\"video-188403-1\" width=\"356\" height=\"640\" preload=\"metadata\" controls=\"controls\"><source type=\"video\/mp4\" src=\"https:\/\/www.tgrthaber.com\/mavikadin\/wp-content\/uploads\/dogukan-gungore-rusyada-buyuk-ilgi.mp4?_=1\" \/><a href=\"https:\/\/www.tgrthaber.com\/mavikadin\/wp-content\/uploads\/dogukan-gungore-rusyada-buyuk-ilgi.mp4\">https:\/\/www.tgrthaber.com\/mavikadin\/wp-content\/uploads\/dogukan-gungore-rusyada-buyuk-ilgi.mp4<\/a><\/video><\/div>\n<hr \/>\n<p>Avrasya Film Festivali&#8217;nin a\u00e7\u0131l\u0131\u015f galas\u0131na ba\u015far\u0131l\u0131 oyuncu Do\u011fukan G\u00fcng\u00f6r de onur konu\u011fu olarak kat\u0131ld\u0131. Rusya\u2019da da yay\u0131nlanan K\u0131z\u0131lc\u0131k \u015eerbeti dizisiyle b\u00fcy\u00fck hayran kitlesine sahip olan G\u00fcng\u00f6r festival alan\u0131nda hayranlar\u0131 taraf\u0131ndan b\u00fcy\u00fck ilgi g\u00f6rd\u00fc.<\/p>\n<p><img loading=\"lazy\" decoding=\"async\" class=\"alignnone wp-image-188410\" src=\"https:\/\/www.tgrthaber.com\/mavikadin\/wp-content\/uploads\/dogukan-gungor-rusya-avrasya-film-festvalinin-onur-konugu-300x169.jpg\" alt=\"\" width=\"1208\" height=\"680\" title=\"\" srcset=\"https:\/\/www.tgrthaber.com\/mavikadin\/wp-content\/uploads\/dogukan-gungor-rusya-avrasya-film-festvalinin-onur-konugu-300x169.jpg 300w, https:\/\/www.tgrthaber.com\/mavikadin\/wp-content\/uploads\/dogukan-gungor-rusya-avrasya-film-festvalinin-onur-konugu-1024x576.jpg 1024w, https:\/\/www.tgrthaber.com\/mavikadin\/wp-content\/uploads\/dogukan-gungor-rusya-avrasya-film-festvalinin-onur-konugu-768x432.jpg 768w, https:\/\/www.tgrthaber.com\/mavikadin\/wp-content\/uploads\/dogukan-gungor-rusya-avrasya-film-festvalinin-onur-konugu-1536x864.jpg 1536w, https:\/\/www.tgrthaber.com\/mavikadin\/wp-content\/uploads\/dogukan-gungor-rusya-avrasya-film-festvalinin-onur-konugu.jpg 1920w\" sizes=\"(max-width: 1208px) 100vw, 1208px\" \/><\/p>\n<hr \/>\n<h3>T\u00dcRK\u0130YE\u2019DEN 3 F\u0130LM YER ALDI<\/h3>\n<p>Rusya\u2019da d\u00fczenlenen Avrasya Film Festivali\u2019nde T\u00fcrkiye\u2019den de 3 film yer ald\u0131. 13 Haziran\u2019a kadar s\u00fcrecek olan eski ad\u0131 So\u00e7i Film Festivali olan organizasyona T\u00fcrkiye 3 filmle kat\u0131l\u0131yor. 2025 y\u0131l\u0131nda b\u00fct\u00fcn film festivallerinde b\u00fcy\u00fck ilgi g\u00f6ren Alt\u0131n Portakal \u00f6d\u00fcll\u00fc Mukadderat, yap\u0131mc\u0131l\u0131\u011f\u0131n\u0131 Alican Erk\u0131l\u0131\u00e7 Yormaz&#8217;\u0131n \u00fcstlendi\u011fi Rehber ve Sema G\u00fcler&#8221;in y\u00f6netti\u011fi Kabuk adl\u0131 k\u0131sa metraj film festivalde yer alan filmler aras\u0131ndad\u0131r. T\u00fcrk oyuncular\u0131n\u0131n yabanc\u0131 etkinliklerde boy g\u00f6stermesi uluslararas\u0131 platformda geni\u015f kitlelere kadar ula\u015f\u0131m sa\u011fl\u0131yor.<\/p>\n","protected":false},"excerpt":{"rendered":"<p>K\u0131z\u0131lc\u0131k \u015eerbeti dizisinin ba\u015frol oyuncular\u0131ndan Do\u011fukan G\u00fcng\u00f6r, tatil keyfini yar\u0131da kesti. \u00dcnl\u00fc oyuncu Do\u011fukan G\u00fcng\u00f6r Rusya\u2019da 25. Kez d\u00fczenlenen Avrasya Film Festivaline kat\u0131ld\u0131. \u00dcnl\u00fc oyuncu k\u0131rm\u0131z\u0131 hal\u0131da b\u00fcy\u00fck ilgi g\u00f6rd\u00fc. Do\u011fukan G\u00fcng\u00f6r\u2019\u00fcn o anlar\u0131 sosyal medyada da b\u00fcy\u00fck ilgi g\u00f6rd\u00fc. <\/p>\n","protected":false},"author":10,"featured_media":188411,"comment_status":"closed","ping_status":"closed","sticky":false,"template":"","format":"standard","meta":{"rank_math_lock_modified_date":false,"footnotes":""},"categories":[76],"tags":[24049,24048,133,2218],"class_list":["post-188403","post","type-post","status-publish","format-standard","has-post-thumbnail","hentry","category-magazin","tag-avrasya-film-festivali-rusya","tag-dogukan-gungor-rusya","tag-magazin","tag-magazin-haberleri"],"_links":{"self":[{"href":"https:\/\/www.tgrthaber.com\/mavikadin\/wp-json\/wp\/v2\/posts\/188403"}],"collection":[{"href":"https:\/\/www.tgrthaber.com\/mavikadin\/wp-json\/wp\/v2\/posts"}],"about":[{"href":"https:\/\/www.tgrthaber.com\/mavikadin\/wp-json\/wp\/v2\/types\/post"}],"author":[{"embeddable":true,"href":"https:\/\/www.tgrthaber.com\/mavikadin\/wp-json\/wp\/v2\/users\/10"}],"replies":[{"embeddable":true,"href":"https:\/\/www.tgrthaber.com\/mavikadin\/wp-json\/wp\/v2\/comments?post=188403"}],"version-history":[{"count":3,"href":"https:\/\/www.tgrthaber.com\/mavikadin\/wp-json\/wp\/v2\/posts\/188403\/revisions"}],"predecessor-version":[{"id":188989,"href":"https:\/\/www.tgrthaber.com\/mavikadin\/wp-json\/wp\/v2\/posts\/188403\/revisions\/188989"}],"wp:featuredmedia":[{"embeddable":true,"href":"https:\/\/www.tgrthaber.com\/mavikadin\/wp-json\/wp\/v2\/media\/188411"}],"wp:attachment":[{"href":"https:\/\/www.tgrthaber.com\/mavikadin\/wp-json\/wp\/v2\/media?parent=188403"}],"wp:term":[{"taxonomy":"category","embeddable":true,"href":"https:\/\/www.tgrthaber.com\/mavikadin\/wp-json\/wp\/v2\/categories?post=188403"},{"taxonomy":"post_tag","embeddable":true,"href":"https:\/\/www.tgrthaber.com\/mavikadin\/wp-json\/wp\/v2\/tags?post=188403"}],"curies":[{"name":"wp","href":"https:\/\/api.w.org\/{rel}","templated":true}]}}