{"id":188417,"date":"2025-06-07T21:35:22","date_gmt":"2025-06-07T18:35:22","guid":{"rendered":"https:\/\/www.tgrthaber.com\/mavikadin\/?p=188417"},"modified":"2025-06-07T21:37:28","modified_gmt":"2025-06-07T18:37:28","slug":"nihal-candanin-kalbi-iki-kez-durdu-yogun-bakim-sureciyle-ilgili-yeni-detay","status":"publish","type":"post","link":"https:\/\/www.tgrthaber.com\/mavikadin\/nihal-candanin-kalbi-iki-kez-durdu-yogun-bakim-sureciyle-ilgili-yeni-detay\/","title":{"rendered":"Nihal Candan\u2019\u0131n kalbi iki kez durdu! Yo\u011fun bak\u0131m s\u00fcreciyle ilgili yeni detay"},"content":{"rendered":"<p>Bir d\u00f6nem sosyal medya payla\u015f\u0131mlar\u0131 ve TV programlar\u0131yla ad\u0131ndan s\u00f6z ettiren Nihal Candan\u2019dan k\u0131sa bir s\u00fcre \u00f6nce \u00fcz\u00fcc\u00fc haber geldi. Cezaevinde ge\u00e7irdi\u011fi zorlu s\u00fcre\u00e7 sonras\u0131 ciddi sa\u011fl\u0131k sorunlar\u0131yla m\u00fccadele eden Candan, yeniden hastaneye kald\u0131r\u0131ld\u0131. Cezaevindeyken 37 kiloya kadar d\u00fc\u015fen ve son olarak 29,5 kiloya indi\u011fi a\u00e7\u0131klanan Nihal Candan, \u015fu anda hastanede ya\u015fam sava\u015f\u0131 veriyor. Son olarak, Candan\u2019\u0131n ge\u00e7irdi\u011fi krizler sonras\u0131 iki kez kalp durmas\u0131 ya\u015fad\u0131\u011f\u0131, yap\u0131lan m\u00fcdahalelerle hayata d\u00f6nd\u00fcr\u00fcld\u00fc\u011f\u00fc a\u00e7\u0131kland\u0131. \u0130\u015fte Nihal Candan&#8217;\u0131n yo\u011fun bak\u0131m s\u00fcrecine dair yeni detaylar&#8230;<\/p>\n<h3>YO\u011eUN BAKIMDA KALB\u0130 \u0130K\u0130 KEZ DURDU!<\/h3>\n<p>Son g\u00fcnlerde yeniden zay\u0131flayan ve g\u00f6zle g\u00f6r\u00fcl\u00fcr \u015fekilde g\u00fc\u00e7s\u00fczle\u015fti\u011fi dikkat \u00e7eken Candan\u2019\u0131n sa\u011fl\u0131k durumu ciddi boyutlara ula\u015ft\u0131.<\/p>\n<p><img loading=\"lazy\" decoding=\"async\" class=\"alignnone wp-image-188419\" src=\"https:\/\/www.tgrthaber.com\/mavikadin\/wp-content\/uploads\/nihak-candan-jbfp-300x169.webp\" alt=\"\" width=\"1208\" height=\"679\" title=\"\" srcset=\"https:\/\/www.tgrthaber.com\/mavikadin\/wp-content\/uploads\/nihak-candan-jbfp-300x169.webp 300w, https:\/\/www.tgrthaber.com\/mavikadin\/wp-content\/uploads\/nihak-candan-jbfp-768x432.webp 768w, https:\/\/www.tgrthaber.com\/mavikadin\/wp-content\/uploads\/nihak-candan-jbfp.webp 820w\" sizes=\"(max-width: 1208px) 100vw, 1208px\" \/><\/p>\n<hr \/>\n<p>Tasar\u0131mc\u0131 P\u0131nar Kerimo\u011flu\u2019nun verdi\u011fi bilgilere g\u00f6re, Candan spor yapt\u0131\u011f\u0131 s\u0131rada aniden fenala\u015ft\u0131. Yap\u0131lan tetkikler sonucunda organ yetmezli\u011fi belirtisi g\u00f6sterdi\u011fi ve hastaneye kald\u0131r\u0131ld\u0131\u011f\u0131 a\u00e7\u0131kland\u0131. Candan&#8217;\u0131n tedavi s\u00fcreci boyunca kalbinin iki kez durdu\u011fu ve yeniden hayata d\u00f6nd\u00fcr\u00fcld\u00fc\u011f\u00fc \u00f6\u011frenildi.<\/p>\n<p><img loading=\"lazy\" decoding=\"async\" class=\"alignnone wp-image-188420\" src=\"https:\/\/www.tgrthaber.com\/mavikadin\/wp-content\/uploads\/1200x628-1-1-300x157.jpeg\" alt=\"\" width=\"1208\" height=\"632\" title=\"\" srcset=\"https:\/\/www.tgrthaber.com\/mavikadin\/wp-content\/uploads\/1200x628-1-1-300x157.jpeg 300w, https:\/\/www.tgrthaber.com\/mavikadin\/wp-content\/uploads\/1200x628-1-1-1024x536.jpeg 1024w, https:\/\/www.tgrthaber.com\/mavikadin\/wp-content\/uploads\/1200x628-1-1-768x402.jpeg 768w, https:\/\/www.tgrthaber.com\/mavikadin\/wp-content\/uploads\/1200x628-1-1.jpeg 1200w\" sizes=\"(max-width: 1208px) 100vw, 1208px\" \/><\/p>\n<hr \/>\n<h3>K\u0130LOSU 29 BU\u00c7U\u011eA D\u00dc\u015eT\u00dc<\/h3>\n<p>Daha \u00f6nce cezaevinde kald\u0131\u011f\u0131 d\u00f6nemde 37 kiloya kadar d\u00fc\u015fen Nihal Candan, \u015fimdilerde ise sadece 29,5 kilo a\u011f\u0131rl\u0131\u011f\u0131nda.<\/p>\n<p>Bu de\u011fer, bir yeti\u015fkin i\u00e7in hayati risk ta\u015f\u0131yan s\u0131n\u0131rlar\u0131n olduk\u00e7a alt\u0131nda. A\u015f\u0131r\u0131 kilo kayb\u0131 nedeniyle ba\u011f\u0131\u015f\u0131kl\u0131k sisteminin \u00e7\u00f6kt\u00fc\u011f\u00fc ve v\u00fccudun temel fonksiyonlar\u0131n\u0131 yerine getirmekte zorland\u0131\u011f\u0131 belirtiliyor. Yo\u011fun bak\u0131mda uygulanan tedavi ise \u015fimdilik destekleyici nitelikte ilerliyor.<\/p>\n<p><img loading=\"lazy\" decoding=\"async\" class=\"alignnone wp-image-188421\" src=\"https:\/\/www.tgrthaber.com\/mavikadin\/wp-content\/uploads\/Adsiz-tasarim-9-21-300x169.png\" alt=\"\" width=\"1208\" height=\"680\" title=\"\" srcset=\"https:\/\/www.tgrthaber.com\/mavikadin\/wp-content\/uploads\/Adsiz-tasarim-9-21-300x169.png 300w, https:\/\/www.tgrthaber.com\/mavikadin\/wp-content\/uploads\/Adsiz-tasarim-9-21-1024x576.png 1024w, https:\/\/www.tgrthaber.com\/mavikadin\/wp-content\/uploads\/Adsiz-tasarim-9-21-768x432.png 768w, https:\/\/www.tgrthaber.com\/mavikadin\/wp-content\/uploads\/Adsiz-tasarim-9-21-1536x864.png 1536w, https:\/\/www.tgrthaber.com\/mavikadin\/wp-content\/uploads\/Adsiz-tasarim-9-21.png 1920w\" sizes=\"(max-width: 1208px) 100vw, 1208px\" \/><\/p>\n<hr \/>\n<h3>BAHAR CANDAN PAYLA\u015eIMLARINA DEVAM ED\u0130YOR<\/h3>\n<p>Nihal Candan\u2019\u0131n karde\u015fi Bahar Candan da sosyal medya \u00fczerinden yapt\u0131\u011f\u0131 duygusal payla\u015f\u0131mlarla dikkat \u00e7ekiyor. &#8220;Abla l\u00fctfen \u00f6lme&#8221; c\u00fcmlesiyle ablas\u0131na seslenen Bahar Candan, takip\u00e7ilerini duyguland\u0131rd\u0131.<\/p>\n<p>Son olarak, Nihal Candan\u2019\u0131n hastane yata\u011f\u0131nda \u00e7ekilen bir foto\u011fraf\u0131n\u0131 payla\u015farak &#8220;Payla\u015fmam\u0131 istediler, daha iyi olacak&#8221; notunu d\u00fc\u015ft\u00fc. Payla\u015f\u0131mda ablas\u0131n\u0131n koluna tak\u0131lan serumlar ve a\u015f\u0131r\u0131 zay\u0131fl\u0131\u011f\u0131 dikkatlerden ka\u00e7mad\u0131.<\/p>\n<p><img loading=\"lazy\" decoding=\"async\" class=\"alignnone wp-image-188422\" src=\"https:\/\/www.tgrthaber.com\/mavikadin\/wp-content\/uploads\/site-kapak-2-2-46-300x176.webp\" alt=\"\" width=\"1208\" height=\"709\" title=\"\" srcset=\"https:\/\/www.tgrthaber.com\/mavikadin\/wp-content\/uploads\/site-kapak-2-2-46-300x176.webp 300w, https:\/\/www.tgrthaber.com\/mavikadin\/wp-content\/uploads\/site-kapak-2-2-46-768x451.webp 768w, https:\/\/www.tgrthaber.com\/mavikadin\/wp-content\/uploads\/site-kapak-2-2-46.webp 860w\" sizes=\"(max-width: 1208px) 100vw, 1208px\" \/><\/p>\n<hr \/>\n<h3>HUKUK S\u00dcREC\u0130 SONRASI SA\u011eLIK SIKINTILARI BA\u015eLADI<\/h3>\n<p>Hat\u0131rlanaca\u011f\u0131 \u00fczere Bahar ve Nihal Candan karde\u015fler, \u2018doland\u0131r\u0131c\u0131l\u0131k\u2019 ve \u2018kara para aklama\u2019 iddialar\u0131yla bir s\u00fcre \u00f6nce g\u00f6zalt\u0131na al\u0131nm\u0131\u015f, sonras\u0131nda tutuklanarak cezaevine g\u00f6nderilmi\u015fti. \u00d6zellikle Nihal Candan, cezaevinde kald\u0131\u011f\u0131 s\u00fcrede ciddi bir yeme bozuklu\u011fu geli\u015ftirmi\u015f, psikolojik bask\u0131 ve yetersiz beslenme nedeniyle sa\u011fl\u0131k sorunlar\u0131 ba\u015f g\u00f6stermi\u015fti. Serbest kald\u0131ktan sonra ise fiziksel toparlanma s\u00fcreci istenildi\u011fi gibi ilerlememi\u015fti.<\/p>\n<p><img loading=\"lazy\" decoding=\"async\" class=\"alignnone wp-image-188423\" src=\"https:\/\/www.tgrthaber.com\/mavikadin\/wp-content\/uploads\/Adsiz-tasarim-3-33-300x169.png\" alt=\"\" width=\"1208\" height=\"680\" title=\"\" srcset=\"https:\/\/www.tgrthaber.com\/mavikadin\/wp-content\/uploads\/Adsiz-tasarim-3-33-300x169.png 300w, https:\/\/www.tgrthaber.com\/mavikadin\/wp-content\/uploads\/Adsiz-tasarim-3-33-1024x576.png 1024w, https:\/\/www.tgrthaber.com\/mavikadin\/wp-content\/uploads\/Adsiz-tasarim-3-33-768x432.png 768w, https:\/\/www.tgrthaber.com\/mavikadin\/wp-content\/uploads\/Adsiz-tasarim-3-33-1536x864.png 1536w, https:\/\/www.tgrthaber.com\/mavikadin\/wp-content\/uploads\/Adsiz-tasarim-3-33.png 1920w\" sizes=\"(max-width: 1208px) 100vw, 1208px\" \/><\/p>\n<hr \/>\n<h3>SEVENLER\u0130NDEN DESTEK VE DUA MESAJLARI YA\u011eIYOR<\/h3>\n<p>Nihal Candan&#8217;\u0131n yo\u011fun bak\u0131mda ya\u015fam m\u00fccadelesi vermesi sonras\u0131 sosyal medya platformlar\u0131nda bir\u00e7ok kullan\u0131c\u0131 destek mesajlar\u0131 payla\u015fmaya ba\u015flad\u0131. &#8220;Dualar\u0131m\u0131z seninle&#8221;, &#8220;Dayan Nihal&#8221; gibi etiketlerle Candan\u2019a moral verilmesi ama\u00e7lan\u0131yor.<\/p>\n<p>Nihal Candan hen\u00fcz hayati tehlikeyi atlatamad\u0131. Sa\u011fl\u0131k durumuyla ilgili geli\u015fmeler ise yak\u0131ndan takip ediliyor.<\/p>\n","protected":false},"excerpt":{"rendered":"<p>Sosyal medya payla\u015f\u0131mlar\u0131yla tan\u0131nan Nihal Candan, ya\u015fad\u0131\u011f\u0131 ciddi sa\u011fl\u0131k sorunlar\u0131 nedeniyle bir s\u00fcredir hastanede tedavi g\u00f6r\u00fcyordu. Kilosunun 29,5\u2019a kadar d\u00fc\u015ft\u00fc\u011f\u00fc a\u00e7\u0131klanan Candan\u2019\u0131n, yo\u011fun bak\u0131m s\u00fcrecinde kalbinin iki kez durdu\u011fu ortaya \u00e7\u0131kt\u0131. Durumu ciddiyetini korurken, tedavi s\u00fcreci yak\u0131ndan izleniyor. \u0130\u015fte detaylar\u2026<\/p>\n","protected":false},"author":35,"featured_media":188418,"comment_status":"closed","ping_status":"closed","sticky":false,"template":"","format":"standard","meta":{"rank_math_lock_modified_date":false,"footnotes":""},"categories":[76],"tags":[133,8476,24053,23932,24054],"class_list":["post-188417","post","type-post","status-publish","format-standard","has-post-thumbnail","hentry","category-magazin","tag-magazin","tag-nihal-candan","tag-nihal-candan-kalbi-durdu","tag-nihal-candan-yogun-bakim","tag-organ-yetmezligi"],"_links":{"self":[{"href":"https:\/\/www.tgrthaber.com\/mavikadin\/wp-json\/wp\/v2\/posts\/188417"}],"collection":[{"href":"https:\/\/www.tgrthaber.com\/mavikadin\/wp-json\/wp\/v2\/posts"}],"about":[{"href":"https:\/\/www.tgrthaber.com\/mavikadin\/wp-json\/wp\/v2\/types\/post"}],"author":[{"embeddable":true,"href":"https:\/\/www.tgrthaber.com\/mavikadin\/wp-json\/wp\/v2\/users\/35"}],"replies":[{"embeddable":true,"href":"https:\/\/www.tgrthaber.com\/mavikadin\/wp-json\/wp\/v2\/comments?post=188417"}],"version-history":[{"count":3,"href":"https:\/\/www.tgrthaber.com\/mavikadin\/wp-json\/wp\/v2\/posts\/188417\/revisions"}],"predecessor-version":[{"id":188426,"href":"https:\/\/www.tgrthaber.com\/mavikadin\/wp-json\/wp\/v2\/posts\/188417\/revisions\/188426"}],"wp:featuredmedia":[{"embeddable":true,"href":"https:\/\/www.tgrthaber.com\/mavikadin\/wp-json\/wp\/v2\/media\/188418"}],"wp:attachment":[{"href":"https:\/\/www.tgrthaber.com\/mavikadin\/wp-json\/wp\/v2\/media?parent=188417"}],"wp:term":[{"taxonomy":"category","embeddable":true,"href":"https:\/\/www.tgrthaber.com\/mavikadin\/wp-json\/wp\/v2\/categories?post=188417"},{"taxonomy":"post_tag","embeddable":true,"href":"https:\/\/www.tgrthaber.com\/mavikadin\/wp-json\/wp\/v2\/tags?post=188417"}],"curies":[{"name":"wp","href":"https:\/\/api.w.org\/{rel}","templated":true}]}}