{"id":188427,"date":"2025-06-07T21:59:24","date_gmt":"2025-06-07T18:59:24","guid":{"rendered":"https:\/\/www.tgrthaber.com\/mavikadin\/?p=188427"},"modified":"2025-06-07T22:00:31","modified_gmt":"2025-06-07T19:00:31","slug":"demet-akalin-sosyal-medyadaki-tepkiler-uzerine-aciklama-yapti-gidecegim-minigi-gormeye-merak-etmeyin","status":"publish","type":"post","link":"https:\/\/www.tgrthaber.com\/mavikadin\/demet-akalin-sosyal-medyadaki-tepkiler-uzerine-aciklama-yapti-gidecegim-minigi-gormeye-merak-etmeyin\/","title":{"rendered":"Demet Akal\u0131n sosyal medyadaki tepkiler \u00fczerine a\u00e7\u0131klama yapt\u0131! \u201c Gidece\u011fim mini\u011fi g\u00f6rmeye merak etmeyin\u201d"},"content":{"rendered":"<p>6 Haziran 2025 Cuma ak\u015fam\u0131 Yalova\u2019da sahne alan Demet Akal\u0131n, hem sahne \u00f6ncesi ge\u00e7irdi\u011fi kaza hem de sahnede k\u0131z \u00e7ocu\u011funa kar\u015f\u0131 g\u00f6sterdi\u011fi beden dili y\u00fcz\u00fcnden sosyal medyada g\u00fcndem oldu. \u00dcnl\u00fc \u015fark\u0131c\u0131 sahneye \u00e7\u0131kmadan \u00f6nce parmaklar\u0131n\u0131n kap\u0131ya s\u0131k\u0131\u015fmas\u0131ndan dolay\u0131 zor anlar ya\u015fad\u0131. Elinin ac\u0131s\u0131na ra\u011fmen sahneye \u00e7\u0131kan Demet Akal\u0131n, k\u0131z \u00e7ocu\u011funa sar\u0131lmad\u0131\u011f\u0131 anlar sosyal medya kullan\u0131c\u0131lar\u0131 taraf\u0131ndan tepkiyle kar\u015f\u0131land\u0131.<\/p>\n<h3>DEMET AKALIN KONSER \u00d6NCES\u0130 PARMAKLARINI SIKI\u015eTIRDI<\/h3>\n<p>\u00dcnl\u00fc \u015fark\u0131c\u0131 Demet Akal\u0131n, d\u00fcn ak\u015fam Yalova\u2019da sevenleriyle bulu\u015ftu. E\u011flenceli \u015fark\u0131lar\u0131yla gelenlere keyifli anlar ya\u015fatan Akal\u0131n, sahne \u00f6ncesinde ufak bir kaza ge\u00e7irdi. Konser \u00f6ncesi haz\u0131rl\u0131k \u00e7al\u0131\u015fmalar\u0131 yap\u0131l\u0131rken, foto\u011fraf\u00e7\u0131n\u0131n dikkatsizli\u011finden kaynakl\u0131 olarak parmaklar\u0131n\u0131 kap\u0131ya s\u0131k\u0131\u015ft\u0131rd\u0131. \u00dcnl\u00fc \u015fark\u0131c\u0131 Demet Akal\u0131n, parmaklar\u0131n\u0131n ac\u0131s\u0131na zar zor dayanarak, sahneye \u00e7\u0131kt\u0131. Birbirinden hit olan \u015fark\u0131lar\u0131n\u0131n kendisini dinleyenler i\u00e7in seslendirdi.<\/p>\n<p><img loading=\"lazy\" decoding=\"async\" class=\"alignnone wp-image-188428\" src=\"https:\/\/www.tgrthaber.com\/mavikadin\/wp-content\/uploads\/demet-akalin-parmaklarini-sikistirdi-300x169.jpg\" alt=\"\" width=\"1208\" height=\"680\" title=\"\" srcset=\"https:\/\/www.tgrthaber.com\/mavikadin\/wp-content\/uploads\/demet-akalin-parmaklarini-sikistirdi-300x169.jpg 300w, https:\/\/www.tgrthaber.com\/mavikadin\/wp-content\/uploads\/demet-akalin-parmaklarini-sikistirdi-1024x576.jpg 1024w, https:\/\/www.tgrthaber.com\/mavikadin\/wp-content\/uploads\/demet-akalin-parmaklarini-sikistirdi-768x432.jpg 768w, https:\/\/www.tgrthaber.com\/mavikadin\/wp-content\/uploads\/demet-akalin-parmaklarini-sikistirdi-1536x864.jpg 1536w, https:\/\/www.tgrthaber.com\/mavikadin\/wp-content\/uploads\/demet-akalin-parmaklarini-sikistirdi.jpg 1920w\" sizes=\"(max-width: 1208px) 100vw, 1208px\" \/><\/p>\n<hr \/>\n<p>Demet Akal\u0131n, konser sonras\u0131nda ge\u00e7irdi\u011fi kaza hakk\u0131nda sosyal medyas\u0131nda a\u00e7\u0131klama yapt\u0131. Akal\u0131n, \u201c Sahneye \u00e7\u0131karken foto\u011fraf\u00e7\u0131m\u0131n kulis kap\u0131s\u0131na s\u0131k\u0131\u015ft\u0131rd\u0131\u011f\u0131 parmaklar! \u0130yi ki kopmad\u0131&#8230; B\u00fct\u00fcn gece \u015fark\u0131 aras\u0131 buz kovas\u0131! Bayram ac\u0131s\u0131 bu olsun.\u201d notuyla ifade etti.<\/p>\n<p><img loading=\"lazy\" decoding=\"async\" class=\"alignnone wp-image-188429\" src=\"https:\/\/www.tgrthaber.com\/mavikadin\/wp-content\/uploads\/demet-akalin-minigi-gormeye-gidecegim-300x169.jpg\" alt=\"\" width=\"1208\" height=\"680\" title=\"\" srcset=\"https:\/\/www.tgrthaber.com\/mavikadin\/wp-content\/uploads\/demet-akalin-minigi-gormeye-gidecegim-300x169.jpg 300w, https:\/\/www.tgrthaber.com\/mavikadin\/wp-content\/uploads\/demet-akalin-minigi-gormeye-gidecegim-1024x576.jpg 1024w, https:\/\/www.tgrthaber.com\/mavikadin\/wp-content\/uploads\/demet-akalin-minigi-gormeye-gidecegim-768x432.jpg 768w, https:\/\/www.tgrthaber.com\/mavikadin\/wp-content\/uploads\/demet-akalin-minigi-gormeye-gidecegim-1536x864.jpg 1536w, https:\/\/www.tgrthaber.com\/mavikadin\/wp-content\/uploads\/demet-akalin-minigi-gormeye-gidecegim.jpg 1920w\" sizes=\"(max-width: 1208px) 100vw, 1208px\" \/><\/p>\n<hr \/>\n<h3>DEMET AKALIN\u2019A SOSYAL MEDYADAN TEPK\u0130 YA\u011eDI<\/h3>\n<p>T\u00fcrk Pop M\u00fczi\u011finin krali\u00e7esi \u00fcnvan\u0131na sahip Demet Akal\u0131n, Yalova konserinde \u015fark\u0131lar\u0131yla hayranlar\u0131na unutulmaz bir gece ya\u015fatt\u0131. Akal\u0131n, parmaklar\u0131n\u0131n ac\u0131s\u0131na ra\u011fmen sahnede \u015fark\u0131lar\u0131n\u0131 s\u00f6ylemeye, dinleyicilerine keyifli anlar ya\u015fatmaya devam etti. Konser s\u0131ras\u0131nda bir minik k\u0131z \u00e7ocu\u011fu sahneye \u00e7\u0131karak Demet Akal\u0131n\u2019a sar\u0131lmak istedi. Dinleyicilerden birinin kameras\u0131na yans\u0131yan g\u00f6r\u00fcnt\u00fcler sosyal medyada viral oldu. Demet Akal\u0131n\u2019\u0131n sahneye \u00e7\u0131kan k\u00fc\u00e7\u00fck k\u0131z \u00e7ocu\u011funa sar\u0131lmadan arkas\u0131n\u0131 d\u00f6n\u00fcp gitmesi sosyal medya kullan\u0131c\u0131lar\u0131 taraf\u0131ndan a\u011f\u0131r ele\u015ftiriler ald\u0131. \u00dcnl\u00fc \u015fark\u0131c\u0131n\u0131n tavr\u0131n\u0131 yanl\u0131\u015f bulan sosyal medya kullan\u0131c\u0131lar\u0131 Akal\u0131n hakk\u0131nda bir s\u00fcr\u00fc yorum yapt\u0131.<\/p>\n<div style=\"width: 640px;\" class=\"wp-video\"><!--[if lt IE 9]><script>document.createElement('video');<\/script><![endif]-->\n<video class=\"wp-video-shortcode\" id=\"video-188427-1\" width=\"640\" height=\"1138\" preload=\"metadata\" controls=\"controls\"><source type=\"video\/mp4\" src=\"https:\/\/www.tgrthaber.com\/mavikadin\/wp-content\/uploads\/demet-akalin-gidecegim-minigi-gormeye.mp4?_=1\" \/><a href=\"https:\/\/www.tgrthaber.com\/mavikadin\/wp-content\/uploads\/demet-akalin-gidecegim-minigi-gormeye.mp4\">https:\/\/www.tgrthaber.com\/mavikadin\/wp-content\/uploads\/demet-akalin-gidecegim-minigi-gormeye.mp4<\/a><\/video><\/div>\n<hr \/>\n<h3>DEMET AKALIN \u201c G\u0130DECE\u011e\u0130M M\u0130N\u0130Y\u0130 G\u00d6RMEYE\u201d<\/h3>\n<p>Demet Akal\u0131n, d\u00fcn ak\u015fam sahnede ger\u00e7ekle\u015fen olay hakk\u0131nda sosyal medyas\u0131ndan a\u00e7\u0131klama yapt\u0131. \u00dcnl\u00fc \u015fark\u0131c\u0131, ya\u015fan\u0131lan durumun yanl\u0131\u015f anla\u015f\u0131ld\u0131\u011f\u0131 ifade etti. Akal\u0131n, resmi instagram hesab\u0131ndan yay\u0131nlad\u0131\u011f\u0131 videoda \u201c Ac\u0131mdan k\u0131za da sar\u0131lam\u0131yorum elim sakat. Sabahtan beri yazm\u0131\u015flar merak etmeyin ailesi ile konu\u015ftum. Anneci\u011fi ile konu\u015ftum. Onu g\u00f6rmeye gidece\u011fiz.\u201d diyerek foto\u011fraf\u00e7\u0131s\u0131 Do\u011fu\u015f ile a\u00e7\u0131klama yapt\u0131.<\/p>\n","protected":false},"excerpt":{"rendered":"<p>T\u00fcrk Pop M\u00fczi\u011finin krali\u00e7esi Demet Akal\u0131n, d\u00fcn ak\u015fam Yalova\u2019da sahne ald\u0131. \u00dcnl\u00fc \u015fark\u0131c\u0131 Demet Akal\u0131n, sahnede \u015fark\u0131 s\u00f6yledi\u011fi s\u0131rada k\u00fc\u00e7\u00fck bir k\u0131z \u00e7ocu\u011funun ona sar\u0131lmak i\u00e7in sahneye \u00e7\u0131kt\u0131. Akal\u0131n\u2019\u0131n k\u0131z \u00e7ocu\u011funa sar\u0131lmamas\u0131 sosyal medyada b\u00fcy\u00fck tepkilere neden oldu. \u00dcnl\u00fc \u015fark\u0131c\u0131dan konuya ili\u015fkin a\u00e7\u0131klama geldi. <\/p>\n","protected":false},"author":10,"featured_media":188433,"comment_status":"closed","ping_status":"closed","sticky":false,"template":"","format":"standard","meta":{"rank_math_lock_modified_date":false,"footnotes":""},"categories":[76],"tags":[130,24055,133,2218],"class_list":["post-188427","post","type-post","status-publish","format-standard","has-post-thumbnail","hentry","category-magazin","tag-demet-akalin","tag-demet-akalin-konser","tag-magazin","tag-magazin-haberleri"],"_links":{"self":[{"href":"https:\/\/www.tgrthaber.com\/mavikadin\/wp-json\/wp\/v2\/posts\/188427"}],"collection":[{"href":"https:\/\/www.tgrthaber.com\/mavikadin\/wp-json\/wp\/v2\/posts"}],"about":[{"href":"https:\/\/www.tgrthaber.com\/mavikadin\/wp-json\/wp\/v2\/types\/post"}],"author":[{"embeddable":true,"href":"https:\/\/www.tgrthaber.com\/mavikadin\/wp-json\/wp\/v2\/users\/10"}],"replies":[{"embeddable":true,"href":"https:\/\/www.tgrthaber.com\/mavikadin\/wp-json\/wp\/v2\/comments?post=188427"}],"version-history":[{"count":2,"href":"https:\/\/www.tgrthaber.com\/mavikadin\/wp-json\/wp\/v2\/posts\/188427\/revisions"}],"predecessor-version":[{"id":188435,"href":"https:\/\/www.tgrthaber.com\/mavikadin\/wp-json\/wp\/v2\/posts\/188427\/revisions\/188435"}],"wp:featuredmedia":[{"embeddable":true,"href":"https:\/\/www.tgrthaber.com\/mavikadin\/wp-json\/wp\/v2\/media\/188433"}],"wp:attachment":[{"href":"https:\/\/www.tgrthaber.com\/mavikadin\/wp-json\/wp\/v2\/media?parent=188427"}],"wp:term":[{"taxonomy":"category","embeddable":true,"href":"https:\/\/www.tgrthaber.com\/mavikadin\/wp-json\/wp\/v2\/categories?post=188427"},{"taxonomy":"post_tag","embeddable":true,"href":"https:\/\/www.tgrthaber.com\/mavikadin\/wp-json\/wp\/v2\/tags?post=188427"}],"curies":[{"name":"wp","href":"https:\/\/api.w.org\/{rel}","templated":true}]}}