{"id":188437,"date":"2025-06-07T22:51:16","date_gmt":"2025-06-07T19:51:16","guid":{"rendered":"https:\/\/www.tgrthaber.com\/mavikadin\/?p=188437"},"modified":"2025-06-07T22:51:16","modified_gmt":"2025-06-07T19:51:16","slug":"roland-garros-2025-sampiyonu-coco-gauff-kimdir-kac-yasinda-coco-gauff-dunya-siralamasinda-kacinci","status":"publish","type":"post","link":"https:\/\/www.tgrthaber.com\/mavikadin\/roland-garros-2025-sampiyonu-coco-gauff-kimdir-kac-yasinda-coco-gauff-dunya-siralamasinda-kacinci\/","title":{"rendered":"Roland Garros 2025 \u015fampiyonu Coco Gauff kimdir ka\u00e7 ya\u015f\u0131nda? Coco Gauff d\u00fcnya s\u0131ralamas\u0131nda ka\u00e7\u0131nc\u0131?"},"content":{"rendered":"<p>Fransa\u2019n\u0131n ba\u015fkenti Paris\u2019te d\u00fczenlenen sezonun en prestijli tenis turnuvalar\u0131ndan biri olan Roland Garros&#8217;ta heyecan dolu bir final geride kald\u0131. Tek kad\u0131nlar \u015fampiyonunun belirlendi\u011fi m\u00fccadelede, ABD\u2019li gen\u00e7 raket Coco Gauff, d\u00fcnya s\u0131ralamas\u0131n\u0131n zirvesindeki Aryna Sabalenka\u2019y\u0131 \u00fc\u00e7 set sonunda ma\u011flup ederek kupaya uzand\u0131. Bu tarihi zafer, Gauff\u2019un yaln\u0131zca korttaki ba\u015far\u0131s\u0131yla de\u011fil, kim oldu\u011fu ve nas\u0131l bir yolculukla bug\u00fcnlere geldi\u011fiyle de merak konusu olmas\u0131na neden oldu. Peki Coco Gauff kimdir, nereli, ka\u00e7 ya\u015f\u0131nda? \u0130\u015fte ba\u015far\u0131larla \u00f6r\u00fcl\u00fc y\u00fckseli\u015f \u00f6yk\u00fcs\u00fc&#8230;<\/p>\n<h3>COCO GAUFF K\u0130MD\u0130R?<\/h3>\n<p>Cori Dionne \u201cCoco\u201d Gauff, 13 Mart 2004\u2019te Amerika Birle\u015fik Devletleri\u2019nin Florida eyaletinde, Delray Beach \u015fehrinde d\u00fcnyaya geldi.<\/p>\n<p><img loading=\"lazy\" decoding=\"async\" class=\"alignnone wp-image-188446\" src=\"https:\/\/www.tgrthaber.com\/mavikadin\/wp-content\/uploads\/coco-gauff-kimdir-kac-yasinda-tenis-kariyeri-300x200.webp\" alt=\"\" width=\"1208\" height=\"805\" title=\"\" srcset=\"https:\/\/www.tgrthaber.com\/mavikadin\/wp-content\/uploads\/coco-gauff-kimdir-kac-yasinda-tenis-kariyeri-300x200.webp 300w, https:\/\/www.tgrthaber.com\/mavikadin\/wp-content\/uploads\/coco-gauff-kimdir-kac-yasinda-tenis-kariyeri-1024x683.webp 1024w, https:\/\/www.tgrthaber.com\/mavikadin\/wp-content\/uploads\/coco-gauff-kimdir-kac-yasinda-tenis-kariyeri-768x512.webp 768w, https:\/\/www.tgrthaber.com\/mavikadin\/wp-content\/uploads\/coco-gauff-kimdir-kac-yasinda-tenis-kariyeri.webp 1500w\" sizes=\"(max-width: 1208px) 100vw, 1208px\" \/><\/p>\n<hr \/>\n<p>Spora yatk\u0131n bir ailede b\u00fcy\u00fcyen Gauff\u2019un annesi eski bir atlet, babas\u0131 ise eski bir basketbol oyuncusuydu. Ailesinin deste\u011fiyle hen\u00fcz 6 ya\u015f\u0131nda tenise ba\u015flayan Coco, k\u0131sa s\u00fcrede \u00fcst\u00fcn yetenekleriyle dikkat \u00e7ekti. K\u00fc\u00e7\u00fck ya\u015flarda kat\u0131ld\u0131\u011f\u0131 turnuvalarda ald\u0131\u011f\u0131 dereceler, onun bu yolda ilerlemesini sa\u011flad\u0131.<\/p>\n<p><img loading=\"lazy\" decoding=\"async\" class=\"alignnone wp-image-188447\" src=\"https:\/\/www.tgrthaber.com\/mavikadin\/wp-content\/uploads\/fransa-acikta-coco-gauff-yari-finale-cikti-rd9z-300x169.webp\" alt=\"\" width=\"1208\" height=\"680\" title=\"\" srcset=\"https:\/\/www.tgrthaber.com\/mavikadin\/wp-content\/uploads\/fransa-acikta-coco-gauff-yari-finale-cikti-rd9z-300x169.webp 300w, https:\/\/www.tgrthaber.com\/mavikadin\/wp-content\/uploads\/fransa-acikta-coco-gauff-yari-finale-cikti-rd9z-1024x576.webp 1024w, https:\/\/www.tgrthaber.com\/mavikadin\/wp-content\/uploads\/fransa-acikta-coco-gauff-yari-finale-cikti-rd9z-768x432.webp 768w, https:\/\/www.tgrthaber.com\/mavikadin\/wp-content\/uploads\/fransa-acikta-coco-gauff-yari-finale-cikti-rd9z.webp 1280w\" sizes=\"(max-width: 1208px) 100vw, 1208px\" \/><\/p>\n<hr \/>\n<p>&nbsp;<\/p>\n<h3>COCO GAUFF KA\u00c7 YA\u015eINDA VE TEN\u0130SE NE ZAMAN BA\u015eLADI?<\/h3>\n<p>2004 do\u011fumlu olan Coco Gauff, 2025 itibar\u0131yla 21 ya\u015f\u0131nda. Tenisle tan\u0131\u015fmas\u0131 ise \u00e7ok k\u00fc\u00e7\u00fck ya\u015flara dayan\u0131yor. Hen\u00fcz 6 ya\u015f\u0131ndayken raketle tan\u0131\u015fan Gauff, 10 ya\u015f\u0131na geldi\u011finde Amerika\u2019daki USTA 12 ya\u015f alt\u0131 \u015fampiyonas\u0131nda derece elde etti. Geli\u015fimi dikkat \u00e7ekince Fransa&#8217;daki Mouratoglou Akademisi\u2019ne kabul edildi ve burada Serena Williams\u2019\u0131n ko\u00e7uyla \u00e7al\u0131\u015fma \u015fans\u0131 yakalad\u0131.<\/p>\n<p><img loading=\"lazy\" decoding=\"async\" class=\"alignnone wp-image-188449\" src=\"https:\/\/www.tgrthaber.com\/mavikadin\/wp-content\/uploads\/skysports-coco-gauff-tennis_5787956-300x169.jpg\" alt=\"\" width=\"1208\" height=\"680\" title=\"\" srcset=\"https:\/\/www.tgrthaber.com\/mavikadin\/wp-content\/uploads\/skysports-coco-gauff-tennis_5787956-300x169.jpg 300w, https:\/\/www.tgrthaber.com\/mavikadin\/wp-content\/uploads\/skysports-coco-gauff-tennis_5787956-1024x576.jpg 1024w, https:\/\/www.tgrthaber.com\/mavikadin\/wp-content\/uploads\/skysports-coco-gauff-tennis_5787956-768x432.jpg 768w, https:\/\/www.tgrthaber.com\/mavikadin\/wp-content\/uploads\/skysports-coco-gauff-tennis_5787956-1536x864.jpg 1536w, https:\/\/www.tgrthaber.com\/mavikadin\/wp-content\/uploads\/skysports-coco-gauff-tennis_5787956.jpg 2048w\" sizes=\"(max-width: 1208px) 100vw, 1208px\" \/><\/p>\n<hr \/>\n<h3>HANG\u0130 TURNUVALARDA BA\u015eARI ELDE ETT\u0130?<\/h3>\n<p>Gauff\u2019un profesyonel kariyeri, hen\u00fcz 15 ya\u015f\u0131ndayken 2019 Wimbledon\u2019da Venus Williams\u2019\u0131 ma\u011flup etmesiyle b\u00fcy\u00fck yank\u0131 uyand\u0131rd\u0131.<\/p>\n<p>Ayn\u0131 y\u0131l Avusturya\u2019da d\u00fczenlenen Linz turnuvas\u0131n\u0131 kazanarak ilk WTA \u015fampiyonlu\u011funu elde etti. 2021\u2019de Parma\u2019da ikinci WTA zaferine ula\u015ft\u0131. 2023\u2019te ABD A\u00e7\u0131k\u2019ta kariyerinin ilk Grand Slam kupas\u0131n\u0131 kald\u0131rd\u0131. 2025 Roland Garros zaferi ise onun ikinci Grand Slam \u015fampiyonlu\u011fu oldu. Ayr\u0131ca \u00e7iftlerde de 2024 Fransa A\u00e7\u0131k \u015fampiyonlu\u011funu kazand\u0131.<\/p>\n<p><img loading=\"lazy\" decoding=\"async\" class=\"alignnone wp-image-188450\" src=\"https:\/\/www.tgrthaber.com\/mavikadin\/wp-content\/uploads\/coco-gauff-fnmb_cover-300x169.webp\" alt=\"\" width=\"1208\" height=\"680\" title=\"\" srcset=\"https:\/\/www.tgrthaber.com\/mavikadin\/wp-content\/uploads\/coco-gauff-fnmb_cover-300x169.webp 300w, https:\/\/www.tgrthaber.com\/mavikadin\/wp-content\/uploads\/coco-gauff-fnmb_cover-1024x576.webp 1024w, https:\/\/www.tgrthaber.com\/mavikadin\/wp-content\/uploads\/coco-gauff-fnmb_cover-768x432.webp 768w, https:\/\/www.tgrthaber.com\/mavikadin\/wp-content\/uploads\/coco-gauff-fnmb_cover.webp 1280w\" sizes=\"(max-width: 1208px) 100vw, 1208px\" \/><\/p>\n<hr \/>\n<h3>D\u00dcNYA SIRALAMASINDA KA\u00c7INCI SIRADA YER ALIYOR?<\/h3>\n<p>Gauff, 2025 y\u0131l\u0131 itibar\u0131yla d\u00fcnya kad\u0131nlar s\u0131ralamas\u0131nda 2 numarada yer al\u0131yor. Bu konum, onun istikrarl\u0131 y\u00fckseli\u015fini ve b\u00fcy\u00fck turnuvalardaki ba\u015far\u0131s\u0131n\u0131 da g\u00f6steriyor. \u00d6zellikle 2023 ve sonras\u0131 d\u00f6nemde elde etti\u011fi galibiyetler, onun elit tenis\u00e7iler aras\u0131nda kal\u0131c\u0131 bir yer edinmesini sa\u011flad\u0131.<\/p>\n<p><img loading=\"lazy\" decoding=\"async\" class=\"alignnone wp-image-188451\" src=\"https:\/\/www.tgrthaber.com\/mavikadin\/wp-content\/uploads\/coco-gauff-1200-1722425167-300x169.jpg\" alt=\"\" width=\"1208\" height=\"680\" title=\"\" srcset=\"https:\/\/www.tgrthaber.com\/mavikadin\/wp-content\/uploads\/coco-gauff-1200-1722425167-300x169.jpg 300w, https:\/\/www.tgrthaber.com\/mavikadin\/wp-content\/uploads\/coco-gauff-1200-1722425167-1024x576.jpg 1024w, https:\/\/www.tgrthaber.com\/mavikadin\/wp-content\/uploads\/coco-gauff-1200-1722425167-768x432.jpg 768w, https:\/\/www.tgrthaber.com\/mavikadin\/wp-content\/uploads\/coco-gauff-1200-1722425167.jpg 1200w\" sizes=\"(max-width: 1208px) 100vw, 1208px\" \/><\/p>\n<hr \/>\n<p>Kort d\u0131\u015f\u0131ndaki etkisi de en az oyun g\u00fcc\u00fc kadar dikkat \u00e7ekici. Gen\u00e7 ya\u015f\u0131na ra\u011fmen sosyal fark\u0131ndal\u0131k projelerinde yer alan Coco Gauff, \u00f6zellikle gen\u00e7leri oy kullanmaya te\u015fvik eden \u00e7al\u0131\u015fmalar\u0131yla \u00f6ne \u00e7\u0131kt\u0131. Ayn\u0131 zamanda moda d\u00fcnyas\u0131nda da aktif bir fig\u00fcr olan Gauff, New Balance ve Miu Miu gibi markalarla yapt\u0131\u011f\u0131 i\u015f birlikleriyle kendi stilini de yans\u0131tt\u0131.<\/p>\n<p>Coco Gauff, hem kort i\u00e7indeki azmi hem de kort d\u0131\u015f\u0131ndaki duru\u015fuyla yeni jenerasyonun en g\u00fc\u00e7l\u00fc spor fig\u00fcrlerinden biri olarak ad\u0131n\u0131 sa\u011flamla\u015ft\u0131rmaya devam ediyor. 21 ya\u015f\u0131nda kazand\u0131\u011f\u0131 Roland Garros zaferi, bu yolculu\u011fun sadece bir ba\u015flang\u0131c\u0131 olabilir.<\/p>\n","protected":false},"excerpt":{"rendered":"<p>Gen\u00e7 ya\u015f\u0131na ra\u011fmen d\u00fcnya tenisinin zirvesine ad\u0131m atan Coco Gauff, Roland Garros 2025\u2019teki zaferiyle bir kez daha ad\u0131ndan s\u00f6z ettirdi. \u015eampiyonluk sonras\u0131 hem kim oldu\u011fu hem de nas\u0131l bu noktaya geldi\u011fi herkesin merak konusu oldu. Peki Coco Gauff kimdir ka\u00e7 ya\u015f\u0131nda? Coco Gauff hangi ba\u015far\u0131lar elde etti, d\u00fcnya s\u0131ralamas\u0131nda ka\u00e7\u0131nc\u0131? \u0130\u015fte Coco Gauff hakk\u0131nda merak edilen detaylar&#8230;<\/p>\n","protected":false},"author":35,"featured_media":188453,"comment_status":"closed","ping_status":"closed","sticky":false,"template":"","format":"standard","meta":{"rank_math_lock_modified_date":false,"footnotes":""},"categories":[491],"tags":[3374,24058,24061,24060,24059],"class_list":["post-188437","post","type-post","status-publish","format-standard","has-post-thumbnail","hentry","category-biyografi","tag-biyografi","tag-coco-gauff","tag-coco-gauff-dunyada-kacinci","tag-coco-gauff-kac-yasinda","tag-roland-garros-2025-sampiyonu"],"_links":{"self":[{"href":"https:\/\/www.tgrthaber.com\/mavikadin\/wp-json\/wp\/v2\/posts\/188437"}],"collection":[{"href":"https:\/\/www.tgrthaber.com\/mavikadin\/wp-json\/wp\/v2\/posts"}],"about":[{"href":"https:\/\/www.tgrthaber.com\/mavikadin\/wp-json\/wp\/v2\/types\/post"}],"author":[{"embeddable":true,"href":"https:\/\/www.tgrthaber.com\/mavikadin\/wp-json\/wp\/v2\/users\/35"}],"replies":[{"embeddable":true,"href":"https:\/\/www.tgrthaber.com\/mavikadin\/wp-json\/wp\/v2\/comments?post=188437"}],"version-history":[{"count":1,"href":"https:\/\/www.tgrthaber.com\/mavikadin\/wp-json\/wp\/v2\/posts\/188437\/revisions"}],"predecessor-version":[{"id":188454,"href":"https:\/\/www.tgrthaber.com\/mavikadin\/wp-json\/wp\/v2\/posts\/188437\/revisions\/188454"}],"wp:featuredmedia":[{"embeddable":true,"href":"https:\/\/www.tgrthaber.com\/mavikadin\/wp-json\/wp\/v2\/media\/188453"}],"wp:attachment":[{"href":"https:\/\/www.tgrthaber.com\/mavikadin\/wp-json\/wp\/v2\/media?parent=188437"}],"wp:term":[{"taxonomy":"category","embeddable":true,"href":"https:\/\/www.tgrthaber.com\/mavikadin\/wp-json\/wp\/v2\/categories?post=188437"},{"taxonomy":"post_tag","embeddable":true,"href":"https:\/\/www.tgrthaber.com\/mavikadin\/wp-json\/wp\/v2\/tags?post=188437"}],"curies":[{"name":"wp","href":"https:\/\/api.w.org\/{rel}","templated":true}]}}