{"id":188455,"date":"2025-06-07T23:32:38","date_gmt":"2025-06-07T20:32:38","guid":{"rendered":"https:\/\/www.tgrthaber.com\/mavikadin\/?p=188455"},"modified":"2025-06-08T01:12:34","modified_gmt":"2025-06-07T22:12:34","slug":"iki-kez-kalbi-duran-nihal-candandan-29-kiloluk-paylasim-hastane-koridorunda-poz-verdi","status":"publish","type":"post","link":"https:\/\/www.tgrthaber.com\/mavikadin\/iki-kez-kalbi-duran-nihal-candandan-29-kiloluk-paylasim-hastane-koridorunda-poz-verdi\/","title":{"rendered":"\u0130ki kez kalbi duran Nihal Candan\u2019dan 29 kiloluk payla\u015f\u0131m! Hastane koridorunda poz verdi"},"content":{"rendered":"<p>Yo\u011fun bak\u0131mda kalbinin iki kez durdu\u011fu a\u00e7\u0131klanan sosyal medya fenomeni Nihal Candan, sa\u011fl\u0131k m\u00fccadelesine dair en dikkat \u00e7ekici karelerden birini payla\u015ft\u0131. Yaln\u0131zca 29 kiloya kadar d\u00fc\u015ft\u00fc\u011f\u00fc \u00f6\u011frenilen Candan, hastane koridorunda y\u00fcr\u00fcrken \u00e7ekilen foto\u011fraf\u0131yla takip\u00e7ilerini hayrete d\u00fc\u015f\u00fcrd\u00fc. \u0130\u015fte Nihal Candan\u2019\u0131n 29 kiloya d\u00fc\u015ft\u00fckten sonraki hastane payla\u015f\u0131m\u0131&#8230;<\/p>\n<h3>N\u0130HAL CANDAN&#8217;DAN 29 K\u0130LOLUK PAYLA\u015eIM<\/h3>\n<p>\u00dczerinde hastane k\u0131yafeti, kolunda tedaviye ba\u011fl\u0131 serum aparatlar\u0131yla y\u00fcr\u00fcyen Nihal Candan\u2019\u0131n son hali, k\u0131sa s\u00fcrede sosyal medyada g\u00fcndem oldu.<\/p>\n<p><img loading=\"lazy\" decoding=\"async\" class=\"alignnone wp-image-188459\" src=\"https:\/\/www.tgrthaber.com\/mavikadin\/wp-content\/uploads\/1200x675-cezaevinden-tahliye-edilen-nihal-candandan-itiraflar-37-kiloya-dusmustu-secil-erzan-detayi-dikkat-cekti-1714568244508-1-300x169.webp\" alt=\"\" width=\"1208\" height=\"680\" title=\"\" srcset=\"https:\/\/www.tgrthaber.com\/mavikadin\/wp-content\/uploads\/1200x675-cezaevinden-tahliye-edilen-nihal-candandan-itiraflar-37-kiloya-dusmustu-secil-erzan-detayi-dikkat-cekti-1714568244508-1-300x169.webp 300w, https:\/\/www.tgrthaber.com\/mavikadin\/wp-content\/uploads\/1200x675-cezaevinden-tahliye-edilen-nihal-candandan-itiraflar-37-kiloya-dusmustu-secil-erzan-detayi-dikkat-cekti-1714568244508-1-1024x576.webp 1024w, https:\/\/www.tgrthaber.com\/mavikadin\/wp-content\/uploads\/1200x675-cezaevinden-tahliye-edilen-nihal-candandan-itiraflar-37-kiloya-dusmustu-secil-erzan-detayi-dikkat-cekti-1714568244508-1-768x432.webp 768w, https:\/\/www.tgrthaber.com\/mavikadin\/wp-content\/uploads\/1200x675-cezaevinden-tahliye-edilen-nihal-candandan-itiraflar-37-kiloya-dusmustu-secil-erzan-detayi-dikkat-cekti-1714568244508-1.webp 1200w\" sizes=\"(max-width: 1208px) 100vw, 1208px\" \/><\/p>\n<hr \/>\n<p>Y\u00fcz\u00fcndeki g\u00fcl\u00fcmsemeye ra\u011fmen, g\u00f6zle g\u00f6r\u00fcl\u00fcr derecede zay\u0131f olan Candan\u2019\u0131n 29,5 kiloya kadar d\u00fc\u015ft\u00fc\u011f\u00fc belirtilmi\u015fti. Sa\u011fl\u0131k durumu ciddiyetini korurken, bu g\u00f6r\u00fcnt\u00fc onun yeniden aya\u011fa kalkma \u00e7abas\u0131n\u0131 da ortaya koydu.<\/p>\n<p><img loading=\"lazy\" decoding=\"async\" class=\"alignnone wp-image-188461\" src=\"https:\/\/www.tgrthaber.com\/mavikadin\/wp-content\/uploads\/Nihal-Candan-_-300x169.webp\" alt=\"\" width=\"1208\" height=\"680\" title=\"\" srcset=\"https:\/\/www.tgrthaber.com\/mavikadin\/wp-content\/uploads\/Nihal-Candan-_-300x169.webp 300w, https:\/\/www.tgrthaber.com\/mavikadin\/wp-content\/uploads\/Nihal-Candan-_-1024x576.webp 1024w, https:\/\/www.tgrthaber.com\/mavikadin\/wp-content\/uploads\/Nihal-Candan-_-768x432.webp 768w, https:\/\/www.tgrthaber.com\/mavikadin\/wp-content\/uploads\/Nihal-Candan-_.webp 1280w\" sizes=\"(max-width: 1208px) 100vw, 1208px\" \/><\/p>\n<hr \/>\n<h3>KALB\u0130 \u0130K\u0130 KEZ DURMU\u015eTU ORGAN YETMEZL\u0130\u011e\u0130 R\u0130SK\u0130 VARDI<\/h3>\n<p>Birka\u00e7 hafta \u00f6nce tasar\u0131mc\u0131 P\u0131nar Kerimo\u011flu taraf\u0131ndan yap\u0131lan a\u00e7\u0131klamalarda, Candan\u2019\u0131n kalbinin iki kez durdu\u011fu ve hastaneye kald\u0131r\u0131ld\u0131\u011f\u0131 belirtilmi\u015fti.<\/p>\n<p>Cezaevi s\u00fcrecinde h\u0131zla kilo kaybeden ve ba\u011f\u0131\u015f\u0131kl\u0131k sistemi zay\u0131flayan Candan\u2019\u0131n, organ yetmezli\u011fi \u015f\u00fcphesiyle yo\u011fun bak\u0131ma al\u0131nd\u0131\u011f\u0131 ifade edilmi\u015fti. Doktorlar\u0131n zamanla yar\u0131\u015ft\u0131\u011f\u0131 bu s\u00fcre\u00e7te yap\u0131lan m\u00fcdahalelerle hayata d\u00f6nd\u00fcr\u00fclmesi, durumu ne kadar kritik oldu\u011funu g\u00f6stermi\u015fti.<\/p>\n<p><img loading=\"lazy\" decoding=\"async\" class=\"alignnone wp-image-188421\" src=\"https:\/\/www.tgrthaber.com\/mavikadin\/wp-content\/uploads\/Adsiz-tasarim-9-21-300x169.png\" alt=\"\" width=\"1208\" height=\"680\" title=\"\" srcset=\"https:\/\/www.tgrthaber.com\/mavikadin\/wp-content\/uploads\/Adsiz-tasarim-9-21-300x169.png 300w, https:\/\/www.tgrthaber.com\/mavikadin\/wp-content\/uploads\/Adsiz-tasarim-9-21-1024x576.png 1024w, https:\/\/www.tgrthaber.com\/mavikadin\/wp-content\/uploads\/Adsiz-tasarim-9-21-768x432.png 768w, https:\/\/www.tgrthaber.com\/mavikadin\/wp-content\/uploads\/Adsiz-tasarim-9-21-1536x864.png 1536w, https:\/\/www.tgrthaber.com\/mavikadin\/wp-content\/uploads\/Adsiz-tasarim-9-21.png 1920w\" sizes=\"(max-width: 1208px) 100vw, 1208px\" \/><\/p>\n<hr \/>\n<h3>\u201cPAYLA\u015eMAMI \u0130STED\u0130LER\u201d NOTUYLA PAYLA\u015eILDI<\/h3>\n<p>Nihal Candan\u2019\u0131n yeni g\u00f6r\u00fcnt\u00fcs\u00fcn\u00fc sosyal medya hesab\u0131ndan payla\u015fan Bahar Candan, \u201cPayla\u015fmam\u0131 istediler\u201d notunu d\u00fc\u015ft\u00fc. Bu ifade, hem hastanede ya\u015fanan s\u00fcreci belgelemek hem de sevenlerine umut vermek i\u00e7in yap\u0131ld\u0131\u011f\u0131n\u0131 d\u00fc\u015f\u00fcnd\u00fcrd\u00fc. Karde\u015finin sa\u011fl\u0131k s\u00fcrecini yak\u0131ndan takip eden Bahar Candan\u2019\u0131n bu deste\u011fi, sosyal medyada da \u00e7ok say\u0131da yorum ald\u0131.<\/p>\n<p><img loading=\"lazy\" decoding=\"async\" class=\"alignnone wp-image-188463\" src=\"https:\/\/www.tgrthaber.com\/mavikadin\/wp-content\/uploads\/nihal-candan-saglik-300x169.webp\" alt=\"\" width=\"1208\" height=\"680\" title=\"\" srcset=\"https:\/\/www.tgrthaber.com\/mavikadin\/wp-content\/uploads\/nihal-candan-saglik-300x169.webp 300w, https:\/\/www.tgrthaber.com\/mavikadin\/wp-content\/uploads\/nihal-candan-saglik-1024x576.webp 1024w, https:\/\/www.tgrthaber.com\/mavikadin\/wp-content\/uploads\/nihal-candan-saglik-768x432.webp 768w, https:\/\/www.tgrthaber.com\/mavikadin\/wp-content\/uploads\/nihal-candan-saglik-1536x864.webp 1536w, https:\/\/www.tgrthaber.com\/mavikadin\/wp-content\/uploads\/nihal-candan-saglik.webp 1920w\" sizes=\"(max-width: 1208px) 100vw, 1208px\" \/><\/p>\n<hr \/>\n<h3>ZAYIFLI\u011eIYLA END\u0130\u015eELEND\u0130RD\u0130<\/h3>\n<p>Nihal Candan\u2019\u0131n hastane koridorunda \u00e7ekilen son g\u00f6r\u00fcnt\u00fcs\u00fcnde hem fiziksel zay\u0131fl\u0131\u011f\u0131 hem de verdi\u011fi pozla moralli g\u00f6r\u00fcnme \u00e7abas\u0131 dikkat \u00e7ekti. Ancak v\u00fccudunun ya\u015fad\u0131\u011f\u0131 ciddi y\u0131k\u0131m g\u00f6z ard\u0131 edilemeyecek kadar belirgin. \u0130\u015fte hastane koridorunda \u00e7ekilen Nihal Candan\u2019\u0131n 29 kiloluk son hali&#8230;<\/p>\n<p><img loading=\"lazy\" decoding=\"async\" class=\"alignnone wp-image-188492\" src=\"https:\/\/www.tgrthaber.com\/mavikadin\/wp-content\/uploads\/Adsiz-tasarim-13-18-300x169.png\" alt=\"\" width=\"1208\" height=\"680\" title=\"\" srcset=\"https:\/\/www.tgrthaber.com\/mavikadin\/wp-content\/uploads\/Adsiz-tasarim-13-18-300x169.png 300w, https:\/\/www.tgrthaber.com\/mavikadin\/wp-content\/uploads\/Adsiz-tasarim-13-18-1024x576.png 1024w, https:\/\/www.tgrthaber.com\/mavikadin\/wp-content\/uploads\/Adsiz-tasarim-13-18-768x432.png 768w, https:\/\/www.tgrthaber.com\/mavikadin\/wp-content\/uploads\/Adsiz-tasarim-13-18-1536x864.png 1536w, https:\/\/www.tgrthaber.com\/mavikadin\/wp-content\/uploads\/Adsiz-tasarim-13-18.png 1920w\" sizes=\"(max-width: 1208px) 100vw, 1208px\" \/><\/p>\n<hr \/>\n<p>30 kilonun alt\u0131na inen Candan i\u00e7in sosyal medyada \u201cUmar\u0131z dayan\u0131r\u201d, \u201cYeniden aya\u011fa kalkacak\u201d gibi destek mesajlar\u0131 payla\u015f\u0131lmaya devam ediyor.<\/p>\n<p><img loading=\"lazy\" decoding=\"async\" class=\"alignnone wp-image-188465\" src=\"https:\/\/www.tgrthaber.com\/mavikadin\/wp-content\/uploads\/Adsiz-tasarim-11-20-300x169.png\" alt=\"\" width=\"1208\" height=\"680\" title=\"\" srcset=\"https:\/\/www.tgrthaber.com\/mavikadin\/wp-content\/uploads\/Adsiz-tasarim-11-20-300x169.png 300w, https:\/\/www.tgrthaber.com\/mavikadin\/wp-content\/uploads\/Adsiz-tasarim-11-20-1024x576.png 1024w, https:\/\/www.tgrthaber.com\/mavikadin\/wp-content\/uploads\/Adsiz-tasarim-11-20-768x432.png 768w, https:\/\/www.tgrthaber.com\/mavikadin\/wp-content\/uploads\/Adsiz-tasarim-11-20-1536x864.png 1536w, https:\/\/www.tgrthaber.com\/mavikadin\/wp-content\/uploads\/Adsiz-tasarim-11-20.png 1920w\" sizes=\"(max-width: 1208px) 100vw, 1208px\" \/><\/p>\n<hr \/>\n<p>Nihal Candan\u2019\u0131n sa\u011fl\u0131k s\u00fcreci yak\u0131ndan takip edilirken, tedavisinin nas\u0131l ilerleyece\u011fi \u00f6n\u00fcm\u00fczdeki g\u00fcnlerde belli olacak.<\/p>\n","protected":false},"excerpt":{"rendered":"<p>Yo\u011fun bak\u0131mda tedavi g\u00f6ren Nihal Candan\u2019dan dikkat \u00e7eken bir payla\u015f\u0131m geldi. Daha \u00f6nce kalbinin iki kez durdu\u011fu a\u00e7\u0131klanan gen\u00e7 fenomen, bu kez hastane koridorunda y\u00fcr\u00fcrken g\u00f6r\u00fcnt\u00fclendi. Bahar Candan\u2019\u0131n sosyal medyada payla\u015ft\u0131\u011f\u0131 kareler, durumu yak\u0131ndan takip edenleri endi\u015felendirdi. \u0130\u015fte hastane koridorunda \u00e7ekilen Nihal Candan\u2019\u0131n 29 kiloluk son hali&#8230;<\/p>\n","protected":false},"author":35,"featured_media":188457,"comment_status":"closed","ping_status":"closed","sticky":false,"template":"","format":"standard","meta":{"rank_math_lock_modified_date":false,"footnotes":""},"categories":[76],"tags":[11426,133,8476,24066,24065],"class_list":["post-188455","post","type-post","status-publish","format-standard","has-post-thumbnail","hentry","category-magazin","tag-bahar-candan","tag-magazin","tag-nihal-candan","tag-nihal-candan-29-kilo","tag-nihal-candan-koridor-paylasimi"],"_links":{"self":[{"href":"https:\/\/www.tgrthaber.com\/mavikadin\/wp-json\/wp\/v2\/posts\/188455"}],"collection":[{"href":"https:\/\/www.tgrthaber.com\/mavikadin\/wp-json\/wp\/v2\/posts"}],"about":[{"href":"https:\/\/www.tgrthaber.com\/mavikadin\/wp-json\/wp\/v2\/types\/post"}],"author":[{"embeddable":true,"href":"https:\/\/www.tgrthaber.com\/mavikadin\/wp-json\/wp\/v2\/users\/35"}],"replies":[{"embeddable":true,"href":"https:\/\/www.tgrthaber.com\/mavikadin\/wp-json\/wp\/v2\/comments?post=188455"}],"version-history":[{"count":4,"href":"https:\/\/www.tgrthaber.com\/mavikadin\/wp-json\/wp\/v2\/posts\/188455\/revisions"}],"predecessor-version":[{"id":188494,"href":"https:\/\/www.tgrthaber.com\/mavikadin\/wp-json\/wp\/v2\/posts\/188455\/revisions\/188494"}],"wp:featuredmedia":[{"embeddable":true,"href":"https:\/\/www.tgrthaber.com\/mavikadin\/wp-json\/wp\/v2\/media\/188457"}],"wp:attachment":[{"href":"https:\/\/www.tgrthaber.com\/mavikadin\/wp-json\/wp\/v2\/media?parent=188455"}],"wp:term":[{"taxonomy":"category","embeddable":true,"href":"https:\/\/www.tgrthaber.com\/mavikadin\/wp-json\/wp\/v2\/categories?post=188455"},{"taxonomy":"post_tag","embeddable":true,"href":"https:\/\/www.tgrthaber.com\/mavikadin\/wp-json\/wp\/v2\/tags?post=188455"}],"curies":[{"name":"wp","href":"https:\/\/api.w.org\/{rel}","templated":true}]}}