{"id":188470,"date":"2025-06-08T00:15:55","date_gmt":"2025-06-07T21:15:55","guid":{"rendered":"https:\/\/www.tgrthaber.com\/mavikadin\/?p=188470"},"modified":"2025-06-08T00:15:56","modified_gmt":"2025-06-07T21:15:56","slug":"adnan-aksoydan-guzide-durana-annelik-uzerinden-sert-cikis","status":"publish","type":"post","link":"https:\/\/www.tgrthaber.com\/mavikadin\/adnan-aksoydan-guzide-durana-annelik-uzerinden-sert-cikis\/","title":{"rendered":"Adnan Aksoy&#8217;dan G\u00fczide Duran&#8217;a annelik \u00fczerinden sert \u00e7\u0131k\u0131\u015f!"},"content":{"rendered":"<p>G\u00fczide Duran ile Adnan Aksoy aras\u0131ndaki bo\u015fanma s\u00fcreci, sadece mahkeme salonlar\u0131nda de\u011fil, sosyal medya \u00fczerinden yap\u0131lan \u00e7\u0131k\u0131\u015flarla da g\u00fcndemde kalmaya devam ediyor. Son olarak Adnan Aksoy\u2019un, eski e\u015finin anneli\u011fi \u00fczerinden yapt\u0131\u011f\u0131 sert ele\u015ftiri, tart\u0131\u015fmay\u0131 yeniden alevlendirdi. Detaylar ise haberimizde&#8230;<\/p>\n<h3>2008&#8217;DE BA\u015eLAYAN EVL\u0130L\u0130K SERT B\u0130R DAVA S\u00dcREC\u0130NE D\u00d6N\u00dc\u015eT\u00dc<\/h3>\n<p>G\u00fczide Duran ile Adnan Aksoy\u2019un evlilikleri 2008 y\u0131l\u0131nda ba\u015flam\u0131\u015ft\u0131. \u00c7iftin iki \u00e7ocu\u011fu bulunuyor. Ancak ge\u00e7ti\u011fimiz y\u0131l al\u0131nan bo\u015fanma karar\u0131yla birlikte, taraflar aras\u0131ndaki ili\u015fkiler giderek gerilmeye ba\u015flad\u0131.<\/p>\n<p><img loading=\"lazy\" decoding=\"async\" class=\"alignnone wp-image-188479\" src=\"https:\/\/www.tgrthaber.com\/mavikadin\/wp-content\/uploads\/guzide-duran-ve-esi-bosaniyor-mu-300x169.jpg\" alt=\"\" width=\"1208\" height=\"680\" title=\"\" srcset=\"https:\/\/www.tgrthaber.com\/mavikadin\/wp-content\/uploads\/guzide-duran-ve-esi-bosaniyor-mu-300x169.jpg 300w, https:\/\/www.tgrthaber.com\/mavikadin\/wp-content\/uploads\/guzide-duran-ve-esi-bosaniyor-mu-1024x576.jpg 1024w, https:\/\/www.tgrthaber.com\/mavikadin\/wp-content\/uploads\/guzide-duran-ve-esi-bosaniyor-mu-768x432.jpg 768w, https:\/\/www.tgrthaber.com\/mavikadin\/wp-content\/uploads\/guzide-duran-ve-esi-bosaniyor-mu.jpg 1280w\" sizes=\"(max-width: 1208px) 100vw, 1208px\" \/><\/p>\n<hr \/>\n<p>Bo\u015fanma s\u00fcreci sadece \u00f6zel hayatla s\u0131n\u0131rl\u0131 kalmad\u0131. Kamuoyuna yans\u0131yan detaylar aras\u0131nda \u00e7ok say\u0131da su\u00e7lama ve kar\u015f\u0131l\u0131kl\u0131 itham yer ald\u0131. G\u00fczide Duran\u2019\u0131n mahkemeye sundu\u011fu dilek\u00e7ede, fiziksel ve psikolojik \u015fiddet iddialar\u0131 yer al\u0131rken, Adnan Aksoy da Duran\u2019\u0131n davran\u0131\u015flar\u0131n\u0131 \u201cgizemli ve g\u00fcven sars\u0131c\u0131\u201d olarak tan\u0131mlad\u0131.<\/p>\n<p><img loading=\"lazy\" decoding=\"async\" class=\"alignnone wp-image-188480\" src=\"https:\/\/www.tgrthaber.com\/mavikadin\/wp-content\/uploads\/3791516_e031683bf185c4f010c5bc59e0f0d0ff-300x169.jpg\" alt=\"\" width=\"1208\" height=\"681\" title=\"\" srcset=\"https:\/\/www.tgrthaber.com\/mavikadin\/wp-content\/uploads\/3791516_e031683bf185c4f010c5bc59e0f0d0ff-300x169.jpg 300w, https:\/\/www.tgrthaber.com\/mavikadin\/wp-content\/uploads\/3791516_e031683bf185c4f010c5bc59e0f0d0ff.jpg 628w\" sizes=\"(max-width: 1208px) 100vw, 1208px\" \/><\/p>\n<hr \/>\n<h3>DURAN A\u011eIR SU\u00c7LAMALARLA MAHKEMEYE BA\u015eVURDU<\/h3>\n<p>G\u00fczide Duran, \u0130stanbul Aile Mahkemesi\u2019ne sundu\u011fu belgelerde, evlilik s\u00fcresince psikolojik bask\u0131ya ve tehdide maruz kald\u0131\u011f\u0131n\u0131 belirtti. Dilek\u00e7ede ayr\u0131ca, Aksoy\u2019un &#8220;narsist ki\u015filik bozuklu\u011fu&#8221; tan\u0131s\u0131 ald\u0131\u011f\u0131, sadakatsiz davran\u0131\u015flarda bulundu\u011fu ve bu durumun otel ile yurtd\u0131\u015f\u0131 kay\u0131tlar\u0131yla desteklendi\u011fi \u00f6ne s\u00fcr\u00fcld\u00fc.<\/p>\n<p>Ayn\u0131 dosyada, \u00e7ocuklar\u0131n velayeti i\u00e7in talepte bulunulurken, 10 milyon TL maddi ve 10 milyon TL manevi tazminat\u0131n yan\u0131 s\u0131ra, \u00e7ocuklar i\u00e7in ayl\u0131k 600 bin lira nafaka istendi\u011fi bilgisi de yer ald\u0131.<\/p>\n<p><img loading=\"lazy\" decoding=\"async\" class=\"alignnone wp-image-188481\" src=\"https:\/\/www.tgrthaber.com\/mavikadin\/wp-content\/uploads\/Ekran-Resmi-2024-12-04-15.26.59-300x169.webp\" alt=\"\" width=\"1208\" height=\"680\" title=\"\" srcset=\"https:\/\/www.tgrthaber.com\/mavikadin\/wp-content\/uploads\/Ekran-Resmi-2024-12-04-15.26.59-300x169.webp 300w, https:\/\/www.tgrthaber.com\/mavikadin\/wp-content\/uploads\/Ekran-Resmi-2024-12-04-15.26.59-1024x576.webp 1024w, https:\/\/www.tgrthaber.com\/mavikadin\/wp-content\/uploads\/Ekran-Resmi-2024-12-04-15.26.59-768x432.webp 768w, https:\/\/www.tgrthaber.com\/mavikadin\/wp-content\/uploads\/Ekran-Resmi-2024-12-04-15.26.59.webp 1280w\" sizes=\"(max-width: 1208px) 100vw, 1208px\" \/><\/p>\n<hr \/>\n<p>Bo\u015fanma karar\u0131 al\u0131nd\u0131ktan sonra G\u00fczide Duran hakk\u0131nda, Galatasaray Teknik Direkt\u00f6r\u00fc Okan Buruk ile a\u015fk ya\u015fad\u0131\u011f\u0131 y\u00f6n\u00fcnde s\u00f6ylentiler ortaya at\u0131lm\u0131\u015ft\u0131. Bu iddialar her iki taraf taraf\u0131ndan da net bir dille yalanland\u0131. Duran, bu t\u00fcr s\u00f6ylentilere kar\u015f\u0131:<\/p>\n<p>\u201cBu benim hayat\u0131m. Kimseye hesap vermek zorunda de\u011filim\u201d \u015feklinde bir a\u00e7\u0131klama yaparken, Buruk ise \u201cEski bir arkada\u015f\u0131z, aram\u0131zda herhangi bir ili\u015fki yok\u201d ifadeleriyle iddialar\u0131 reddetti.<\/p>\n<p><img loading=\"lazy\" decoding=\"async\" class=\"alignnone wp-image-188482\" src=\"https:\/\/www.tgrthaber.com\/mavikadin\/wp-content\/uploads\/adnan-aksoydan-guzide-durana-1-liralik-tazminat-davasi-juxt-300x169.webp\" alt=\"\" width=\"1208\" height=\"680\" title=\"\" srcset=\"https:\/\/www.tgrthaber.com\/mavikadin\/wp-content\/uploads\/adnan-aksoydan-guzide-durana-1-liralik-tazminat-davasi-juxt-300x169.webp 300w, https:\/\/www.tgrthaber.com\/mavikadin\/wp-content\/uploads\/adnan-aksoydan-guzide-durana-1-liralik-tazminat-davasi-juxt-1024x576.webp 1024w, https:\/\/www.tgrthaber.com\/mavikadin\/wp-content\/uploads\/adnan-aksoydan-guzide-durana-1-liralik-tazminat-davasi-juxt-768x432.webp 768w, https:\/\/www.tgrthaber.com\/mavikadin\/wp-content\/uploads\/adnan-aksoydan-guzide-durana-1-liralik-tazminat-davasi-juxt.webp 1280w\" sizes=\"(max-width: 1208px) 100vw, 1208px\" \/><\/p>\n<hr \/>\n<h3>ADNAN AKSOY&#8217;DAN G\u00dcZ\u0130DE DURAN&#8217;A ANNEL\u0130K \u00dcZER\u0130NDEN SERT \u00c7IKI\u015e!<\/h3>\n<p>Son olarak ise, G\u00fczide Duran\u2019\u0131n ge\u00e7ti\u011fimiz g\u00fcnlerde konuk oldu\u011fu bir programda \u00e7ocuklar\u0131yla ilgili yapt\u0131\u011f\u0131 duygusal a\u00e7\u0131klamalar, Adnan Aksoy\u2019un tepkisini \u00e7ekti. Sosyal medya hesab\u0131ndan yapt\u0131\u011f\u0131 payla\u015f\u0131mda, \u201cAnnelik \u015fov malzemesi yap\u0131lamayacak kadar kutsal bir de\u011ferdir\u201d ifadelerini kullanan Aksoy, Duran\u2019\u0131n sunuculuk yapt\u0131\u011f\u0131 program\u0131 da do\u011frudan etiketleyerek bu s\u00f6zleri kamuoyuna duyurdu. Aksoy, k\u0131zlar\u0131n\u0131n annesiyle uzun s\u00fcredir g\u00f6r\u00fc\u015fmedi\u011fini \u00f6ne s\u00fcrerek, \u201cBu durumu art\u0131k kullanmay\u0131n, buna bir son verin\u201d \u00e7\u0131k\u0131\u015f\u0131nda bulundu.<\/p>\n<p>Taraflar\u0131n kar\u015f\u0131l\u0131kl\u0131 iddialar\u0131 ve a\u00e7\u0131klamalar\u0131 aras\u0131nda gerilim t\u0131rman\u0131rken, bu \u00e7eki\u015fmeli s\u00fcrecin mahkeme sonu\u00e7lar\u0131na nas\u0131l yans\u0131yaca\u011f\u0131 \u00f6n\u00fcm\u00fczdeki g\u00fcnlerde netlik kazanacak.<\/p>\n","protected":false},"excerpt":{"rendered":"<p>G\u00fczide Duran\u2019\u0131n \u00e7ocuklar\u0131yla ilgili duygusal ifadeler kullanmas\u0131n\u0131n ard\u0131ndan Adnan Aksoy\u2019dan dikkat \u00e7eken bir payla\u015f\u0131m geldi. Sosyal medya \u00fczerinden yapt\u0131\u011f\u0131 a\u00e7\u0131klamayla eski e\u015fini hedef alan Aksoy, annelik \u00fczerinden Duran&#8217;a sert \u00e7\u0131k\u0131\u015ft\u0131. \u0130\u015fte detaylar&#8230;<\/p>\n","protected":false},"author":35,"featured_media":188475,"comment_status":"closed","ping_status":"closed","sticky":false,"template":"","format":"standard","meta":{"rank_math_lock_modified_date":false,"footnotes":""},"categories":[76],"tags":[11418,24068,1307,24069,133],"class_list":["post-188470","post","type-post","status-publish","format-standard","has-post-thumbnail","hentry","category-magazin","tag-adnan-aksoy","tag-adnan-aksoy-annelik-cikisi","tag-guzide-duran","tag-guzide-duran-cocuklari","tag-magazin"],"_links":{"self":[{"href":"https:\/\/www.tgrthaber.com\/mavikadin\/wp-json\/wp\/v2\/posts\/188470"}],"collection":[{"href":"https:\/\/www.tgrthaber.com\/mavikadin\/wp-json\/wp\/v2\/posts"}],"about":[{"href":"https:\/\/www.tgrthaber.com\/mavikadin\/wp-json\/wp\/v2\/types\/post"}],"author":[{"embeddable":true,"href":"https:\/\/www.tgrthaber.com\/mavikadin\/wp-json\/wp\/v2\/users\/35"}],"replies":[{"embeddable":true,"href":"https:\/\/www.tgrthaber.com\/mavikadin\/wp-json\/wp\/v2\/comments?post=188470"}],"version-history":[{"count":2,"href":"https:\/\/www.tgrthaber.com\/mavikadin\/wp-json\/wp\/v2\/posts\/188470\/revisions"}],"predecessor-version":[{"id":188484,"href":"https:\/\/www.tgrthaber.com\/mavikadin\/wp-json\/wp\/v2\/posts\/188470\/revisions\/188484"}],"wp:featuredmedia":[{"embeddable":true,"href":"https:\/\/www.tgrthaber.com\/mavikadin\/wp-json\/wp\/v2\/media\/188475"}],"wp:attachment":[{"href":"https:\/\/www.tgrthaber.com\/mavikadin\/wp-json\/wp\/v2\/media?parent=188470"}],"wp:term":[{"taxonomy":"category","embeddable":true,"href":"https:\/\/www.tgrthaber.com\/mavikadin\/wp-json\/wp\/v2\/categories?post=188470"},{"taxonomy":"post_tag","embeddable":true,"href":"https:\/\/www.tgrthaber.com\/mavikadin\/wp-json\/wp\/v2\/tags?post=188470"}],"curies":[{"name":"wp","href":"https:\/\/api.w.org\/{rel}","templated":true}]}}