{"id":188495,"date":"2025-06-08T01:20:48","date_gmt":"2025-06-07T22:20:48","guid":{"rendered":"https:\/\/www.tgrthaber.com\/mavikadin\/?p=188495"},"modified":"2025-06-08T01:20:48","modified_gmt":"2025-06-07T22:20:48","slug":"seda-sayan-cocukluk-yillarina-dair-duygusal-bir-anisini-paylasti-gecekondu-cocuguyum","status":"publish","type":"post","link":"https:\/\/www.tgrthaber.com\/mavikadin\/seda-sayan-cocukluk-yillarina-dair-duygusal-bir-anisini-paylasti-gecekondu-cocuguyum\/","title":{"rendered":"Seda Sayan \u00e7ocukluk y\u0131llar\u0131na dair duygusal bir an\u0131s\u0131n\u0131 payla\u015ft\u0131! \u201c Gecekondu \u00e7ocu\u011fuyum\u201d"},"content":{"rendered":"<p>\u00dcnl\u00fc \u015fark\u0131c\u0131 ve sunucu Seda Sayan, TYT T\u00fcrk kanal\u0131nda \u201c Seda Sayan ile Her \u015feye Masada\u201d adl\u0131 programda konuklarla \u00f6zel sohbetler ger\u00e7ekle\u015ftiriyor. \u00dcnl\u00fc sunucu Seda Sayan, ge\u00e7mi\u015f ya\u015fant\u0131s\u0131na dair bir \u00e7ocukluk an\u0131s\u0131n\u0131 izleyenlerle payla\u015ft\u0131. Sayan, \u00e7ocuklu\u011funa dair anlatt\u0131\u011f\u0131 duygusal an\u0131s\u0131 sosyal medyada g\u00fcndem oldu. \u00dcnl\u00fc \u015fark\u0131c\u0131 Seda Sayan, \u201c \u00a0\u201c Gecekondu \u00e7ocu\u011fuydum ama tertemizdik\u201d\u00a0 s\u00f6zleriyle sosyal medya kullan\u0131c\u0131lar\u0131n\u0131n dikkatini \u00e7ekti.<\/p>\n<h3>SEDA SAYAN \u201c GECEKONDU \u00c7OCU\u011eUYUM\u201d<\/h3>\n<p>Seda Sayan \u00f6zel hayat\u0131n\u0131 magazin bas\u0131n\u0131ndan uzak ya\u015famay\u0131 seven \u00fcnl\u00fcler aras\u0131ndad\u0131r. Sundu\u011fu programlarda veya kat\u0131ld\u0131\u011f\u0131 televizyon programlar\u0131nda izleyenlere \u00f6rnek olsun diye ge\u00e7mi\u015f ya\u015fant\u0131lar\u0131na dair baz\u0131 an\u0131lar\u0131 payla\u015f\u0131r. \u00dcnl\u00fc \u015fark\u0131c\u0131 Seda Sayan sunuculu\u011funu yapt\u0131\u011f\u0131 \u201c Her \u015fey Masada\u201d adl\u0131 program\u0131nda kendi hayat\u0131na dair baz\u0131 a\u00e7\u0131klamalarda bulundu.<\/p>\n<p><img loading=\"lazy\" decoding=\"async\" class=\"alignnone wp-image-188496\" src=\"https:\/\/www.tgrthaber.com\/mavikadin\/wp-content\/uploads\/seda-sayandan-cocukluk-yillarina-dair-anisi-300x169.jpg\" alt=\"\" width=\"1208\" height=\"680\" title=\"\" srcset=\"https:\/\/www.tgrthaber.com\/mavikadin\/wp-content\/uploads\/seda-sayandan-cocukluk-yillarina-dair-anisi-300x169.jpg 300w, https:\/\/www.tgrthaber.com\/mavikadin\/wp-content\/uploads\/seda-sayandan-cocukluk-yillarina-dair-anisi-1024x576.jpg 1024w, https:\/\/www.tgrthaber.com\/mavikadin\/wp-content\/uploads\/seda-sayandan-cocukluk-yillarina-dair-anisi-768x432.jpg 768w, https:\/\/www.tgrthaber.com\/mavikadin\/wp-content\/uploads\/seda-sayandan-cocukluk-yillarina-dair-anisi-1536x864.jpg 1536w, https:\/\/www.tgrthaber.com\/mavikadin\/wp-content\/uploads\/seda-sayandan-cocukluk-yillarina-dair-anisi.jpg 1920w\" sizes=\"(max-width: 1208px) 100vw, 1208px\" \/><\/p>\n<hr \/>\n<p>Seda Sayan, program\u0131na konuk olan isimlerle \u00f6zel sohbet programlar\u0131 ger\u00e7ekle\u015ftirerek, onlar hakk\u0131nda baz\u0131 detaylar\u0131 izleyenlerle payla\u015f\u0131yor. Yay\u0131nlanan b\u00f6l\u00fcm\u00fcnde Seda Sayan bu kez kendi hayat\u0131na dair bir \u00e7ocukluk an\u0131s\u0131n\u0131 izleyenlere anlatt\u0131.<\/p>\n<div style=\"width: 640px;\" class=\"wp-video\"><!--[if lt IE 9]><script>document.createElement('video');<\/script><![endif]-->\n<video class=\"wp-video-shortcode\" id=\"video-188495-1\" width=\"640\" height=\"811\" preload=\"metadata\" controls=\"controls\"><source type=\"video\/mp4\" src=\"https:\/\/www.tgrthaber.com\/mavikadin\/wp-content\/uploads\/seda-sayan-gecekondu-cocuguydum-ama-tertemizdik.mp4?_=1\" \/><a href=\"https:\/\/www.tgrthaber.com\/mavikadin\/wp-content\/uploads\/seda-sayan-gecekondu-cocuguydum-ama-tertemizdik.mp4\">https:\/\/www.tgrthaber.com\/mavikadin\/wp-content\/uploads\/seda-sayan-gecekondu-cocuguydum-ama-tertemizdik.mp4<\/a><\/video><\/div>\n<hr \/>\n<p>\u00dcnl\u00fc sunucu ve \u015fark\u0131c\u0131 Seda Sayan, \u201c \u00dcstelik ben gecekondu \u00e7ocu\u011fuyum. Ben gecekonduda b\u00fcy\u00fcd\u00fcm ama ge\u00e7en yine ufak bir \u00f6rnek verdim, anlatt\u0131m. Annem bizi okula o kadar temiz g\u00f6nderirdi ki bunlar temizli\u011fi zenginlik zannediyor. Pisli\u011fi de fakirlik g\u00f6z\u00fcyle bak\u0131yorlar. Hay\u0131r, biz \u00e7ok fakirdik ama annem \u00f6yle bir kurdele takard\u0131 ki; yakam\u0131z o kadar temizdi ki fakir oldu\u011fumuza kimseyi inand\u0131ram\u0131yorduk\u201d<\/p>\n<p><img loading=\"lazy\" decoding=\"async\" class=\"alignnone wp-image-188498\" src=\"https:\/\/www.tgrthaber.com\/mavikadin\/wp-content\/uploads\/seda-sayan-gecekondu-cocuguyum-300x169.jpg\" alt=\"\" width=\"1208\" height=\"680\" title=\"\" srcset=\"https:\/\/www.tgrthaber.com\/mavikadin\/wp-content\/uploads\/seda-sayan-gecekondu-cocuguyum-300x169.jpg 300w, https:\/\/www.tgrthaber.com\/mavikadin\/wp-content\/uploads\/seda-sayan-gecekondu-cocuguyum-1024x576.jpg 1024w, https:\/\/www.tgrthaber.com\/mavikadin\/wp-content\/uploads\/seda-sayan-gecekondu-cocuguyum-768x432.jpg 768w, https:\/\/www.tgrthaber.com\/mavikadin\/wp-content\/uploads\/seda-sayan-gecekondu-cocuguyum-1536x864.jpg 1536w, https:\/\/www.tgrthaber.com\/mavikadin\/wp-content\/uploads\/seda-sayan-gecekondu-cocuguyum.jpg 1920w\" sizes=\"(max-width: 1208px) 100vw, 1208px\" \/><\/p>\n<hr \/>\n<h3>SEDA SAYAN YOKSULLUK ALGISINA \u0130T\u0130RAZ ETT\u0130<\/h3>\n<p>\u00dcnl\u00fc \u015fark\u0131c\u0131 Seda Sayan, program\u0131na kat\u0131lan konu\u011fu ile birlikte toplumsal yoksulluk alg\u0131s\u0131 \u00fczerine konu\u015fuyorlard\u0131. Konu\u015fman\u0131n ilerleyen s\u00fcrelerinde Seda Sayan, yoksulluk alg\u0131s\u0131na itiraz ederek, kendi ya\u015fam\u0131ndan bir \u00f6rnek ile alg\u0131lar\u0131n ne kadar yanl\u0131\u015f anla\u015f\u0131ld\u0131\u011f\u0131 aktarmaya \u00e7al\u0131\u015ft\u0131. \u00c7ocuklu\u011funda ailesinin \u00e7ok yoksul oldu\u011funu ama giyim tarzlar\u0131 ve temizlikleriyle herkeslerin onlar\u0131 zengin sanmalar\u0131ndan bahsetti. \u00a0Seda Sayan\u2019\u0131n \u00e7ocuklu\u011funa dair an\u0131s\u0131 izleyenleri derinden etkiledi.<\/p>\n","protected":false},"excerpt":{"rendered":"<p>TYT T\u00fcrk kanal\u0131nda Her \u015fey Masada adl\u0131 program\u0131nda \u00fcnl\u00fc sunucu ve \u015fark\u0131c\u0131 Seda Sayan \u00e7ocukluk y\u0131llar\u0131na ait olan bir an\u0131s\u0131n\u0131 payla\u015ft\u0131. Ge\u00e7mi\u015fini her zaman \u00f6rnek vererek anlatan Seda Sayan yapt\u0131\u011f\u0131 a\u00e7\u0131klama ile sosyal medyada g\u00fcndem oldu. Seda Sayan, \u201c Gecekondu \u00e7ocu\u011fuydum ama tertemizdik\u201d <\/p>\n","protected":false},"author":10,"featured_media":188499,"comment_status":"closed","ping_status":"closed","sticky":false,"template":"","format":"standard","meta":{"rank_math_lock_modified_date":false,"footnotes":""},"categories":[76],"tags":[133,2218,2811,24072],"class_list":["post-188495","post","type-post","status-publish","format-standard","has-post-thumbnail","hentry","category-magazin","tag-magazin","tag-magazin-haberleri","tag-seda-sayan","tag-seda-sayan-cocukluk-anisi"],"_links":{"self":[{"href":"https:\/\/www.tgrthaber.com\/mavikadin\/wp-json\/wp\/v2\/posts\/188495"}],"collection":[{"href":"https:\/\/www.tgrthaber.com\/mavikadin\/wp-json\/wp\/v2\/posts"}],"about":[{"href":"https:\/\/www.tgrthaber.com\/mavikadin\/wp-json\/wp\/v2\/types\/post"}],"author":[{"embeddable":true,"href":"https:\/\/www.tgrthaber.com\/mavikadin\/wp-json\/wp\/v2\/users\/10"}],"replies":[{"embeddable":true,"href":"https:\/\/www.tgrthaber.com\/mavikadin\/wp-json\/wp\/v2\/comments?post=188495"}],"version-history":[{"count":1,"href":"https:\/\/www.tgrthaber.com\/mavikadin\/wp-json\/wp\/v2\/posts\/188495\/revisions"}],"predecessor-version":[{"id":188500,"href":"https:\/\/www.tgrthaber.com\/mavikadin\/wp-json\/wp\/v2\/posts\/188495\/revisions\/188500"}],"wp:featuredmedia":[{"embeddable":true,"href":"https:\/\/www.tgrthaber.com\/mavikadin\/wp-json\/wp\/v2\/media\/188499"}],"wp:attachment":[{"href":"https:\/\/www.tgrthaber.com\/mavikadin\/wp-json\/wp\/v2\/media?parent=188495"}],"wp:term":[{"taxonomy":"category","embeddable":true,"href":"https:\/\/www.tgrthaber.com\/mavikadin\/wp-json\/wp\/v2\/categories?post=188495"},{"taxonomy":"post_tag","embeddable":true,"href":"https:\/\/www.tgrthaber.com\/mavikadin\/wp-json\/wp\/v2\/tags?post=188495"}],"curies":[{"name":"wp","href":"https:\/\/api.w.org\/{rel}","templated":true}]}}