{"id":188501,"date":"2025-06-08T09:54:14","date_gmt":"2025-06-08T06:54:14","guid":{"rendered":"https:\/\/www.tgrthaber.com\/mavikadin\/?p=188501"},"modified":"2025-06-08T09:54:14","modified_gmt":"2025-06-08T06:54:14","slug":"bir-zamanlarin-yildiziydi-okan-yalabikin-degisimi-gundem-oldu","status":"publish","type":"post","link":"https:\/\/www.tgrthaber.com\/mavikadin\/bir-zamanlarin-yildiziydi-okan-yalabikin-degisimi-gundem-oldu\/","title":{"rendered":"Bir zamanlar\u0131n y\u0131ld\u0131z\u0131yd\u0131! Okan Yalab\u0131k\u2019\u0131n de\u011fi\u015fimi g\u00fcndem oldu"},"content":{"rendered":"<p>Okan Yalab\u0131k, y\u0131llar sonra yeniden g\u00fcndeme geldi. Ancak bu kez bir proje ya da diziyle de\u011fil, sosyal medyada payla\u015f\u0131lan son foto\u011fraf\u0131yla. G\u00f6zlerden uzak bir hayat s\u00fcrd\u00fcren Yalab\u0131k\u2019\u0131n yeni g\u00f6r\u00fcnt\u00fcs\u00fc, sosyal medyay\u0131 da ikiye b\u00f6ld\u00fc. \u0130\u015fte detaylar\u2026<\/p>\n<h3>B\u0130R ZAMANLARIN YILDIZIYDI!<\/h3>\n<p>Muhte\u015fem Y\u00fczy\u0131l dizisindeki rol\u00fc ile haf\u0131zalara kaz\u0131nan Okan Yalab\u0131k, uzun s\u00fcredir g\u00f6zlerden uzak s\u00fcrd\u00fcrd\u00fc\u011f\u00fc ya\u015fam\u0131 ve oyunculu\u011funa ara vermesiyle g\u00fcndemden uzak kalm\u0131\u015ft\u0131. Ancak usta oyuncunun sosyal medyada payla\u015f\u0131lan son foto\u011fraflar\u0131 hem eski hayranlar\u0131n\u0131 hem de gen\u00e7 ku\u015fak izleyicileri bir kez daha kendisine \u00e7evirdi. Yalab\u0131k\u2019\u0131n y\u0131llar i\u00e7indeki de\u011fi\u015fimi, k\u0131sa s\u00fcrede g\u00fcndemin en \u00e7ok konu\u015fulan konular\u0131ndan biri oldu.<\/p>\n<p><img loading=\"lazy\" decoding=\"async\" class=\"alignnone wp-image-188503 size-large\" src=\"https:\/\/www.tgrthaber.com\/mavikadin\/wp-content\/uploads\/haber-gorselleri-fotoshop-2025-06-08T095111.295-1024x576.jpg\" alt=\"Bir zamanlar\u0131n y\u0131ld\u0131z\u0131yd\u0131! Okan Yalab\u0131k\u2019\u0131n de\u011fi\u015fimi g\u00fcndem oldu\" width=\"1024\" height=\"576\" title=\"\" srcset=\"https:\/\/www.tgrthaber.com\/mavikadin\/wp-content\/uploads\/haber-gorselleri-fotoshop-2025-06-08T095111.295-1024x576.jpg 1024w, https:\/\/www.tgrthaber.com\/mavikadin\/wp-content\/uploads\/haber-gorselleri-fotoshop-2025-06-08T095111.295-300x169.jpg 300w, https:\/\/www.tgrthaber.com\/mavikadin\/wp-content\/uploads\/haber-gorselleri-fotoshop-2025-06-08T095111.295-768x432.jpg 768w, https:\/\/www.tgrthaber.com\/mavikadin\/wp-content\/uploads\/haber-gorselleri-fotoshop-2025-06-08T095111.295-1536x864.jpg 1536w, https:\/\/www.tgrthaber.com\/mavikadin\/wp-content\/uploads\/haber-gorselleri-fotoshop-2025-06-08T095111.295.jpg 1600w\" sizes=\"(max-width: 1024px) 100vw, 1024px\" \/><\/p>\n<p>Foto\u011fraflarda \u00f6zellikle oyuncunun kilo ald\u0131\u011f\u0131 ve y\u00fcz hatlar\u0131n\u0131n zamanla de\u011fi\u015fti\u011fi dikkat \u00e7ekiyor. 2011 y\u0131l\u0131nda yay\u0131nlanan Muhte\u015fem Y\u00fczy\u0131l dizisindeki karizmatik ve asi rol\u00fc Pargal\u0131 \u0130brahim karakteriyle b\u00fcy\u00fck bir \u00e7\u0131k\u0131\u015f yakalayan Okan Yalab\u0131k, o d\u00f6nem gen\u00e7 k\u0131zlar\u0131n sevgilisi h\u00e2line gelmi\u015fti. \u015eimdi ise y\u0131llar sonra ortaya \u00e7\u0131kan son hali, sosyal medyada ikiye b\u00f6l\u00fcnm\u00fc\u015f yorumlarla kar\u015f\u0131land\u0131.<\/p>\n<p><img loading=\"lazy\" decoding=\"async\" class=\"alignnone wp-image-188506\" src=\"https:\/\/www.tgrthaber.com\/mavikadin\/wp-content\/uploads\/haber-gorselleri-fotoshop-2025-06-08T094848.375-1024x576.jpg\" alt=\"Bir zamanlar\u0131n y\u0131ld\u0131z\u0131yd\u0131! Okan Yalab\u0131k\u2019\u0131n de\u011fi\u015fimi g\u00fcndem oldu\" width=\"1208\" height=\"680\" title=\"\" srcset=\"https:\/\/www.tgrthaber.com\/mavikadin\/wp-content\/uploads\/haber-gorselleri-fotoshop-2025-06-08T094848.375-1024x576.jpg 1024w, https:\/\/www.tgrthaber.com\/mavikadin\/wp-content\/uploads\/haber-gorselleri-fotoshop-2025-06-08T094848.375-300x169.jpg 300w, https:\/\/www.tgrthaber.com\/mavikadin\/wp-content\/uploads\/haber-gorselleri-fotoshop-2025-06-08T094848.375-768x432.jpg 768w, https:\/\/www.tgrthaber.com\/mavikadin\/wp-content\/uploads\/haber-gorselleri-fotoshop-2025-06-08T094848.375-1536x864.jpg 1536w, https:\/\/www.tgrthaber.com\/mavikadin\/wp-content\/uploads\/haber-gorselleri-fotoshop-2025-06-08T094848.375.jpg 1600w\" sizes=\"(max-width: 1208px) 100vw, 1208px\" \/><\/p>\n<hr \/>\n<p>Baz\u0131 kullan\u0131c\u0131lar Yalab\u0131k\u2019\u0131n ya\u015f alm\u0131\u015f halini olduk\u00e7a do\u011fal ve insani bulurken, baz\u0131lar\u0131 da bu de\u011fi\u015fimi ele\u015ftirmeyi tercih etti. \u00d6zellikle o y\u0131llar\u0131nda izleyicilerin g\u00f6nl\u00fcnde taht kuran bir ismin bu denli de\u011fi\u015fmesi, nostaljik duygular\u0131 da tetikledi.<\/p>\n<h3><img loading=\"lazy\" decoding=\"async\" class=\"alignnone wp-image-188504\" src=\"https:\/\/www.tgrthaber.com\/mavikadin\/wp-content\/uploads\/haber-gorselleri-fotoshop-2025-06-08T094943.674-1024x576.jpg\" alt=\"Bir zamanlar\u0131n y\u0131ld\u0131z\u0131yd\u0131! Okan Yalab\u0131k\u2019\u0131n de\u011fi\u015fimi g\u00fcndem oldu\" width=\"1208\" height=\"680\" title=\"\" srcset=\"https:\/\/www.tgrthaber.com\/mavikadin\/wp-content\/uploads\/haber-gorselleri-fotoshop-2025-06-08T094943.674-1024x576.jpg 1024w, https:\/\/www.tgrthaber.com\/mavikadin\/wp-content\/uploads\/haber-gorselleri-fotoshop-2025-06-08T094943.674-300x169.jpg 300w, https:\/\/www.tgrthaber.com\/mavikadin\/wp-content\/uploads\/haber-gorselleri-fotoshop-2025-06-08T094943.674-768x432.jpg 768w, https:\/\/www.tgrthaber.com\/mavikadin\/wp-content\/uploads\/haber-gorselleri-fotoshop-2025-06-08T094943.674-1536x864.jpg 1536w, https:\/\/www.tgrthaber.com\/mavikadin\/wp-content\/uploads\/haber-gorselleri-fotoshop-2025-06-08T094943.674.jpg 1600w\" sizes=\"(max-width: 1208px) 100vw, 1208px\" \/><\/h3>\n<hr \/>\n<h3>OKAN YALABIK\u2019IN DE\u011e\u0130\u015e\u0130M\u0130 G\u00dcNDEM OLDU<\/h3>\n<p>Bir d\u00f6nemlerin ba\u015far\u0131l\u0131 y\u0131ld\u0131z\u0131 olan Okan Yalab\u0131k, yaln\u0131zca Muhte\u015fem Y\u00fczy\u0131l ile de\u011fil, Serseri dizisinde oynad\u0131\u011f\u0131 \u00d6mer rol\u00fcyle de oyunculuk kariyerinin zirvesine \u00e7\u0131km\u0131\u015ft\u0131. D\u00f6nemsel projeleri ve tiyatrodaki performanslar\u0131yla da ad\u0131ndan s\u00f6z ettiren sanat\u00e7\u0131, zaman i\u00e7inde kamera \u00f6n\u00fcnden daha \u00e7ok sahneye ve \u00f6zel ya\u015fam\u0131na y\u00f6neldi. Ancak bu durum bir kez daha g\u00f6sterdi ki, toplumun \u00fcnl\u00fc isimlere kar\u015f\u0131 bak\u0131\u015f a\u00e7\u0131s\u0131 yaln\u0131zca yetenek de\u011fil, fiziksel g\u00f6r\u00fcn\u00fcm \u00fczerinden de \u015fekillenebiliyor<\/p>\n","protected":false},"excerpt":{"rendered":"<p>Bir d\u00f6neme damga vuran Okan Yalab\u0131k, uzun bir aradan sonra ortaya \u00e7\u0131kan son g\u00f6r\u00fcnt\u00fcs\u00fcyle g\u00fcndem oldu. Fiziksel de\u011fi\u015fimi sosyal medyada hem destek hem ele\u015ftiri toplarken, oyuncunun sessizli\u011fi dikkat \u00e7ekti. \u0130\u015fte detaylar\u2026<\/p>\n","protected":false},"author":34,"featured_media":188505,"comment_status":"closed","ping_status":"closed","sticky":false,"template":"","format":"standard","meta":{"rank_math_lock_modified_date":false,"footnotes":""},"categories":[76],"tags":[2218,2566,24073],"class_list":["post-188501","post","type-post","status-publish","format-standard","has-post-thumbnail","hentry","category-magazin","tag-magazin-haberleri","tag-okan-yalabik","tag-oyuncunun-yeni-hali"],"_links":{"self":[{"href":"https:\/\/www.tgrthaber.com\/mavikadin\/wp-json\/wp\/v2\/posts\/188501"}],"collection":[{"href":"https:\/\/www.tgrthaber.com\/mavikadin\/wp-json\/wp\/v2\/posts"}],"about":[{"href":"https:\/\/www.tgrthaber.com\/mavikadin\/wp-json\/wp\/v2\/types\/post"}],"author":[{"embeddable":true,"href":"https:\/\/www.tgrthaber.com\/mavikadin\/wp-json\/wp\/v2\/users\/34"}],"replies":[{"embeddable":true,"href":"https:\/\/www.tgrthaber.com\/mavikadin\/wp-json\/wp\/v2\/comments?post=188501"}],"version-history":[{"count":1,"href":"https:\/\/www.tgrthaber.com\/mavikadin\/wp-json\/wp\/v2\/posts\/188501\/revisions"}],"predecessor-version":[{"id":188507,"href":"https:\/\/www.tgrthaber.com\/mavikadin\/wp-json\/wp\/v2\/posts\/188501\/revisions\/188507"}],"wp:featuredmedia":[{"embeddable":true,"href":"https:\/\/www.tgrthaber.com\/mavikadin\/wp-json\/wp\/v2\/media\/188505"}],"wp:attachment":[{"href":"https:\/\/www.tgrthaber.com\/mavikadin\/wp-json\/wp\/v2\/media?parent=188501"}],"wp:term":[{"taxonomy":"category","embeddable":true,"href":"https:\/\/www.tgrthaber.com\/mavikadin\/wp-json\/wp\/v2\/categories?post=188501"},{"taxonomy":"post_tag","embeddable":true,"href":"https:\/\/www.tgrthaber.com\/mavikadin\/wp-json\/wp\/v2\/tags?post=188501"}],"curies":[{"name":"wp","href":"https:\/\/api.w.org\/{rel}","templated":true}]}}