{"id":188516,"date":"2025-06-08T10:32:06","date_gmt":"2025-06-08T07:32:06","guid":{"rendered":"https:\/\/www.tgrthaber.com\/mavikadin\/?p=188516"},"modified":"2025-06-08T10:32:07","modified_gmt":"2025-06-08T07:32:07","slug":"okan-yalabik-kimdir-okan-yalabik-kac-yasinda-nereli","status":"publish","type":"post","link":"https:\/\/www.tgrthaber.com\/mavikadin\/okan-yalabik-kimdir-okan-yalabik-kac-yasinda-nereli\/","title":{"rendered":"Okan Yalab\u0131k kimdir? Okan Yalab\u0131k ka\u00e7 ya\u015f\u0131nda nereli?"},"content":{"rendered":"<p>G\u00fc\u00e7l\u00fc isimlerinden biri olan Okan Yalab\u0131k, son 25 y\u0131lda rol ald\u0131\u011f\u0131 projelerle yaln\u0131zca televizyon seyircisini de\u011fil, tiyatro ve sinema tutkunlar\u0131n\u0131 da derinden etkiledi. Sahnede ba\u015flad\u0131\u011f\u0131 yolculu\u011funu dijital ekranlara kadar ba\u015far\u0131yla ta\u015f\u0131yan Yalab\u0131k, her d\u00f6nem yeniden do\u011fan bir sanat\u00e7\u0131 profili \u00e7iziyor. Peki, Okan Yalab\u0131k kimdir? Okan Yalab\u0131k ka\u00e7 ya\u015f\u0131nda nereli? sorular\u0131n\u0131 sizin i\u00e7in ara\u015ft\u0131rd\u0131k. \u0130\u015fte detaylar\u2026<\/p>\n<h3>OKAN YALABIK K\u0130MD\u0130R?<\/h3>\n<p>Ekranlar\u0131n sevilen y\u00fczlerinden Okan Yalab\u0131k, yetene\u011fi ve \u00e7ok y\u00f6nl\u00fcl\u00fc\u011f\u00fcyle ad\u0131ndan s\u00f6z ettirmeye devam ediyor. Hem sahne \u00fcst\u00fc performanslar\u0131 hem de seslendirme \u00e7al\u0131\u015fmalar\u0131ndaki ustal\u0131\u011f\u0131yla tan\u0131nan sanat\u00e7\u0131, \u00f6zellikle son y\u0131llarda dijital platformlardaki projeleriyle gen\u00e7 ku\u015fa\u011f\u0131n da radar\u0131na girdi. 13 Aral\u0131k 1978&#8217;de \u0130stanbul&#8217;da d\u00fcnyaya geldi.<\/p>\n<p><img loading=\"lazy\" decoding=\"async\" class=\"alignnone wp-image-188524\" src=\"https:\/\/www.tgrthaber.com\/mavikadin\/wp-content\/uploads\/haber-gorselleri-fotoshop-2025-06-08T102920.507-1024x576.jpg\" alt=\"Okan Yalab\u0131k kimdir? Okan Yalab\u0131k ka\u00e7 ya\u015f\u0131nda nereli?\" width=\"1208\" height=\"680\" title=\"\" srcset=\"https:\/\/www.tgrthaber.com\/mavikadin\/wp-content\/uploads\/haber-gorselleri-fotoshop-2025-06-08T102920.507-1024x576.jpg 1024w, https:\/\/www.tgrthaber.com\/mavikadin\/wp-content\/uploads\/haber-gorselleri-fotoshop-2025-06-08T102920.507-300x169.jpg 300w, https:\/\/www.tgrthaber.com\/mavikadin\/wp-content\/uploads\/haber-gorselleri-fotoshop-2025-06-08T102920.507-768x432.jpg 768w, https:\/\/www.tgrthaber.com\/mavikadin\/wp-content\/uploads\/haber-gorselleri-fotoshop-2025-06-08T102920.507-1536x864.jpg 1536w, https:\/\/www.tgrthaber.com\/mavikadin\/wp-content\/uploads\/haber-gorselleri-fotoshop-2025-06-08T102920.507.jpg 1600w\" sizes=\"(max-width: 1208px) 100vw, 1208px\" \/><\/p>\n<hr \/>\n<p>Okan Yalab\u0131k, k\u00fc\u00e7\u00fck ya\u015flarda oyunculu\u011fa ilgi duymaya ba\u015flad\u0131 ve ilk\u00f6\u011frenimini Ma\u00e7ka \u0130lkokulu&#8217;nda tamamlad\u0131. Lise d\u00f6neminde \u015ei\u015fli Terakki Lisesi ve ard\u0131ndan Sak\u0131p Sabanc\u0131 Anadolu Lisesi&#8217;nde e\u011fitim g\u00f6rd\u00fc. Lise y\u0131llar\u0131nda kurdu\u011fu tiyatro toplulu\u011fu ile sahneye olan tutkusunu daha da ileri ta\u015f\u0131d\u0131. Bu ilgisi onu \u0130stanbul \u00dcniversitesi Devlet Konservatuvar\u0131 Tiyatro B\u00f6l\u00fcm\u00fc&#8217;ne ta\u015f\u0131d\u0131. Oyunculuk e\u011fitimini s\u00fcrd\u00fcr\u00fcrken, 1998 y\u0131l\u0131nda Kenter Tiyatrosu\u2019nda sahnelenen \u201cMart\u0131\u201d oyunuyla profesyonel tiyatro hayat\u0131na ilk ad\u0131m\u0131n\u0131 att\u0131.<\/p>\n<p><img loading=\"lazy\" decoding=\"async\" class=\"alignnone wp-image-188529\" src=\"https:\/\/www.tgrthaber.com\/mavikadin\/wp-content\/uploads\/haber-gorselleri-fotoshop-2025-06-08T102806.886-1024x576.jpg\" alt=\"Okan Yalab\u0131k kimdir? Okan Yalab\u0131k ka\u00e7 ya\u015f\u0131nda nereli?\" width=\"1208\" height=\"680\" title=\"\" srcset=\"https:\/\/www.tgrthaber.com\/mavikadin\/wp-content\/uploads\/haber-gorselleri-fotoshop-2025-06-08T102806.886-1024x576.jpg 1024w, https:\/\/www.tgrthaber.com\/mavikadin\/wp-content\/uploads\/haber-gorselleri-fotoshop-2025-06-08T102806.886-300x169.jpg 300w, https:\/\/www.tgrthaber.com\/mavikadin\/wp-content\/uploads\/haber-gorselleri-fotoshop-2025-06-08T102806.886-768x432.jpg 768w, https:\/\/www.tgrthaber.com\/mavikadin\/wp-content\/uploads\/haber-gorselleri-fotoshop-2025-06-08T102806.886-1536x864.jpg 1536w, https:\/\/www.tgrthaber.com\/mavikadin\/wp-content\/uploads\/haber-gorselleri-fotoshop-2025-06-08T102806.886.jpg 1600w\" sizes=\"(max-width: 1208px) 100vw, 1208px\" \/><\/p>\n<hr \/>\n<p>Tiyatronun ard\u0131ndan televizyon d\u00fcnyas\u0131na ge\u00e7i\u015f yapan Yalab\u0131k, 1990&#8217;lar\u0131n sonlar\u0131nda \u201cY\u0131lan Hik\u00e2yesi\u201d ile geni\u015f kitlelere ad\u0131n\u0131 duyurdu. Ancak as\u0131l \u00e7\u0131k\u0131\u015f\u0131n\u0131 2011-2014 y\u0131llar\u0131 aras\u0131nda yay\u0131nlanan \u201cMuhte\u015fem Y\u00fczy\u0131l\u201d dizisindeki Pargal\u0131 \u0130brahim Pa\u015fa rol\u00fcyle yapt\u0131. Bu unutulmaz performans, ona Antalya Televizyon \u00d6d\u00fclleri\u2019nde \u201cEn \u0130yi Dizi Erkek Oyuncu\u201d \u00f6d\u00fcl\u00fcn\u00fc kazand\u0131rd\u0131. Dizi severlerin g\u00f6nl\u00fcnde taht kuran bu karakter, oyuncunun kariyerinde d\u00f6n\u00fcm noktas\u0131 oldu.<\/p>\n<h3><img loading=\"lazy\" decoding=\"async\" class=\"alignnone wp-image-188528\" src=\"https:\/\/www.tgrthaber.com\/mavikadin\/wp-content\/uploads\/haber-gorselleri-fotoshop-2025-06-08T102817.226-1024x576.jpg\" alt=\"Okan Yalab\u0131k kimdir? Okan Yalab\u0131k ka\u00e7 ya\u015f\u0131nda nereli?\" width=\"1208\" height=\"680\" title=\"\" srcset=\"https:\/\/www.tgrthaber.com\/mavikadin\/wp-content\/uploads\/haber-gorselleri-fotoshop-2025-06-08T102817.226-1024x576.jpg 1024w, https:\/\/www.tgrthaber.com\/mavikadin\/wp-content\/uploads\/haber-gorselleri-fotoshop-2025-06-08T102817.226-300x169.jpg 300w, https:\/\/www.tgrthaber.com\/mavikadin\/wp-content\/uploads\/haber-gorselleri-fotoshop-2025-06-08T102817.226-768x432.jpg 768w, https:\/\/www.tgrthaber.com\/mavikadin\/wp-content\/uploads\/haber-gorselleri-fotoshop-2025-06-08T102817.226-1536x864.jpg 1536w, https:\/\/www.tgrthaber.com\/mavikadin\/wp-content\/uploads\/haber-gorselleri-fotoshop-2025-06-08T102817.226.jpg 1600w\" sizes=\"(max-width: 1208px) 100vw, 1208px\" \/><\/h3>\n<hr \/>\n<h3>OKAN YALABIK NEREL\u0130?<\/h3>\n<p>Sadece ekranda de\u011fil, beyazperdede de etkileyici performanslara imza atan Okan Yalab\u0131k, 2010 y\u0131l\u0131nda vizyona giren \u201cAv Mevsimi\u201d filmiyle b\u00fcy\u00fck be\u011feni toplad\u0131. K\u00f6ken olarak Bal\u0131kesirli bir ailenin \u00e7ocu\u011fu. \u00a0\u00a0\u201cAv Mevsimi\u201d filmdeki rol\u00fcyle 4. Ye\u015fil\u00e7am \u00d6d\u00fclleri\u2019nde \u201cEn \u0130yi Yard\u0131mc\u0131 Erkek Oyuncu\u201d \u00f6d\u00fcl\u00fcne lay\u0131k g\u00f6r\u00fcld\u00fc. Ayr\u0131ca, \u201cK\u00f6t\u00fc Kedi \u015eerafettin\u201d ve \u201cAnnemin Yaras\u0131\u201d gibi projelerde de ba\u015far\u0131l\u0131 bir \u015fekilde yer ald\u0131.<\/p>\n<p><img loading=\"lazy\" decoding=\"async\" class=\"alignnone wp-image-188527\" src=\"https:\/\/www.tgrthaber.com\/mavikadin\/wp-content\/uploads\/haber-gorselleri-fotoshop-2025-06-08T102824.215-1024x576.jpg\" alt=\"Okan Yalab\u0131k kimdir? Okan Yalab\u0131k ka\u00e7 ya\u015f\u0131nda nereli?\" width=\"1208\" height=\"680\" title=\"\" srcset=\"https:\/\/www.tgrthaber.com\/mavikadin\/wp-content\/uploads\/haber-gorselleri-fotoshop-2025-06-08T102824.215-1024x576.jpg 1024w, https:\/\/www.tgrthaber.com\/mavikadin\/wp-content\/uploads\/haber-gorselleri-fotoshop-2025-06-08T102824.215-300x169.jpg 300w, https:\/\/www.tgrthaber.com\/mavikadin\/wp-content\/uploads\/haber-gorselleri-fotoshop-2025-06-08T102824.215-768x432.jpg 768w, https:\/\/www.tgrthaber.com\/mavikadin\/wp-content\/uploads\/haber-gorselleri-fotoshop-2025-06-08T102824.215-1536x864.jpg 1536w, https:\/\/www.tgrthaber.com\/mavikadin\/wp-content\/uploads\/haber-gorselleri-fotoshop-2025-06-08T102824.215.jpg 1600w\" sizes=\"(max-width: 1208px) 100vw, 1208px\" \/><\/p>\n<hr \/>\n<p>Yalab\u0131k\u2019\u0131n seslendirme alan\u0131ndaki \u00e7al\u0131\u015fmalar\u0131 da dikkat \u00e7ekici. \u201cKung Fu Panda\u201d film serisinde Po karakterini oynarken, \u201cUncharted\u201d oyun serisinde ana karakter Nathan Drake\u2019i seslendirdi. Bu alandaki yetene\u011fiyle, sadece oyuncu de\u011fil ayn\u0131 zamanda etkileyici bir seslendirme sanat\u00e7\u0131s\u0131 oldu\u011funu da kan\u0131tlad\u0131.<\/p>\n<h3><img loading=\"lazy\" decoding=\"async\" class=\"alignnone wp-image-188526\" src=\"https:\/\/www.tgrthaber.com\/mavikadin\/wp-content\/uploads\/haber-gorselleri-fotoshop-2025-06-08T102831.880-1024x576.jpg\" alt=\"Okan Yalab\u0131k kimdir? Okan Yalab\u0131k ka\u00e7 ya\u015f\u0131nda nereli?\" width=\"1208\" height=\"680\" title=\"\" srcset=\"https:\/\/www.tgrthaber.com\/mavikadin\/wp-content\/uploads\/haber-gorselleri-fotoshop-2025-06-08T102831.880-1024x576.jpg 1024w, https:\/\/www.tgrthaber.com\/mavikadin\/wp-content\/uploads\/haber-gorselleri-fotoshop-2025-06-08T102831.880-300x169.jpg 300w, https:\/\/www.tgrthaber.com\/mavikadin\/wp-content\/uploads\/haber-gorselleri-fotoshop-2025-06-08T102831.880-768x432.jpg 768w, https:\/\/www.tgrthaber.com\/mavikadin\/wp-content\/uploads\/haber-gorselleri-fotoshop-2025-06-08T102831.880-1536x864.jpg 1536w, https:\/\/www.tgrthaber.com\/mavikadin\/wp-content\/uploads\/haber-gorselleri-fotoshop-2025-06-08T102831.880.jpg 1600w\" sizes=\"(max-width: 1208px) 100vw, 1208px\" \/><\/h3>\n<hr \/>\n<h3>OKAN YALABIK KA\u00c7 YA\u015eINDA?<\/h3>\n<p>Son y\u0131llarda ise Netflix\u2019in yerli yap\u0131m\u0131 \u201cHakan: Muhaf\u0131z\u201d dizisiyle dijital platform izleyicisinin kar\u015f\u0131s\u0131na \u00e7\u0131kan Yalab\u0131k, \u201cVatan\u0131m Sensin\u201d ve \u201cHekimo\u011flu\u201d gibi yap\u0131mlarda da rol ald\u0131. \u00d6zellikle dijital projelerdeki varl\u0131\u011f\u0131, onun oyunculuk \u00e7izgisini \u00e7a\u011f\u0131n gereklerine uygun \u015fekilde s\u00fcrd\u00fcrd\u00fc\u011f\u00fcn\u00fcn bir g\u00f6stergesi.<\/p>\n<p><img loading=\"lazy\" decoding=\"async\" class=\"alignnone wp-image-188525\" src=\"https:\/\/www.tgrthaber.com\/mavikadin\/wp-content\/uploads\/haber-gorselleri-fotoshop-2025-06-08T102850.864-1024x576.jpg\" alt=\"Okan Yalab\u0131k kimdir? Okan Yalab\u0131k ka\u00e7 ya\u015f\u0131nda nereli?\" width=\"1208\" height=\"680\" title=\"\" srcset=\"https:\/\/www.tgrthaber.com\/mavikadin\/wp-content\/uploads\/haber-gorselleri-fotoshop-2025-06-08T102850.864-1024x576.jpg 1024w, https:\/\/www.tgrthaber.com\/mavikadin\/wp-content\/uploads\/haber-gorselleri-fotoshop-2025-06-08T102850.864-300x169.jpg 300w, https:\/\/www.tgrthaber.com\/mavikadin\/wp-content\/uploads\/haber-gorselleri-fotoshop-2025-06-08T102850.864-768x432.jpg 768w, https:\/\/www.tgrthaber.com\/mavikadin\/wp-content\/uploads\/haber-gorselleri-fotoshop-2025-06-08T102850.864-1536x864.jpg 1536w, https:\/\/www.tgrthaber.com\/mavikadin\/wp-content\/uploads\/haber-gorselleri-fotoshop-2025-06-08T102850.864.jpg 1600w\" sizes=\"(max-width: 1208px) 100vw, 1208px\" \/><\/p>\n<hr \/>\n<p>Bug\u00fcn 46 ya\u015f\u0131nda olan Okan Yalab\u0131k, sanat d\u00fcnyas\u0131nda kendine sa\u011flam bir yer edinmi\u015f durumda. E\u011fitim hayat\u0131n\u0131 Kadir Has \u00dcniversitesi\u2019nde Film ve Drama y\u00fcksek lisans\u0131yla ta\u00e7land\u0131ran usta oyuncu hem ge\u00e7mi\u015fiyle hem de gelece\u011fe d\u00f6n\u00fck projeleriyle T\u00fcrkiye\u2019nin en sayg\u0131n sanat\u00e7\u0131lar\u0131ndan biri olmaya devam ediyor.<\/p>\n","protected":false},"excerpt":{"rendered":"<p>Okan Yalab\u0131k, her rol\u00fcyle haf\u0131zalara kaz\u0131nan ve sanat\u0131n\u0131 s\u00fcrekli geli\u015ftiren bir oyuncu olarak seyircinin g\u00f6nl\u00fcnde taht kurdu. Muhte\u015fem Y\u00fczy\u0131l\u2019daki Pargal\u0131 \u0130brahim Pa\u015fa performans\u0131yla zirveye \u00e7\u0131kan oyuncu hem sesiyle hem de sahnedeki varl\u0131\u011f\u0131yla sekt\u00f6rde iz b\u0131rakmaya devam ediyor. Peki, Okan Yalab\u0131k kimdir? Okan Yalab\u0131k ka\u00e7 ya\u015f\u0131nda nereli? \u0130\u015fte detaylar\u2026<\/p>\n","protected":false},"author":34,"featured_media":188530,"comment_status":"closed","ping_status":"closed","sticky":false,"template":"","format":"standard","meta":{"rank_math_lock_modified_date":false,"footnotes":""},"categories":[491],"tags":[16521,133,2566,24081],"class_list":["post-188516","post","type-post","status-publish","format-standard","has-post-thumbnail","hentry","category-biyografi","tag-biyografi-haberleri","tag-magazin","tag-okan-yalabik","tag-okan-yalabik-kimdir"],"_links":{"self":[{"href":"https:\/\/www.tgrthaber.com\/mavikadin\/wp-json\/wp\/v2\/posts\/188516"}],"collection":[{"href":"https:\/\/www.tgrthaber.com\/mavikadin\/wp-json\/wp\/v2\/posts"}],"about":[{"href":"https:\/\/www.tgrthaber.com\/mavikadin\/wp-json\/wp\/v2\/types\/post"}],"author":[{"embeddable":true,"href":"https:\/\/www.tgrthaber.com\/mavikadin\/wp-json\/wp\/v2\/users\/34"}],"replies":[{"embeddable":true,"href":"https:\/\/www.tgrthaber.com\/mavikadin\/wp-json\/wp\/v2\/comments?post=188516"}],"version-history":[{"count":2,"href":"https:\/\/www.tgrthaber.com\/mavikadin\/wp-json\/wp\/v2\/posts\/188516\/revisions"}],"predecessor-version":[{"id":188532,"href":"https:\/\/www.tgrthaber.com\/mavikadin\/wp-json\/wp\/v2\/posts\/188516\/revisions\/188532"}],"wp:featuredmedia":[{"embeddable":true,"href":"https:\/\/www.tgrthaber.com\/mavikadin\/wp-json\/wp\/v2\/media\/188530"}],"wp:attachment":[{"href":"https:\/\/www.tgrthaber.com\/mavikadin\/wp-json\/wp\/v2\/media?parent=188516"}],"wp:term":[{"taxonomy":"category","embeddable":true,"href":"https:\/\/www.tgrthaber.com\/mavikadin\/wp-json\/wp\/v2\/categories?post=188516"},{"taxonomy":"post_tag","embeddable":true,"href":"https:\/\/www.tgrthaber.com\/mavikadin\/wp-json\/wp\/v2\/tags?post=188516"}],"curies":[{"name":"wp","href":"https:\/\/api.w.org\/{rel}","templated":true}]}}