{"id":188576,"date":"2025-06-08T12:58:46","date_gmt":"2025-06-08T09:58:46","guid":{"rendered":"https:\/\/www.tgrthaber.com\/mavikadin\/?p=188576"},"modified":"2025-06-08T12:58:46","modified_gmt":"2025-06-08T09:58:46","slug":"gurkan-uygunun-esi-bbg-yarismacisiymis-guzeller-guzeli-es-yeniden-gundeme-oturdu","status":"publish","type":"post","link":"https:\/\/www.tgrthaber.com\/mavikadin\/gurkan-uygunun-esi-bbg-yarismacisiymis-guzeller-guzeli-es-yeniden-gundeme-oturdu\/","title":{"rendered":"G\u00fcrkan Uygun\u2019un e\u015fi BBG yar\u0131\u015fmac\u0131s\u0131ym\u0131\u015f! G\u00fczeller g\u00fczeli e\u015f yeniden g\u00fcndeme oturdu"},"content":{"rendered":"<p>Kurtlar Vadisi dizisinde oynad\u0131\u011f\u0131 &#8220;Memati&#8221; karakteriyle milyonlar\u0131n sevgisini kazanan G\u00fcrkan Uygun, yaln\u0131zca ba\u015far\u0131l\u0131 oyunculu\u011fuyla de\u011fil, \u00f6rnek aile hayat\u0131yla da dikkat \u00e7ekiyor. Son g\u00fcnlerde magazin d\u00fcnyas\u0131nda yeniden g\u00fcndeme gelen G\u00fcrkan Uygun\u2019un 17 y\u0131ll\u0131k e\u015fi \u015eebnem Ceylan\u2019\u0131n, zaman\u0131nda &#8220;BBG Evi&#8221;nden \u00e7\u0131kt\u0131\u011f\u0131 ortaya \u00e7\u0131k\u0131nca sosyal medya adeta \u00e7alkaland\u0131. \u0130\u015fte detaylar\u2026<\/p>\n<h3>G\u00dcRKAN UYGUN\u2019UN E\u015e\u0130 BBG YARI\u015eMACISIYMI\u015e!<\/h3>\n<p>T\u00fcrk televizyon tarihine damga vuran yap\u0131mlardan Kurtlar Vadisi dizisinde &#8220;Memati&#8221; karakteriyle haf\u0131zalara kaz\u0131nan G\u00fcrkan Uygun, yaln\u0131zca oyunculu\u011fuyla de\u011fil \u00f6zel hayat\u0131yla da s\u0131k s\u0131k merak konusu oluyor. Y\u0131llard\u0131r g\u00f6zlerden uzak, m\u00fctevaz\u0131 bir ya\u015fam s\u00fcren ba\u015far\u0131l\u0131 oyuncunun 17 y\u0131ll\u0131k e\u015fi \u015eebnem Ceylan\u2019\u0131n, bir d\u00f6nemin en \u00e7ok konu\u015fulan reality programlar\u0131ndan &#8220;Biri Bizi G\u00f6zetliyor&#8221; (BBG) yar\u0131\u015fmas\u0131n\u0131n unutulmayan isimlerinden biri oldu\u011fu ortaya \u00e7\u0131kt\u0131.<\/p>\n<p><img loading=\"lazy\" decoding=\"async\" class=\"alignnone wp-image-188579\" src=\"https:\/\/www.tgrthaber.com\/mavikadin\/wp-content\/uploads\/haber-gorselleri-fotoshop-2025-06-08T125613.868-1024x576.jpg\" alt=\"G\u00fcrkan Uygun\u2019un e\u015fi BBG yar\u0131\u015fmac\u0131s\u0131ym\u0131\u015f! G\u00fczeller g\u00fczeli e\u015f yeniden g\u00fcndeme oturdu\" width=\"1208\" height=\"680\" title=\"\" srcset=\"https:\/\/www.tgrthaber.com\/mavikadin\/wp-content\/uploads\/haber-gorselleri-fotoshop-2025-06-08T125613.868-1024x576.jpg 1024w, https:\/\/www.tgrthaber.com\/mavikadin\/wp-content\/uploads\/haber-gorselleri-fotoshop-2025-06-08T125613.868-300x169.jpg 300w, https:\/\/www.tgrthaber.com\/mavikadin\/wp-content\/uploads\/haber-gorselleri-fotoshop-2025-06-08T125613.868-768x432.jpg 768w, https:\/\/www.tgrthaber.com\/mavikadin\/wp-content\/uploads\/haber-gorselleri-fotoshop-2025-06-08T125613.868-1536x864.jpg 1536w, https:\/\/www.tgrthaber.com\/mavikadin\/wp-content\/uploads\/haber-gorselleri-fotoshop-2025-06-08T125613.868.jpg 1600w\" sizes=\"(max-width: 1208px) 100vw, 1208px\" \/><\/p>\n<hr \/>\n<p>Televizyon ekranlar\u0131nda 2000\u2019li y\u0131llar\u0131n ba\u015f\u0131nda f\u0131rt\u0131na gibi esen BBG yar\u0131\u015fmas\u0131nda do\u011fall\u0131\u011f\u0131 ve samimiyetiyle dikkat \u00e7eken \u015eebnem Ceylan, o d\u00f6nemin izleyicileri taraf\u0131ndan &#8220;i\u00e7ten ve ger\u00e7ek&#8221; duru\u015fuyla hat\u0131rlan\u0131yor. Ekranlar\u0131n tozunu att\u0131ran bu yar\u0131\u015fmadan sonra kamuoyunun g\u00f6z\u00fcnden uzakla\u015fan Ceylan, ekranlara veda ederek sade bir hayat\u0131 tercih etti. Bu tercih onu ilerleyen y\u0131llarda T\u00fcrkiye&#8217;nin en tan\u0131nm\u0131\u015f oyuncular\u0131ndan biriyle, G\u00fcrkan Uygun&#8217;la yollar\u0131n\u0131 kesi\u015ftirdi.<\/p>\n<p><img loading=\"lazy\" decoding=\"async\" class=\"alignnone wp-image-188578\" src=\"https:\/\/www.tgrthaber.com\/mavikadin\/wp-content\/uploads\/haber-gorselleri-fotoshop-2025-06-08T125618.886-1024x576.jpg\" alt=\"G\u00fcrkan Uygun\u2019un e\u015fi BBG yar\u0131\u015fmac\u0131s\u0131ym\u0131\u015f! G\u00fczeller g\u00fczeli e\u015f yeniden g\u00fcndeme oturdu\" width=\"1208\" height=\"680\" title=\"\" srcset=\"https:\/\/www.tgrthaber.com\/mavikadin\/wp-content\/uploads\/haber-gorselleri-fotoshop-2025-06-08T125618.886-1024x576.jpg 1024w, https:\/\/www.tgrthaber.com\/mavikadin\/wp-content\/uploads\/haber-gorselleri-fotoshop-2025-06-08T125618.886-300x169.jpg 300w, https:\/\/www.tgrthaber.com\/mavikadin\/wp-content\/uploads\/haber-gorselleri-fotoshop-2025-06-08T125618.886-768x432.jpg 768w, https:\/\/www.tgrthaber.com\/mavikadin\/wp-content\/uploads\/haber-gorselleri-fotoshop-2025-06-08T125618.886-1536x864.jpg 1536w, https:\/\/www.tgrthaber.com\/mavikadin\/wp-content\/uploads\/haber-gorselleri-fotoshop-2025-06-08T125618.886.jpg 1600w\" sizes=\"(max-width: 1208px) 100vw, 1208px\" \/><\/p>\n<hr \/>\n<p>2008 y\u0131l\u0131nda d\u00fcnyaevine giren G\u00fcrkan Uygun ve \u015eebnem Ceylan Uygun \u00e7ifti, magazin bas\u0131n\u0131n\u0131n uza\u011f\u0131nda, g\u00f6zlerden \u0131rak bir hayat s\u00fcrmeyi tercih etti. 17 y\u0131ll\u0131k evliliklerinde medyadan \u00f6zellikle uzak durmalar\u0131yla bilinen \u00e7iftin bu kadar uzun soluklu bir ili\u015fkiyi s\u00fcrd\u00fcrebilmesi, magazin \u00e7evrelerinde de takdirle kar\u015f\u0131lan\u0131yor. \u00dc\u00e7 \u00e7ocuklar\u0131 olan \u00e7iftin en k\u00fc\u00e7\u00fck o\u011fullar\u0131 Miran Mavi, 2021 y\u0131l\u0131nda d\u00fcnyaya geldi.<\/p>\n<h3><img loading=\"lazy\" decoding=\"async\" class=\"alignnone wp-image-188581\" src=\"https:\/\/www.tgrthaber.com\/mavikadin\/wp-content\/uploads\/haber-gorselleri-fotoshop-2025-06-08T125525.069-1024x576.jpg\" alt=\"G\u00fcrkan Uygun\u2019un e\u015fi BBG yar\u0131\u015fmac\u0131s\u0131ym\u0131\u015f! G\u00fczeller g\u00fczeli e\u015f yeniden g\u00fcndeme oturdu\" width=\"1208\" height=\"680\" title=\"\" srcset=\"https:\/\/www.tgrthaber.com\/mavikadin\/wp-content\/uploads\/haber-gorselleri-fotoshop-2025-06-08T125525.069-1024x576.jpg 1024w, https:\/\/www.tgrthaber.com\/mavikadin\/wp-content\/uploads\/haber-gorselleri-fotoshop-2025-06-08T125525.069-300x169.jpg 300w, https:\/\/www.tgrthaber.com\/mavikadin\/wp-content\/uploads\/haber-gorselleri-fotoshop-2025-06-08T125525.069-768x432.jpg 768w, https:\/\/www.tgrthaber.com\/mavikadin\/wp-content\/uploads\/haber-gorselleri-fotoshop-2025-06-08T125525.069-1536x864.jpg 1536w, https:\/\/www.tgrthaber.com\/mavikadin\/wp-content\/uploads\/haber-gorselleri-fotoshop-2025-06-08T125525.069.jpg 1600w\" sizes=\"(max-width: 1208px) 100vw, 1208px\" \/><\/h3>\n<hr \/>\n<h3><strong>G\u00dcZELLER G\u00dcZEL\u0130 E\u015e G\u00dcNDEME OTURDU<\/strong><\/h3>\n<p>G\u00fcrkan Uygun\u2019un son olarak rol ald\u0131\u011f\u0131 \u201cBir Gece Masal\u0131\u201d dizisindeki ba\u015far\u0131l\u0131 performans\u0131 sonras\u0131 tekrar g\u00fcndeme gelmesi, magazin bas\u0131n\u0131n\u0131 da yeniden harekete ge\u00e7irdi. Sabah Gazetesi\u2019nin haberine g\u00f6re, bir d\u00f6nemin ekran fenomeni olan \u015eebnem Ceylan, \u015fimdi \u00fc\u00e7 \u00e7ocuk annesi, sakin bir ya\u015fam\u0131 se\u00e7mi\u015f bir kad\u0131n olarak G\u00fcrkan Uygun\u2019un en b\u00fcy\u00fck destek\u00e7isi. Sosyal medyada s\u0131k\u00e7a g\u00fcndeme gelen aile pozlar\u0131 ise \u00e7iftin mutlu evlili\u011fini g\u00f6zler \u00f6n\u00fcne seriyor.<\/p>\n","protected":false},"excerpt":{"rendered":"<p>Ekranlar\u0131n unutulmaz karakterlerinden biri olan \u201cMemati&#8221; ile haf\u0131zalara kaz\u0131nan G\u00fcrkan Uygun\u2019un 17 y\u0131ll\u0131k e\u015finin, bir d\u00f6neme damgas\u0131n\u0131 vuran BBG yar\u0131\u015fmas\u0131 olan \u015eebnem Ceylan detay\u0131 yeniden g\u00fcndeme geldi. \u0130\u015fte detaylar\u2026<\/p>\n","protected":false},"author":34,"featured_media":188580,"comment_status":"closed","ping_status":"closed","sticky":false,"template":"","format":"standard","meta":{"rank_math_lock_modified_date":false,"footnotes":""},"categories":[76],"tags":[2225,2226,133,2218,24087],"class_list":["post-188576","post","type-post","status-publish","format-standard","has-post-thumbnail","hentry","category-magazin","tag-gurkan-uygun","tag-kurtlar-vadisi","tag-magazin","tag-magazin-haberleri","tag-sebnem-ceylan"],"_links":{"self":[{"href":"https:\/\/www.tgrthaber.com\/mavikadin\/wp-json\/wp\/v2\/posts\/188576"}],"collection":[{"href":"https:\/\/www.tgrthaber.com\/mavikadin\/wp-json\/wp\/v2\/posts"}],"about":[{"href":"https:\/\/www.tgrthaber.com\/mavikadin\/wp-json\/wp\/v2\/types\/post"}],"author":[{"embeddable":true,"href":"https:\/\/www.tgrthaber.com\/mavikadin\/wp-json\/wp\/v2\/users\/34"}],"replies":[{"embeddable":true,"href":"https:\/\/www.tgrthaber.com\/mavikadin\/wp-json\/wp\/v2\/comments?post=188576"}],"version-history":[{"count":1,"href":"https:\/\/www.tgrthaber.com\/mavikadin\/wp-json\/wp\/v2\/posts\/188576\/revisions"}],"predecessor-version":[{"id":188582,"href":"https:\/\/www.tgrthaber.com\/mavikadin\/wp-json\/wp\/v2\/posts\/188576\/revisions\/188582"}],"wp:featuredmedia":[{"embeddable":true,"href":"https:\/\/www.tgrthaber.com\/mavikadin\/wp-json\/wp\/v2\/media\/188580"}],"wp:attachment":[{"href":"https:\/\/www.tgrthaber.com\/mavikadin\/wp-json\/wp\/v2\/media?parent=188576"}],"wp:term":[{"taxonomy":"category","embeddable":true,"href":"https:\/\/www.tgrthaber.com\/mavikadin\/wp-json\/wp\/v2\/categories?post=188576"},{"taxonomy":"post_tag","embeddable":true,"href":"https:\/\/www.tgrthaber.com\/mavikadin\/wp-json\/wp\/v2\/tags?post=188576"}],"curies":[{"name":"wp","href":"https:\/\/api.w.org\/{rel}","templated":true}]}}