{"id":188607,"date":"2025-06-08T14:20:06","date_gmt":"2025-06-08T11:20:06","guid":{"rendered":"https:\/\/www.tgrthaber.com\/mavikadin\/?p=188607"},"modified":"2025-06-08T14:20:06","modified_gmt":"2025-06-08T11:20:06","slug":"masterchefin-olay-ismi-murat-ozdemir-cezaevinden-cikti-sosyal-medyadaki-sozleri-tepki-cekti","status":"publish","type":"post","link":"https:\/\/www.tgrthaber.com\/mavikadin\/masterchefin-olay-ismi-murat-ozdemir-cezaevinden-cikti-sosyal-medyadaki-sozleri-tepki-cekti\/","title":{"rendered":"MasterChef\u2019in olay ismi Murat \u00d6zdemir cezaevinden \u00e7\u0131kt\u0131! Sosyal medyadaki s\u00f6zleri tepki \u00e7ekti"},"content":{"rendered":"<p>MasterChef yar\u0131\u015fmas\u0131ndaki olayl\u0131 davran\u0131\u015flar\u0131yla ad\u0131ndan s\u00f6z ettiren Murat \u00d6zdemir, infaz d\u00fczenlemesi kapsam\u0131nda tahliye edilerek cezaevinden \u00e7\u0131kt\u0131. Tahliyesinin ard\u0131ndan sosyal medya hesab\u0131ndan yapt\u0131\u011f\u0131 a\u00e7\u0131klama, kamuoyunda yeni tart\u0131\u015fmalara yol a\u00e7t\u0131.<\/p>\n<h3>ALLAH TAYY\u0130P\u2019TEN RAZI OLSUN<\/h3>\n<p>Tahliyesi sonras\u0131 ilk a\u00e7\u0131klamas\u0131n\u0131 sosyal medya hesab\u0131ndan payla\u015fan Murat \u00d6zdemir, Cumhurba\u015fkan\u0131 Recep Tayyip Erdo\u011fan\u2019a te\u015fekk\u00fcr ederek \u201cAllah Tayyip\u2019ten raz\u0131 olsun. Allah, Tayyip\u2019i sevmeyenlerin \u00f6mr\u00fcn\u00fc Tayyip\u2019e versin\u201d ifadelerini kulland\u0131. \u00d6zdemir\u2019in bu s\u00f6zleri sosyal medyada b\u00fcy\u00fck tepki toplad\u0131. Kullan\u0131c\u0131lar\u0131n \u00e7o\u011fu, \u00d6zdemir\u2019in bu a\u00e7\u0131klamas\u0131yla muhalifleri hedef ald\u0131\u011f\u0131n\u0131 savundu.<\/p>\n<p><img loading=\"lazy\" decoding=\"async\" class=\"alignnone size-full wp-image-188610\" src=\"https:\/\/www.tgrthaber.com\/mavikadin\/wp-content\/uploads\/2-1206.png\" alt=\"\" width=\"1280\" height=\"720\" title=\"\" srcset=\"https:\/\/www.tgrthaber.com\/mavikadin\/wp-content\/uploads\/2-1206.png 1280w, https:\/\/www.tgrthaber.com\/mavikadin\/wp-content\/uploads\/2-1206-300x169.png 300w, https:\/\/www.tgrthaber.com\/mavikadin\/wp-content\/uploads\/2-1206-1024x576.png 1024w, https:\/\/www.tgrthaber.com\/mavikadin\/wp-content\/uploads\/2-1206-768x432.png 768w\" sizes=\"(max-width: 1280px) 100vw, 1280px\" \/><\/p>\n<hr \/>\n<h3>GE\u00c7M\u0130\u015e\u0130NDE SKANDALLARLA G\u00dcNDEMDEYD\u0130<\/h3>\n<p>Murat \u00d6zdemir, MasterChef yar\u0131\u015fmas\u0131ndan diskalifiye edildikten sonra sarho\u015f bir \u015fekilde a\u00e7t\u0131\u011f\u0131 canl\u0131 yay\u0131nlarda hem yap\u0131mc\u0131 Acun Il\u0131cal\u0131\u2019ya hem de yar\u0131\u015fmac\u0131lara hakaret etmi\u015fti. Bu yay\u0131nlar\u0131n en \u00e7ok tepki \u00e7eken an\u0131 ise, \u00d6zdemir\u2019in papa\u011f\u0131na \u015fiddet uygulad\u0131\u011f\u0131 g\u00f6r\u00fcnt\u00fclerdi. Hayvanseverlerin ve kamuoyunun sert tepkisi \u00fczerine ba\u015flat\u0131lan soru\u015fturmada, \u00d6zdemir\u2019in ge\u00e7mi\u015fte de bir\u00e7ok su\u00e7tan sab\u0131kal\u0131 oldu\u011fu ortaya \u00e7\u0131km\u0131\u015ft\u0131.<\/p>\n<p><img loading=\"lazy\" decoding=\"async\" class=\"alignnone size-full wp-image-188613\" src=\"https:\/\/www.tgrthaber.com\/mavikadin\/wp-content\/uploads\/3-1184.png\" alt=\"\" width=\"1280\" height=\"720\" title=\"\" srcset=\"https:\/\/www.tgrthaber.com\/mavikadin\/wp-content\/uploads\/3-1184.png 1280w, https:\/\/www.tgrthaber.com\/mavikadin\/wp-content\/uploads\/3-1184-300x169.png 300w, https:\/\/www.tgrthaber.com\/mavikadin\/wp-content\/uploads\/3-1184-1024x576.png 1024w, https:\/\/www.tgrthaber.com\/mavikadin\/wp-content\/uploads\/3-1184-768x432.png 768w\" sizes=\"(max-width: 1280px) 100vw, 1280px\" \/><\/p>\n<hr \/>\n<h3>PAPA\u011eANIN \u00d6L\u00dcM\u00dcYLE BA\u015eLAYAN S\u00dcRE\u00c7<\/h3>\n<p>Papa\u011fan\u0131n \u00f6l\u00fcm\u00fcyle sonu\u00e7lanan olay sonras\u0131nda \u00d6zdemir hakk\u0131nda uyu\u015fturucu madde kullanmak, mala zarar vermek ve aile i\u00e7i \u015fiddet gibi su\u00e7lamalarla davalar a\u00e7\u0131ld\u0131. Bu su\u00e7lardan ald\u0131\u011f\u0131 cezalar kesinle\u015fince cezaevine g\u00f6nderilen \u00d6zdemir, infaz d\u00fczenlemesiyle tahliye edildi.<\/p>\n<h3>POL\u0130SLE YA\u015eADI\u011eI GERG\u0130NL\u0130K UNUTULMADI<\/h3>\n<p>Murat \u00d6zdemir\u2019in ge\u00e7mi\u015fte Bolu\u2019da ya\u015fad\u0131\u011f\u0131 bir olay da haf\u0131zalardaki yerini koruyor. Arabas\u0131n\u0131 yanl\u0131\u015f yere park etti\u011fi gerek\u00e7esiyle bir polis memuruyla tart\u0131\u015fan \u00d6zdemir, g\u00f6revliye para uzatarak \u201c\u00c7ek \u015furadan 200 lira\u201d demi\u015f, ard\u0131ndan \u201cYemi\u015fim memurunu\u201d ifadelerini kullanarak kamuoyunun tepkisini \u00e7ekmi\u015fti. Olay sonras\u0131 g\u00f6zalt\u0131na al\u0131nan \u00d6zdemir, ifadesi al\u0131nd\u0131ktan sonra serbest b\u0131rak\u0131lm\u0131\u015ft\u0131.<\/p>\n<p><img loading=\"lazy\" decoding=\"async\" class=\"alignnone size-full wp-image-188616\" src=\"https:\/\/www.tgrthaber.com\/mavikadin\/wp-content\/uploads\/4-975.png\" alt=\"\" width=\"1280\" height=\"720\" title=\"\" srcset=\"https:\/\/www.tgrthaber.com\/mavikadin\/wp-content\/uploads\/4-975.png 1280w, https:\/\/www.tgrthaber.com\/mavikadin\/wp-content\/uploads\/4-975-300x169.png 300w, https:\/\/www.tgrthaber.com\/mavikadin\/wp-content\/uploads\/4-975-1024x576.png 1024w, https:\/\/www.tgrthaber.com\/mavikadin\/wp-content\/uploads\/4-975-768x432.png 768w\" sizes=\"(max-width: 1280px) 100vw, 1280px\" \/><\/p>\n<hr \/>\n<h3>YEN\u0130 B\u0130R HUKUK\u0130 S\u00dcRE\u00c7 YOK AMA TARTI\u015eMALAR S\u00dcR\u00dcYOR<\/h3>\n<p>Cezaevinden \u00e7\u0131kmas\u0131yla birlikte a\u00e7\u0131klamalar\u0131 yeniden g\u00fcndem olan Murat \u00d6zdemir hakk\u0131nda \u015fu an yeni bir hukuki s\u00fcre\u00e7 bulunmuyor. Ancak sosyal medyada payla\u015ft\u0131\u011f\u0131 a\u00e7\u0131klamalar nedeniyle kamuoyundaki tart\u0131\u015fmalar devam ediyor. \u00d6zdemir\u2019in ilerleyen g\u00fcnlerde nas\u0131l bir yol izleyece\u011fi merak konusu.<\/p>\n","protected":false},"excerpt":{"rendered":"<p>MasterChef yar\u0131\u015fmas\u0131ndaki olayl\u0131 davran\u0131\u015flar\u0131yla ad\u0131ndan s\u00f6z ettiren Murat \u00d6zdemir, infaz d\u00fczenlemesi kapsam\u0131nda tahliye edilerek cezaevinden \u00e7\u0131kt\u0131. Tahliyesinin ard\u0131ndan sosyal medya hesab\u0131ndan yapt\u0131\u011f\u0131 a\u00e7\u0131klama, kamuoyunda yeni tart\u0131\u015fmalara yol a\u00e7t\u0131.<\/p>\n","protected":false},"author":28,"featured_media":188609,"comment_status":"closed","ping_status":"closed","sticky":false,"template":"","format":"standard","meta":{"rank_math_lock_modified_date":false,"footnotes":""},"categories":[76],"tags":[2218,24095,3171,24096],"class_list":["post-188607","post","type-post","status-publish","format-standard","has-post-thumbnail","hentry","category-magazin","tag-magazin-haberleri","tag-masterchef-murat-ozdemir","tag-murat-ozdemir","tag-murat-ozdemir-hapis"],"_links":{"self":[{"href":"https:\/\/www.tgrthaber.com\/mavikadin\/wp-json\/wp\/v2\/posts\/188607"}],"collection":[{"href":"https:\/\/www.tgrthaber.com\/mavikadin\/wp-json\/wp\/v2\/posts"}],"about":[{"href":"https:\/\/www.tgrthaber.com\/mavikadin\/wp-json\/wp\/v2\/types\/post"}],"author":[{"embeddable":true,"href":"https:\/\/www.tgrthaber.com\/mavikadin\/wp-json\/wp\/v2\/users\/28"}],"replies":[{"embeddable":true,"href":"https:\/\/www.tgrthaber.com\/mavikadin\/wp-json\/wp\/v2\/comments?post=188607"}],"version-history":[{"count":2,"href":"https:\/\/www.tgrthaber.com\/mavikadin\/wp-json\/wp\/v2\/posts\/188607\/revisions"}],"predecessor-version":[{"id":188619,"href":"https:\/\/www.tgrthaber.com\/mavikadin\/wp-json\/wp\/v2\/posts\/188607\/revisions\/188619"}],"wp:featuredmedia":[{"embeddable":true,"href":"https:\/\/www.tgrthaber.com\/mavikadin\/wp-json\/wp\/v2\/media\/188609"}],"wp:attachment":[{"href":"https:\/\/www.tgrthaber.com\/mavikadin\/wp-json\/wp\/v2\/media?parent=188607"}],"wp:term":[{"taxonomy":"category","embeddable":true,"href":"https:\/\/www.tgrthaber.com\/mavikadin\/wp-json\/wp\/v2\/categories?post=188607"},{"taxonomy":"post_tag","embeddable":true,"href":"https:\/\/www.tgrthaber.com\/mavikadin\/wp-json\/wp\/v2\/tags?post=188607"}],"curies":[{"name":"wp","href":"https:\/\/api.w.org\/{rel}","templated":true}]}}