{"id":188760,"date":"2025-06-08T21:31:29","date_gmt":"2025-06-08T18:31:29","guid":{"rendered":"https:\/\/www.tgrthaber.com\/mavikadin\/?p=188760"},"modified":"2025-06-08T21:31:29","modified_gmt":"2025-06-08T18:31:29","slug":"esref-ruya-12-bolum-2-fragman-yayinlandi-esref-ve-nisan-arasindaki-ask-baslamadan-bitecek-mi","status":"publish","type":"post","link":"https:\/\/www.tgrthaber.com\/mavikadin\/esref-ruya-12-bolum-2-fragman-yayinlandi-esref-ve-nisan-arasindaki-ask-baslamadan-bitecek-mi\/","title":{"rendered":"E\u015fref R\u00fcya 12 b\u00f6l\u00fcm 2 fragman yay\u0131nland\u0131! E\u015fref ve Nisan aras\u0131ndaki a\u015fk ba\u015flamadan bitecek mi?"},"content":{"rendered":"<p>Kanal D ekranlar\u0131nda \u00c7ar\u015famba g\u00fcnleri yay\u0131nlanan E\u015fref R\u00fcya dizisinin ba\u015frollerinde Demet \u00d6zdemir ve \u00c7a\u011fatay Ulusoy yer al\u0131yor. TIMS yap\u0131m \u015firketinin \u00fcstlendi\u011fi E\u015fref R\u00fcya dizisi izleyenleri yeni b\u00f6l\u00fcm\u00fcyle de etkisi alt\u0131na alacak. E\u015fref ve Nisan aras\u0131ndaki a\u015fk \u00e7evresindeki bir s\u00fcr\u00fc insan taraf\u0131ndan engellenecek. \u0130kili olaylar kar\u015f\u0131s\u0131nda nas\u0131l karar alacaklar. Peki, E\u015fref R\u00fcya 12 b\u00f6l\u00fcm\u00fcnde neler olacak? E\u015fref R\u00fcya sezon finali ne zaman?<\/p>\n<h3>E\u015eREF R\u00dcYA 12 B\u00d6L\u00dcMDE NELER OLACAK?<\/h3>\n<p>E\u015fref ve Nisan aras\u0131nda filizlenen a\u015fk Yetimler grubunun babas\u0131 Yakup taraf\u0131ndan kabul edilmeyecek. Yetimler grubunun ba\u015f\u0131 olanlar\u0131n \u00f6zel hayat\u0131 olamaz, evlilik olamaz, a\u015fk olamaz. Nisan\u2019\u0131 sevdi\u011fini s\u00f6yleyen E\u015fref\u2019e yak\u0131n arkada\u015f\u0131 G\u00fcrdal Bozok\u2019ta kar\u015f\u0131 \u00e7\u0131kacak. \u201c Ne diyordu Yakup baba a\u015f\u0131k olmak yok. Ne var bu k\u0131z da, Ne buluyorsun, ne g\u00f6r\u00fcyorsun bu k\u0131z da sen\u201d diyerek hesap soran G\u00fcrdal\u2019a E\u015fref \u015fa\u015f\u0131rtan bir cevap verecek.<\/p>\n<p><img loading=\"lazy\" decoding=\"async\" class=\"alignnone wp-image-188761\" src=\"https:\/\/www.tgrthaber.com\/mavikadin\/wp-content\/uploads\/esref-ruya-12-bolum-fragmani-300x169.jpg\" alt=\"\" width=\"1208\" height=\"680\" title=\"\" srcset=\"https:\/\/www.tgrthaber.com\/mavikadin\/wp-content\/uploads\/esref-ruya-12-bolum-fragmani-300x169.jpg 300w, https:\/\/www.tgrthaber.com\/mavikadin\/wp-content\/uploads\/esref-ruya-12-bolum-fragmani-1024x576.jpg 1024w, https:\/\/www.tgrthaber.com\/mavikadin\/wp-content\/uploads\/esref-ruya-12-bolum-fragmani-768x432.jpg 768w, https:\/\/www.tgrthaber.com\/mavikadin\/wp-content\/uploads\/esref-ruya-12-bolum-fragmani-1536x864.jpg 1536w, https:\/\/www.tgrthaber.com\/mavikadin\/wp-content\/uploads\/esref-ruya-12-bolum-fragmani.jpg 1920w\" sizes=\"(max-width: 1208px) 100vw, 1208px\" \/><\/p>\n<hr \/>\n<p>E\u015fref, y\u0131llard\u0131r arad\u0131\u011f\u0131 ve bulamad\u0131\u011f\u0131 tek a\u015fk\u0131n dedi\u011fi R\u00fcya\u2019y\u0131 Nisan\u2019a benzetti\u011fini itiraf edecek. Nisan\u2019\u0131n pe\u015fini asla b\u0131rakmayaca\u011f\u0131n\u0131 ifade edecek.<\/p>\n<p><img loading=\"lazy\" decoding=\"async\" class=\"alignnone wp-image-188762\" src=\"https:\/\/www.tgrthaber.com\/mavikadin\/wp-content\/uploads\/esref-ruya-12-bolum-2-fragman-300x169.jpg\" alt=\"\" width=\"1208\" height=\"680\" title=\"\" srcset=\"https:\/\/www.tgrthaber.com\/mavikadin\/wp-content\/uploads\/esref-ruya-12-bolum-2-fragman-300x169.jpg 300w, https:\/\/www.tgrthaber.com\/mavikadin\/wp-content\/uploads\/esref-ruya-12-bolum-2-fragman-1024x576.jpg 1024w, https:\/\/www.tgrthaber.com\/mavikadin\/wp-content\/uploads\/esref-ruya-12-bolum-2-fragman-768x432.jpg 768w, https:\/\/www.tgrthaber.com\/mavikadin\/wp-content\/uploads\/esref-ruya-12-bolum-2-fragman-1536x864.jpg 1536w, https:\/\/www.tgrthaber.com\/mavikadin\/wp-content\/uploads\/esref-ruya-12-bolum-2-fragman.jpg 1920w\" sizes=\"(max-width: 1208px) 100vw, 1208px\" \/><\/p>\n<hr \/>\n<p>Nisan ve E\u015fref a\u015fk\u0131 ba\u015flamadan bitecek mi? Nisan, E\u015fref\u2019e t\u00fcm bu i\u015fleri arkas\u0131nda b\u0131rakmas\u0131n\u0131 isteyecek. E\u015fref Yetimler grubunu b\u0131rakamaz. Bundan \u00a0dolay\u0131 Nisan ile kar\u015f\u0131 kar\u015f\u0131ya gelecekler. Nisan, \u201c Sen bu d\u00fcnyaya ait de\u011filsin, burada olmal\u0131s\u0131n. Bak senin d\u00fcnyan bu oraya geri d\u00f6neceksin\u201d diyerek E\u015fref\u2019le olamayacaklar\u0131n\u0131 dile getirecek.<\/p>\n<p><img loading=\"lazy\" decoding=\"async\" class=\"alignnone wp-image-188763\" src=\"https:\/\/www.tgrthaber.com\/mavikadin\/wp-content\/uploads\/esref-ruya-12-bolum-2-fragman-yayinlandi-300x169.jpg\" alt=\"\" width=\"1208\" height=\"680\" title=\"\" srcset=\"https:\/\/www.tgrthaber.com\/mavikadin\/wp-content\/uploads\/esref-ruya-12-bolum-2-fragman-yayinlandi-300x169.jpg 300w, https:\/\/www.tgrthaber.com\/mavikadin\/wp-content\/uploads\/esref-ruya-12-bolum-2-fragman-yayinlandi-1024x576.jpg 1024w, https:\/\/www.tgrthaber.com\/mavikadin\/wp-content\/uploads\/esref-ruya-12-bolum-2-fragman-yayinlandi-768x432.jpg 768w, https:\/\/www.tgrthaber.com\/mavikadin\/wp-content\/uploads\/esref-ruya-12-bolum-2-fragman-yayinlandi-1536x864.jpg 1536w, https:\/\/www.tgrthaber.com\/mavikadin\/wp-content\/uploads\/esref-ruya-12-bolum-2-fragman-yayinlandi.jpg 1920w\" sizes=\"(max-width: 1208px) 100vw, 1208px\" \/><\/p>\n<hr \/>\n<p>E\u015fref, Nisan\u2019\u0131n onu \u015fimdiye kadar hi\u00e7 anlamad\u0131\u011f\u0131n\u0131 ve onu ne kadar \u00f6nemsedi\u011fini g\u00f6rmedi\u011fini dile getirecek. Bir yandan Yetimler grubu, bir yandan Nisan bir yandan da Kadir ve a\u015firetlerle ba\u015f\u0131 dertte olan E\u015fref ne yapacak? Polisler taraf\u0131ndan g\u00f6t\u00fcr\u00fclen E\u015fref\u2019in ba\u015f\u0131na bu kez hangi olay gelecek? Arkas\u0131nda kimler olacak?<\/p>\n<p><img loading=\"lazy\" decoding=\"async\" class=\"alignnone wp-image-188764\" src=\"https:\/\/www.tgrthaber.com\/mavikadin\/wp-content\/uploads\/esref-ruya-sezon-finali-ne-zaman-300x169.jpg\" alt=\"\" width=\"1208\" height=\"680\" title=\"\" srcset=\"https:\/\/www.tgrthaber.com\/mavikadin\/wp-content\/uploads\/esref-ruya-sezon-finali-ne-zaman-300x169.jpg 300w, https:\/\/www.tgrthaber.com\/mavikadin\/wp-content\/uploads\/esref-ruya-sezon-finali-ne-zaman-1024x576.jpg 1024w, https:\/\/www.tgrthaber.com\/mavikadin\/wp-content\/uploads\/esref-ruya-sezon-finali-ne-zaman-768x432.jpg 768w, https:\/\/www.tgrthaber.com\/mavikadin\/wp-content\/uploads\/esref-ruya-sezon-finali-ne-zaman-1536x864.jpg 1536w, https:\/\/www.tgrthaber.com\/mavikadin\/wp-content\/uploads\/esref-ruya-sezon-finali-ne-zaman.jpg 1920w\" sizes=\"(max-width: 1208px) 100vw, 1208px\" \/><\/p>\n<hr \/>\n<h3>E\u015eREF R\u00dcYA SEZON F\u0130NAL\u0130 NE ZAMAN?<\/h3>\n<p>Kanal D ekranlar\u0131nda her \u00c7ar\u015famba ak\u015fam\u0131 yay\u0131nlanan E\u015fref R\u00fcya dizisinin sezon finaline girmesine son 1 hafta kald\u0131. Heyecan, a\u015fk ve gerilimin bir arada yer ald\u0131\u011f\u0131 dizi E\u015fref R\u00fcya sezon finali 18 Haziran 2025 \u00c7ar\u015famba ak\u015fam\u0131 13 b\u00f6l\u00fcm\u00fc ile 1 sezon kapatacak. Sezon finalinin nas\u0131l bitece\u011fi konusunda dizinin merakl\u0131lar taraf\u0131ndan heyecanla bekleniliyor.<\/p>\n","protected":false},"excerpt":{"rendered":"<p>E\u015fref R\u00fcya dizisinde i\u015fler \u00e7\u0131kmaza girmeye ba\u015flad\u0131. E\u015fref R\u00fcya 12 b\u00f6l\u00fcm 2 fragman\u0131 yay\u0131nland\u0131. E\u015fref ve Nisan aras\u0131ndaki geli\u015fmeler Yetimhane ekibinde yer alanlar taraf\u0131ndan ho\u015f kar\u015f\u0131lanmad\u0131. Nisan, E\u015fref\u2019in her \u015feyi arkas\u0131nda b\u0131rakmas\u0131n\u0131 isterken, onu bunu yapamayaca\u011f\u0131n\u0131 da biliyor. E\u015fref ve Nisan aras\u0131ndaki a\u015fk ba\u015flamadan bitecek mi?<\/p>\n","protected":false},"author":10,"featured_media":188765,"comment_status":"closed","ping_status":"closed","sticky":false,"template":"","format":"standard","meta":{"rank_math_lock_modified_date":false,"footnotes":""},"categories":[602],"tags":[2628,10390,4755,24130],"class_list":["post-188760","post","type-post","status-publish","format-standard","has-post-thumbnail","hentry","category-diziler","tag-dizi-haberleri","tag-dizi-magazin","tag-esref-ruya","tag-esref-ruya-12-bolum-2-fragman"],"_links":{"self":[{"href":"https:\/\/www.tgrthaber.com\/mavikadin\/wp-json\/wp\/v2\/posts\/188760"}],"collection":[{"href":"https:\/\/www.tgrthaber.com\/mavikadin\/wp-json\/wp\/v2\/posts"}],"about":[{"href":"https:\/\/www.tgrthaber.com\/mavikadin\/wp-json\/wp\/v2\/types\/post"}],"author":[{"embeddable":true,"href":"https:\/\/www.tgrthaber.com\/mavikadin\/wp-json\/wp\/v2\/users\/10"}],"replies":[{"embeddable":true,"href":"https:\/\/www.tgrthaber.com\/mavikadin\/wp-json\/wp\/v2\/comments?post=188760"}],"version-history":[{"count":1,"href":"https:\/\/www.tgrthaber.com\/mavikadin\/wp-json\/wp\/v2\/posts\/188760\/revisions"}],"predecessor-version":[{"id":188766,"href":"https:\/\/www.tgrthaber.com\/mavikadin\/wp-json\/wp\/v2\/posts\/188760\/revisions\/188766"}],"wp:featuredmedia":[{"embeddable":true,"href":"https:\/\/www.tgrthaber.com\/mavikadin\/wp-json\/wp\/v2\/media\/188765"}],"wp:attachment":[{"href":"https:\/\/www.tgrthaber.com\/mavikadin\/wp-json\/wp\/v2\/media?parent=188760"}],"wp:term":[{"taxonomy":"category","embeddable":true,"href":"https:\/\/www.tgrthaber.com\/mavikadin\/wp-json\/wp\/v2\/categories?post=188760"},{"taxonomy":"post_tag","embeddable":true,"href":"https:\/\/www.tgrthaber.com\/mavikadin\/wp-json\/wp\/v2\/tags?post=188760"}],"curies":[{"name":"wp","href":"https:\/\/api.w.org\/{rel}","templated":true}]}}