{"id":188793,"date":"2025-06-08T23:24:42","date_gmt":"2025-06-08T20:24:42","guid":{"rendered":"https:\/\/www.tgrthaber.com\/mavikadin\/?p=188793"},"modified":"2025-06-08T23:30:56","modified_gmt":"2025-06-08T20:30:56","slug":"afet-bambaska-biri-dizisi-konusu-ne-kimin-hikayesi-afet-bambaska-biri-ne-zaman-baslayacak","status":"publish","type":"post","link":"https:\/\/www.tgrthaber.com\/mavikadin\/afet-bambaska-biri-dizisi-konusu-ne-kimin-hikayesi-afet-bambaska-biri-ne-zaman-baslayacak\/","title":{"rendered":"Afet Bamba\u015fka Biri dizisi konusu ne kimin hikayesi? Afet Bamba\u015fka Biri ne zaman ba\u015flayacak?"},"content":{"rendered":"<p>Afet Bamba\u015fka Biri dizisi i\u00e7in geri say\u0131m ba\u015flad\u0131. Kanal D\u2019nin yeni sezonda izleyiciyle bulu\u015fturaca\u011f\u0131 proje, estetik operasyonla tamamen de\u011fi\u015fen bir kad\u0131n\u0131n ya\u015fad\u0131\u011f\u0131 psikolojik d\u00f6n\u00fc\u015f\u00fcm\u00fc merkezine al\u0131yor. Uyarlama dizi, G\u00fcney Kore\u2019nin ilgiyle izlenen yap\u0131mlar\u0131ndan \u201cBirth of a Beauty\u201dden T\u00fcrkiye\u2019ye uyarland\u0131. Peki Fahriye Evcen\u2019in yeni dizisi Afet Bamba\u015fka Biri neyi anlat\u0131yor? Afet Bamba\u015fka Biri dizisi oyuncular\u0131 kimler, ne zaman ba\u015fl\u0131yor? \u0130\u015fte detaylar&#8230;<\/p>\n<h3>FAHR\u0130YE EVCEN BA\u015eROL \u0130\u00c7\u0130N MASADA!<\/h3>\n<p>Bir s\u00fcredir televizyon ekranlar\u0131nda yer almayan Fahriye Evcen, bu kez dikkat \u00e7eken bir yap\u0131m\u0131n ba\u015frol\u00fcyle izleyici kar\u015f\u0131s\u0131na \u00e7\u0131kabilir.<\/p>\n<p><img loading=\"lazy\" decoding=\"async\" class=\"alignnone wp-image-188800\" src=\"https:\/\/www.tgrthaber.com\/mavikadin\/wp-content\/uploads\/5b1fcf4066be5d25644a968a-300x169.webp\" alt=\"\" width=\"1208\" height=\"680\" title=\"\" srcset=\"https:\/\/www.tgrthaber.com\/mavikadin\/wp-content\/uploads\/5b1fcf4066be5d25644a968a-300x169.webp 300w, https:\/\/www.tgrthaber.com\/mavikadin\/wp-content\/uploads\/5b1fcf4066be5d25644a968a.webp 750w\" sizes=\"(max-width: 1208px) 100vw, 1208px\" \/><\/p>\n<hr \/>\n<p>Kanal D\u2019nin yeni sezon i\u00e7in haz\u0131rl\u0131klar\u0131n\u0131 s\u00fcrd\u00fcrd\u00fc\u011f\u00fc \u201cAfet Bamba\u015fka Biri\u201d dizisi, g\u00fc\u00e7l\u00fc kadrosu ve uyarlama senaryosuyla \u015fimdiden merak uyand\u0131rd\u0131. Projede yer almas\u0131 planlanan Evcen\u2019in son karar\u0131n\u0131 bayram sonras\u0131nda verece\u011fi \u00f6\u011frenildi.<\/p>\n<p><img loading=\"lazy\" decoding=\"async\" class=\"alignnone wp-image-188801\" src=\"https:\/\/www.tgrthaber.com\/mavikadin\/wp-content\/uploads\/i-10-7-300x169.webp\" alt=\"\" width=\"1208\" height=\"680\" title=\"\" srcset=\"https:\/\/www.tgrthaber.com\/mavikadin\/wp-content\/uploads\/i-10-7-300x169.webp 300w, https:\/\/www.tgrthaber.com\/mavikadin\/wp-content\/uploads\/i-10-7.webp 480w\" sizes=\"(max-width: 1208px) 100vw, 1208px\" \/><\/p>\n<hr \/>\n<h3>AFET BAMBA\u015eKA B\u0130R\u0130 D\u0130Z\u0130S\u0130N\u0130N KONUSU NE K\u0130M\u0130N H\u0130KAYES\u0130?<\/h3>\n<p>Dizide, ya\u015fam\u0131 boyunca \u00f6zg\u00fcven sorunlar\u0131 ya\u015fayan gen\u00e7 bir kad\u0131n\u0131n ge\u00e7irdi\u011fi k\u00f6kl\u00fc fiziksel de\u011fi\u015fim sonras\u0131 kar\u015f\u0131la\u015ft\u0131\u011f\u0131 yeni d\u00fcnya anlat\u0131l\u0131yor. Orijinal Kore versiyonunda oldu\u011fu gibi, T\u00fcrk uyarlamas\u0131nda da hikayenin merkezinde. Kendini yeniden tan\u0131mlamaya \u00e7al\u0131\u015fan, ge\u00e7mi\u015fiyle y\u00fczle\u015fmek zorunda kalan ve toplumun farkl\u0131 tepkileriyle kar\u015f\u0131 kar\u015f\u0131ya kalan bir kad\u0131n\u0131n i\u00e7sel ve d\u0131\u015fsal d\u00f6n\u00fc\u015f\u00fcm\u00fc yer alacak.<\/p>\n<p>Kad\u0131n ba\u015frol karakterin, hem bireysel m\u00fccadeleleri hem de a\u015fk hayat\u0131nda kar\u015f\u0131la\u015ft\u0131\u011f\u0131 ikilemler, dizinin duygusal y\u00f6n\u00fcn\u00fc g\u00fc\u00e7lendirecek.<\/p>\n<p><img loading=\"lazy\" decoding=\"async\" class=\"alignnone wp-image-188802\" src=\"https:\/\/www.tgrthaber.com\/mavikadin\/wp-content\/uploads\/s-5c40b199bb88cf0bbde31a1cbea0848969b94e31.jpg-300x169.webp\" alt=\"\" width=\"1208\" height=\"680\" title=\"\" srcset=\"https:\/\/www.tgrthaber.com\/mavikadin\/wp-content\/uploads\/s-5c40b199bb88cf0bbde31a1cbea0848969b94e31.jpg-300x169.webp 300w, https:\/\/www.tgrthaber.com\/mavikadin\/wp-content\/uploads\/s-5c40b199bb88cf0bbde31a1cbea0848969b94e31.jpg-768x432.webp 768w, https:\/\/www.tgrthaber.com\/mavikadin\/wp-content\/uploads\/s-5c40b199bb88cf0bbde31a1cbea0848969b94e31.jpg.webp 800w\" sizes=\"(max-width: 1208px) 100vw, 1208px\" \/><\/p>\n<hr \/>\n<h3>HANG\u0130 KORE D\u0130Z\u0130S\u0130NDEN UYARLANDI?<\/h3>\n<p>Afet Bamba\u015fka Biri, 2014 y\u0131l\u0131nda G\u00fcney Kore&#8217;de yay\u0131nlanan ve b\u00fcy\u00fck ilgi g\u00f6ren Birth of a Beauty dizisinden uyarlan\u0131yor. Orijinal hikayede, ge\u00e7irdi\u011fi fiziksel de\u011fi\u015fimle birlikte hayata bamba\u015fka bir yerden bakan bir kad\u0131n\u0131n ya\u015fad\u0131klar\u0131 ekrana ta\u015f\u0131n\u0131yor. T\u00fcrk versiyonunda da bu temel hikaye korunarak, yerel k\u00fclt\u00fcre uygun \u015fekilde yeniden i\u015flenecek.<\/p>\n<p><img loading=\"lazy\" decoding=\"async\" class=\"alignnone wp-image-188808\" src=\"https:\/\/www.tgrthaber.com\/mavikadin\/wp-content\/uploads\/i-11-4-300x169.webp\" alt=\"\" width=\"1208\" height=\"680\" title=\"\" srcset=\"https:\/\/www.tgrthaber.com\/mavikadin\/wp-content\/uploads\/i-11-4-300x169.webp 300w, https:\/\/www.tgrthaber.com\/mavikadin\/wp-content\/uploads\/i-11-4.webp 480w\" sizes=\"(max-width: 1208px) 100vw, 1208px\" \/><\/p>\n<hr \/>\n<h3>OYUNCU KADROSUNDA K\u0130MLER VAR?<\/h3>\n<p>Ba\u015frol i\u00e7in g\u00f6r\u00fc\u015fmelerin s\u00fcrd\u00fc\u011f\u00fc en g\u00fc\u00e7l\u00fc isim Fahriye Evcen. Projeye s\u0131cak bakan oyuncunun, bayram sonras\u0131 nihai karar\u0131n\u0131 verece\u011fi ifade ediliyor. \u015eayet anla\u015fma sa\u011flan\u0131rsa, Evcen bu yap\u0131mla birlikte ekranlara g\u00fc\u00e7l\u00fc bir d\u00f6n\u00fc\u015f yapm\u0131\u015f olacak.<\/p>\n<p>Hen\u00fcz kadronun tamam\u0131 a\u00e7\u0131klanmasa da yap\u0131m ekibinin, projeyi s\u00fcr\u00fckleyecek kalibrede oyuncularla g\u00f6r\u00fc\u015ft\u00fc\u011f\u00fc biliniyor. Erkek ba\u015frol i\u00e7in de iddial\u0131 isimlerin g\u00fcndemde oldu\u011fu konu\u015fuluyor. Kadronun tamamlanmas\u0131yla birlikte, \u00e7ekimlere yaz sonuna do\u011fru ba\u015flanmas\u0131 planlan\u0131yor.<\/p>\n<p><img loading=\"lazy\" decoding=\"async\" class=\"alignnone wp-image-188803\" src=\"https:\/\/www.tgrthaber.com\/mavikadin\/wp-content\/uploads\/caabc0fd1efd6b8131fe906335ba5dee-300x218.jpg\" alt=\"\" width=\"1208\" height=\"879\" title=\"\" srcset=\"https:\/\/www.tgrthaber.com\/mavikadin\/wp-content\/uploads\/caabc0fd1efd6b8131fe906335ba5dee-300x218.jpg 300w, https:\/\/www.tgrthaber.com\/mavikadin\/wp-content\/uploads\/caabc0fd1efd6b8131fe906335ba5dee.jpg 650w\" sizes=\"(max-width: 1208px) 100vw, 1208px\" \/><\/p>\n<hr \/>\n<h3>D\u0130Z\u0130N\u0130N YAPIMCISI VE YAZARI K\u0130M?<\/h3>\n<p>Yap\u0131mc\u0131l\u0131\u011f\u0131n\u0131 Dass Yap\u0131m ad\u0131na Selen Sevigen \u00fcstleniyor. Kanal D i\u00e7in haz\u0131rlanan proje, detaylara verilen \u00f6nem ve senaryo planlamas\u0131ndaki titizlikle dikkat \u00e7ekiyor. Dizinin senaryosu ise televizyon izleyicisinin duygular\u0131na hitap eden i\u015flere imza atan Kemal Hamamc\u0131o\u011flu taraf\u0131ndan yaz\u0131l\u0131yor.<\/p>\n<p><img loading=\"lazy\" decoding=\"async\" class=\"alignnone wp-image-188804\" src=\"https:\/\/www.tgrthaber.com\/mavikadin\/wp-content\/uploads\/11-bolum-1017815-300x169.jpg\" alt=\"\" width=\"1208\" height=\"680\" title=\"\" srcset=\"https:\/\/www.tgrthaber.com\/mavikadin\/wp-content\/uploads\/11-bolum-1017815-300x169.jpg 300w, https:\/\/www.tgrthaber.com\/mavikadin\/wp-content\/uploads\/11-bolum-1017815-1024x576.jpg 1024w, https:\/\/www.tgrthaber.com\/mavikadin\/wp-content\/uploads\/11-bolum-1017815-768x432.jpg 768w, https:\/\/www.tgrthaber.com\/mavikadin\/wp-content\/uploads\/11-bolum-1017815.jpg 1280w\" sizes=\"(max-width: 1208px) 100vw, 1208px\" \/><\/p>\n<hr \/>\n<h3>AFET BAMBA\u015eKA B\u0130R\u0130 GER\u00c7EK B\u0130R H\u0130KAYE M\u0130?<\/h3>\n<p>Dizi, ger\u00e7ek bir ya\u015fam \u00f6yk\u00fcs\u00fcne dayanm\u0131yor. Ancak anlat\u0131lan olaylar, pek \u00e7ok ki\u015finin hayat\u0131ndan izler ta\u015f\u0131yan toplumsal temalara odaklan\u0131yor.<\/p>\n<p>\u00d6zellikle d\u0131\u015f g\u00f6r\u00fcn\u00fc\u015fe dair bask\u0131lar, ili\u015fkilerde ya\u015fanan g\u00fcven sars\u0131nt\u0131lar\u0131 ve bireyin i\u00e7sel m\u00fccadelesi gibi konular, izleyiciyle duygusal bir ba\u011f kuracak \u015fekilde i\u015flendi\u011fi i\u00e7in olduk\u00e7a sahici bir etki olu\u015fturmas\u0131 bekleniyor.<\/p>\n<p><img loading=\"lazy\" decoding=\"async\" class=\"alignnone wp-image-188805\" src=\"https:\/\/www.tgrthaber.com\/mavikadin\/wp-content\/uploads\/i-9-8-300x172.webp\" alt=\"\" width=\"1208\" height=\"692\" title=\"\" srcset=\"https:\/\/www.tgrthaber.com\/mavikadin\/wp-content\/uploads\/i-9-8-300x172.webp 300w, https:\/\/www.tgrthaber.com\/mavikadin\/wp-content\/uploads\/i-9-8.webp 480w\" sizes=\"(max-width: 1208px) 100vw, 1208px\" \/><\/p>\n<hr \/>\n<h3>HANG\u0130 KANALDA YAYINLANACAK VE NE ZAMAN BA\u015eLAYACAK?<\/h3>\n<p>\u201cAfet Bamba\u015fka Biri\u201d, Kanal D ekranlar\u0131nda yay\u0131nlanacak. Yeni yay\u0131n d\u00f6neminin a\u00e7\u0131lmas\u0131yla birlikte, dizinin 2025 Eyl\u00fcl ay\u0131nda izleyiciyle bulu\u015fmas\u0131 bekleniyor. Projeyle ilgili tan\u0131t\u0131m ve afi\u015f \u00e7al\u0131\u015fmalar\u0131n\u0131n, oyuncu kadrosunun netle\u015fmesinin ard\u0131ndan payla\u015f\u0131lmas\u0131 planlan\u0131yor.<\/p>\n<p>Dizinin \u00e7ekimlerine yaz sonunda ba\u015flanmas\u0131 planlan\u0131yor. Haz\u0131rl\u0131k s\u00fcreci devam ederken, ilerleyen g\u00fcnlerde projeye dair yeni geli\u015fmelerin payla\u015f\u0131lmas\u0131 bekleniyor. Yap\u0131m ekibinin hedefi ise, diziyi sezonun en \u00e7ok konu\u015fulan i\u015flerinden biri haline getirmek.<\/p>\n","protected":false},"excerpt":{"rendered":"<p>Yeni yay\u0131n d\u00f6nemi i\u00e7in haz\u0131rl\u0131klar\u0131n\u0131 s\u00fcrd\u00fcren Kanal D, dikkat \u00e7eken bir projeyle ekranlara g\u00fc\u00e7l\u00fc bir giri\u015f yapmaya haz\u0131rlan\u0131yor. \u201cAfet Bamba\u015fka Biri\u201d adl\u0131 dizi, G\u00fcney Kore yap\u0131m\u0131 \u201cBirth of a Beauty\u201dden uyarlan\u0131yor. Ba\u015frolde yer almas\u0131 i\u00e7in Fahriye Evcen\u2019le g\u00f6r\u00fc\u015fmelerin s\u00fcrd\u00fc\u011f\u00fc diziye ilgi her ge\u00e7en g\u00fcn artarken, yap\u0131m\u0131n konusu, oyuncu kadrosu ve ne zaman ba\u015flayaca\u011f\u0131 izleyiciler taraf\u0131ndan merakla ara\u015ft\u0131r\u0131l\u0131yor. \u0130\u015fte merak edilen t\u00fcm detaylar&#8230;<\/p>\n","protected":false},"author":35,"featured_media":188806,"comment_status":"closed","ping_status":"closed","sticky":false,"template":"","format":"standard","meta":{"rank_math_lock_modified_date":false,"footnotes":""},"categories":[602],"tags":[24135,24144,24143,3602,2153],"class_list":["post-188793","post","type-post","status-publish","format-standard","has-post-thumbnail","hentry","category-diziler","tag-afet-bambaska-biri","tag-afet-bambaska-biri-konusu","tag-birth-of-a-beauty","tag-diziler","tag-fahriye-evcen"],"_links":{"self":[{"href":"https:\/\/www.tgrthaber.com\/mavikadin\/wp-json\/wp\/v2\/posts\/188793"}],"collection":[{"href":"https:\/\/www.tgrthaber.com\/mavikadin\/wp-json\/wp\/v2\/posts"}],"about":[{"href":"https:\/\/www.tgrthaber.com\/mavikadin\/wp-json\/wp\/v2\/types\/post"}],"author":[{"embeddable":true,"href":"https:\/\/www.tgrthaber.com\/mavikadin\/wp-json\/wp\/v2\/users\/35"}],"replies":[{"embeddable":true,"href":"https:\/\/www.tgrthaber.com\/mavikadin\/wp-json\/wp\/v2\/comments?post=188793"}],"version-history":[{"count":3,"href":"https:\/\/www.tgrthaber.com\/mavikadin\/wp-json\/wp\/v2\/posts\/188793\/revisions"}],"predecessor-version":[{"id":188810,"href":"https:\/\/www.tgrthaber.com\/mavikadin\/wp-json\/wp\/v2\/posts\/188793\/revisions\/188810"}],"wp:featuredmedia":[{"embeddable":true,"href":"https:\/\/www.tgrthaber.com\/mavikadin\/wp-json\/wp\/v2\/media\/188806"}],"wp:attachment":[{"href":"https:\/\/www.tgrthaber.com\/mavikadin\/wp-json\/wp\/v2\/media?parent=188793"}],"wp:term":[{"taxonomy":"category","embeddable":true,"href":"https:\/\/www.tgrthaber.com\/mavikadin\/wp-json\/wp\/v2\/categories?post=188793"},{"taxonomy":"post_tag","embeddable":true,"href":"https:\/\/www.tgrthaber.com\/mavikadin\/wp-json\/wp\/v2\/tags?post=188793"}],"curies":[{"name":"wp","href":"https:\/\/api.w.org\/{rel}","templated":true}]}}