{"id":188846,"date":"2025-06-09T10:27:40","date_gmt":"2025-06-09T07:27:40","guid":{"rendered":"https:\/\/www.tgrthaber.com\/mavikadin\/?p=188846"},"modified":"2025-06-09T10:11:46","modified_gmt":"2025-06-09T07:11:46","slug":"ayhan-sicimoglu-kimdir-kac-yasinda-ayhan-sicimoglu-nereli","status":"publish","type":"post","link":"https:\/\/www.tgrthaber.com\/mavikadin\/ayhan-sicimoglu-kimdir-kac-yasinda-ayhan-sicimoglu-nereli\/","title":{"rendered":"Ayhan Sicimo\u011flu kimdir ka\u00e7 ya\u015f\u0131nda? Ayhan Sicimo\u011flu nereli?"},"content":{"rendered":"<p>T\u00fcrkiye\u2019nin k\u00fclt\u00fcr sanat d\u00fcnyas\u0131nda renkli ki\u015fili\u011fi ve enerjisiyle dikkat \u00e7eken Ayhan Sicimo\u011flu, m\u00fczikten televizyon programlar\u0131na, radyoculuktan yazarl\u0131\u011fa kadar pek \u00e7ok alanda ad\u0131ndan s\u00f6z ettiriyor. Latin m\u00fczi\u011fi denince akla ilk gelen isimlerden biri olan Sicimo\u011flu, hem sahne performanslar\u0131 hem de ekran enerjisiyle sevenlerinin g\u00f6nl\u00fcnde taht kurmay\u0131 ba\u015fard\u0131. Peki Ayhan Sicimo\u011flu kimdir, ka\u00e7 ya\u015f\u0131ndad\u0131r ve nas\u0131l bir kariyere sahiptir? \u0130\u015fte detaylar\u2026<\/p>\n<h3>25 A\u011eUSTOS 1950\u2019DE DO\u011eDU<\/h3>\n<p>Ayhan Sicimo\u011flu, 25 A\u011fustos 1950\u2019de Ni\u011fde\u2019de d\u00fcnyaya geldi. Kayseri k\u00f6kenli bir aileden gelen Sicimo\u011flu, ilk ve orta \u00f6\u011frenimini Talas Amerikan Okulu ve Tarsus Amerikan Koleji\u2019nde tamamlad\u0131. E\u011fitim hayat\u0131na Hacettepe \u00dcniversitesi Ekonomi B\u00f6l\u00fcm\u00fc\u2019nde devam etti ve burada ekonomi e\u011fitimi ald\u0131. Ancak onun as\u0131l tutkusu sanat ve m\u00fczikti.<\/p>\n<p><img loading=\"lazy\" decoding=\"async\" class=\"alignnone size-full wp-image-188848\" src=\"https:\/\/www.tgrthaber.com\/mavikadin\/wp-content\/uploads\/1-1172.png\" alt=\"\" width=\"1280\" height=\"720\" title=\"\" srcset=\"https:\/\/www.tgrthaber.com\/mavikadin\/wp-content\/uploads\/1-1172.png 1280w, https:\/\/www.tgrthaber.com\/mavikadin\/wp-content\/uploads\/1-1172-300x169.png 300w, https:\/\/www.tgrthaber.com\/mavikadin\/wp-content\/uploads\/1-1172-1024x576.png 1024w, https:\/\/www.tgrthaber.com\/mavikadin\/wp-content\/uploads\/1-1172-768x432.png 768w\" sizes=\"(max-width: 1280px) 100vw, 1280px\" \/><\/p>\n<hr \/>\n<h3>SANATA \u0130LK ADIM YURT DI\u015eINDA<\/h3>\n<p>Gen\u00e7 ya\u015flarda \u0130ngiltere\u2019ye giderek foto\u011fraf ve film e\u011fitimi alan Sicimo\u011flu, ard\u0131ndan \u0130talya\u2019n\u0131n Roma \u015fehrinde moda foto\u011fraf\u00e7\u0131l\u0131\u011f\u0131 \u00fczerine \u00e7al\u0131\u015ft\u0131. D\u00f6rt y\u0131ll\u0131k bu deneyim onun sanata bak\u0131\u015f a\u00e7\u0131s\u0131n\u0131 daha da geli\u015ftirdi. 1981 y\u0131l\u0131nda New York\u2019a ta\u015f\u0131narak sanata ve \u00f6zellikle Latin m\u00fczi\u011fine ilgisini derinle\u015ftirdi.<\/p>\n<p><img loading=\"lazy\" decoding=\"async\" class=\"alignnone size-full wp-image-188852\" src=\"https:\/\/www.tgrthaber.com\/mavikadin\/wp-content\/uploads\/5-605.png\" alt=\"\" width=\"1280\" height=\"720\" title=\"\" srcset=\"https:\/\/www.tgrthaber.com\/mavikadin\/wp-content\/uploads\/5-605.png 1280w, https:\/\/www.tgrthaber.com\/mavikadin\/wp-content\/uploads\/5-605-300x169.png 300w, https:\/\/www.tgrthaber.com\/mavikadin\/wp-content\/uploads\/5-605-1024x576.png 1024w, https:\/\/www.tgrthaber.com\/mavikadin\/wp-content\/uploads\/5-605-768x432.png 768w\" sizes=\"(max-width: 1280px) 100vw, 1280px\" \/><\/p>\n<hr \/>\n<h3>\u201c\u0130PUCU BE\u015eL\u0130S\u0130\u201dNDEN LAT\u0130N ALL STARS\u2019A UZANAN YOL<\/h3>\n<p>1970\u2019lerde Mazhar Alanson, Fuat G\u00fcner, \u00d6zkan U\u011fur ve Galip Boransu ile birlikte \u201c\u0130pucu Be\u015flisi\u201d adl\u0131 m\u00fczik grubunu kurarak profesyonel m\u00fczik kariyerine ilk ad\u0131m\u0131n\u0131 att\u0131. \u201cEle G\u00fcne Kar\u015f\u0131\u201d gibi \u015fark\u0131larla d\u00f6nemin m\u00fczik d\u00fcnyas\u0131nda \u00f6nemli bir yer edinen grup da\u011f\u0131ld\u0131ktan sonra Sicimo\u011flu solo kariyerine odakland\u0131.<\/p>\n<p>Latin m\u00fczi\u011fine olan ilgisini sahnelere ta\u015f\u0131yan sanat\u00e7\u0131, \u201cLatin All Stars\u201d grubunu kurarak perk\u00fcsyon performanslar\u0131yla dikkat \u00e7ekti. MF\u00d6\u2019n\u00fcn \u201cPeki Peki Anlad\u0131k\u201d \u015fark\u0131s\u0131n\u0131n ona ithaf edilmesi de Sicimo\u011flu\u2019nun m\u00fczik d\u00fcnyas\u0131ndaki izini sa\u011flamla\u015ft\u0131rd\u0131.<\/p>\n<p><img loading=\"lazy\" decoding=\"async\" class=\"alignnone size-full wp-image-188849\" src=\"https:\/\/www.tgrthaber.com\/mavikadin\/wp-content\/uploads\/2-1213.png\" alt=\"\" width=\"1280\" height=\"720\" title=\"\" srcset=\"https:\/\/www.tgrthaber.com\/mavikadin\/wp-content\/uploads\/2-1213.png 1280w, https:\/\/www.tgrthaber.com\/mavikadin\/wp-content\/uploads\/2-1213-300x169.png 300w, https:\/\/www.tgrthaber.com\/mavikadin\/wp-content\/uploads\/2-1213-1024x576.png 1024w, https:\/\/www.tgrthaber.com\/mavikadin\/wp-content\/uploads\/2-1213-768x432.png 768w\" sizes=\"(max-width: 1280px) 100vw, 1280px\" \/><\/p>\n<hr \/>\n<h3>EKRANLARDAK\u0130 RENKL\u0130 Y\u00dcZ<\/h3>\n<p>Ayhan Sicimo\u011flu\u2019nun ba\u015far\u0131s\u0131 sadece m\u00fczikle s\u0131n\u0131rl\u0131 kalmad\u0131. T\u00fcrkiye\u2019de k\u00fclt\u00fcr, gezi ve gastronomi programlar\u0131n\u0131n vazge\u00e7ilmez ismi haline gelen Sicimo\u011flu, \u201cAyhan Sicimo\u011flu ile Renkler\u201d ba\u015fta olmak \u00fczere \u201cGastronomi Maceralar\u0131\u201d ve \u201cLimonata\u201d gibi programlarla farkl\u0131 k\u00fclt\u00fcrleri izleyicilere tan\u0131tt\u0131. Ekran enerjisi ve kendine has anlat\u0131m\u0131yla geni\u015f bir hayran kitlesine ula\u015fan sanat\u00e7\u0131, televizyon programlar\u0131n\u0131n yan\u0131 s\u0131ra Joy FM\u2019de yapt\u0131\u011f\u0131 \u201cLatin Lover\u201d program\u0131yla da b\u00fcy\u00fck be\u011feni toplad\u0131.<\/p>\n<p><img loading=\"lazy\" decoding=\"async\" class=\"alignnone size-full wp-image-188851\" src=\"https:\/\/www.tgrthaber.com\/mavikadin\/wp-content\/uploads\/4-980.png\" alt=\"\" width=\"1280\" height=\"720\" title=\"\" srcset=\"https:\/\/www.tgrthaber.com\/mavikadin\/wp-content\/uploads\/4-980.png 1280w, https:\/\/www.tgrthaber.com\/mavikadin\/wp-content\/uploads\/4-980-300x169.png 300w, https:\/\/www.tgrthaber.com\/mavikadin\/wp-content\/uploads\/4-980-1024x576.png 1024w, https:\/\/www.tgrthaber.com\/mavikadin\/wp-content\/uploads\/4-980-768x432.png 768w\" sizes=\"(max-width: 1280px) 100vw, 1280px\" \/><\/p>\n<hr \/>\n<h3>B\u0130R\u00c7OK D\u0130L B\u0130L\u0130YOR<\/h3>\n<p>Ayhan Sicimo\u011flu\u2019nun bir di\u011fer dikkat \u00e7eken \u00f6zelli\u011fi ise \u00e7ok say\u0131da yabanc\u0131 dili ak\u0131c\u0131 \u015fekilde konu\u015fabilmesi. \u0130ngilizce, Frans\u0131zca, \u0130talyanca, \u0130spanyolca ve Portekizce dillerini ak\u0131c\u0131 bir \u015fekilde konu\u015fabiliyor.<\/p>\n","protected":false},"excerpt":{"rendered":"<p>Ayhan Sicimo\u011flu, sanat, m\u00fczik, televizyon ve k\u00fclt\u00fcr programlar\u0131yla T\u00fcrkiye\u2019nin en renkli isimlerinden biri. 73 ya\u015f\u0131ndaki usta sanat\u00e7\u0131, hem sahne performanslar\u0131 hem de ekran enerjisiyle geni\u015f bir hayran kitlesine sahip.<\/p>\n","protected":false},"author":28,"featured_media":188850,"comment_status":"closed","ping_status":"closed","sticky":false,"template":"","format":"standard","meta":{"rank_math_lock_modified_date":true,"footnotes":""},"categories":[491],"tags":[2910,24157,24156,24155,3374],"class_list":["post-188846","post","type-post","status-publish","format-standard","has-post-thumbnail","hentry","category-biyografi","tag-ayhan-sicimoglu","tag-ayhan-sicimoglu-esi","tag-ayhan-sicimoglu-kac-yasinda","tag-ayhan-sicimoglu-kimdir","tag-biyografi"],"_links":{"self":[{"href":"https:\/\/www.tgrthaber.com\/mavikadin\/wp-json\/wp\/v2\/posts\/188846"}],"collection":[{"href":"https:\/\/www.tgrthaber.com\/mavikadin\/wp-json\/wp\/v2\/posts"}],"about":[{"href":"https:\/\/www.tgrthaber.com\/mavikadin\/wp-json\/wp\/v2\/types\/post"}],"author":[{"embeddable":true,"href":"https:\/\/www.tgrthaber.com\/mavikadin\/wp-json\/wp\/v2\/users\/28"}],"replies":[{"embeddable":true,"href":"https:\/\/www.tgrthaber.com\/mavikadin\/wp-json\/wp\/v2\/comments?post=188846"}],"version-history":[{"count":2,"href":"https:\/\/www.tgrthaber.com\/mavikadin\/wp-json\/wp\/v2\/posts\/188846\/revisions"}],"predecessor-version":[{"id":188860,"href":"https:\/\/www.tgrthaber.com\/mavikadin\/wp-json\/wp\/v2\/posts\/188846\/revisions\/188860"}],"wp:featuredmedia":[{"embeddable":true,"href":"https:\/\/www.tgrthaber.com\/mavikadin\/wp-json\/wp\/v2\/media\/188850"}],"wp:attachment":[{"href":"https:\/\/www.tgrthaber.com\/mavikadin\/wp-json\/wp\/v2\/media?parent=188846"}],"wp:term":[{"taxonomy":"category","embeddable":true,"href":"https:\/\/www.tgrthaber.com\/mavikadin\/wp-json\/wp\/v2\/categories?post=188846"},{"taxonomy":"post_tag","embeddable":true,"href":"https:\/\/www.tgrthaber.com\/mavikadin\/wp-json\/wp\/v2\/tags?post=188846"}],"curies":[{"name":"wp","href":"https:\/\/api.w.org\/{rel}","templated":true}]}}