{"id":188854,"date":"2025-06-09T10:26:06","date_gmt":"2025-06-09T07:26:06","guid":{"rendered":"https:\/\/www.tgrthaber.com\/mavikadin\/?p=188854"},"modified":"2025-06-09T10:26:07","modified_gmt":"2025-06-09T07:26:07","slug":"madleen-gemisinde-kimler-vardi-madleen-gemisine-ne-oldu","status":"publish","type":"post","link":"https:\/\/www.tgrthaber.com\/mavikadin\/madleen-gemisinde-kimler-vardi-madleen-gemisine-ne-oldu\/","title":{"rendered":"Madleen gemisinde kimler vard\u0131? Madleen gemisine ne oldu?"},"content":{"rendered":"<p>Gazze\u2019ye insani yard\u0131m ta\u015f\u0131yan ve uluslararas\u0131 bar\u0131\u015f\u00e7\u0131l bir misyonun par\u00e7as\u0131 olan Madleen gemisine, 8 Haziran gecesi \u0130srail donanmas\u0131 m\u00fcdahale etti. Gemide bulunan 12 aktivist ve 1 gazeteci, g\u00f6zalt\u0131na al\u0131narak \u0130srail\u2019e g\u00f6t\u00fcr\u00fcld\u00fc. Uluslararas\u0131 sularda ger\u00e7ekle\u015fen m\u00fcdahale hem hukuki hem insani a\u00e7\u0131dan sert tepkilere neden oldu. Peki Madleen gemisinde kimler vard\u0131? Madleen gemisine ne oldu? Sorular\u0131n\u0131 sizin i\u00e7in ara\u015ft\u0131rd\u0131k. \u0130\u015fte detaylar\u2026<\/p>\n<h3>MADLEEN GEM\u0130S\u0130NDE K\u0130MLER VARDI?<\/h3>\n<p>Gazze\u2019ye insani yard\u0131m g\u00f6t\u00fcrmek \u00fczere yola \u00e7\u0131kan Madleen adl\u0131 gemiye, \u0130srail donanmas\u0131 8 Haziran gecesi uluslararas\u0131 sularda m\u00fcdahale etti. \u0130\u00e7erisinde d\u00fcnyan\u0131n d\u00f6rt bir yan\u0131ndan gelen insan haklar\u0131 savunucular\u0131, aktivistler ve bir gazeteci bulunan gemide yer alan 12 ki\u015filik ekip, \u201c\u00d6zg\u00fcrl\u00fck Filosu Koalisyonu\u201d taraf\u0131ndan organize edilen bir yard\u0131m misyonunun par\u00e7as\u0131yd\u0131. M\u00fcdahale sonras\u0131nda gemi A\u015fdod liman\u0131na \u00e7ekildi, aktivistler g\u00f6zalt\u0131na al\u0131nd\u0131. Uluslararas\u0131 kamuoyunda ise tepkiler b\u00fcy\u00fcyor.<\/p>\n<p><img loading=\"lazy\" decoding=\"async\" class=\"alignnone wp-image-188858\" src=\"https:\/\/www.tgrthaber.com\/mavikadin\/wp-content\/uploads\/haber-gorselleri-fotoshop-2025-06-09T102327.588-1024x576.jpg\" alt=\"Madleen gemisinde kimler vard\u0131? Madleen gemisine ne oldu?\" width=\"1208\" height=\"680\" title=\"\" srcset=\"https:\/\/www.tgrthaber.com\/mavikadin\/wp-content\/uploads\/haber-gorselleri-fotoshop-2025-06-09T102327.588-1024x576.jpg 1024w, https:\/\/www.tgrthaber.com\/mavikadin\/wp-content\/uploads\/haber-gorselleri-fotoshop-2025-06-09T102327.588-300x169.jpg 300w, https:\/\/www.tgrthaber.com\/mavikadin\/wp-content\/uploads\/haber-gorselleri-fotoshop-2025-06-09T102327.588-768x432.jpg 768w, https:\/\/www.tgrthaber.com\/mavikadin\/wp-content\/uploads\/haber-gorselleri-fotoshop-2025-06-09T102327.588-1536x864.jpg 1536w, https:\/\/www.tgrthaber.com\/mavikadin\/wp-content\/uploads\/haber-gorselleri-fotoshop-2025-06-09T102327.588.jpg 1600w\" sizes=\"(max-width: 1208px) 100vw, 1208px\" \/><\/p>\n<hr \/>\n<p>Gemi, \u0130talya\u2019n\u0131n Katanya liman\u0131ndan 1 Haziran\u2019da hareket etmi\u015fti. Yolculu\u011fun amac\u0131, Gazze\u2019deki i\u015fgal alt\u0131nda ya\u015fayan sivillere un, pirin\u00e7, bebek mamas\u0131, kad\u0131n hijyen \u00fcr\u00fcnleri, su ar\u0131tma kitleri ve \u00e7ocuk protezleri gibi temel insani yard\u0131m malzemelerini ula\u015ft\u0131rmakt\u0131.<\/p>\n<p><img loading=\"lazy\" decoding=\"async\" class=\"alignnone wp-image-188855\" src=\"https:\/\/www.tgrthaber.com\/mavikadin\/wp-content\/uploads\/haber-gorselleri-fotoshop-2025-06-09T102352.108-1024x576.jpg\" alt=\"Madleen gemisinde kimler vard\u0131? Madleen gemisine ne oldu?\" width=\"1208\" height=\"680\" title=\"\" srcset=\"https:\/\/www.tgrthaber.com\/mavikadin\/wp-content\/uploads\/haber-gorselleri-fotoshop-2025-06-09T102352.108-1024x576.jpg 1024w, https:\/\/www.tgrthaber.com\/mavikadin\/wp-content\/uploads\/haber-gorselleri-fotoshop-2025-06-09T102352.108-300x169.jpg 300w, https:\/\/www.tgrthaber.com\/mavikadin\/wp-content\/uploads\/haber-gorselleri-fotoshop-2025-06-09T102352.108-768x432.jpg 768w, https:\/\/www.tgrthaber.com\/mavikadin\/wp-content\/uploads\/haber-gorselleri-fotoshop-2025-06-09T102352.108-1536x864.jpg 1536w, https:\/\/www.tgrthaber.com\/mavikadin\/wp-content\/uploads\/haber-gorselleri-fotoshop-2025-06-09T102352.108.jpg 1600w\" sizes=\"(max-width: 1208px) 100vw, 1208px\" \/><\/p>\n<hr \/>\n<p>Madleen\u2019in yolcular\u0131 aras\u0131nda \u0130sve\u00e7li iklim aktivisti Greta Thunberg, Avrupa Parlamentosu \u00dcyesi Frans\u0131z-Filistinli Rima Hassan, Brezilyal\u0131 iklim adaleti savunucusu Thiago Avila, T\u00fcrk aktivist \u015euayb Ordu, Alman aktivist Yasemin Acar ve Frans\u0131z gazeteci Omar Faiad gibi isimler yer al\u0131yordu.<\/p>\n<h3><img loading=\"lazy\" decoding=\"async\" class=\"alignnone wp-image-188857\" src=\"https:\/\/www.tgrthaber.com\/mavikadin\/wp-content\/uploads\/haber-gorselleri-fotoshop-2025-06-09T102339.128-1024x576.jpg\" alt=\"Madleen gemisinde kimler vard\u0131? Madleen gemisine ne oldu?\" width=\"1208\" height=\"680\" title=\"\" srcset=\"https:\/\/www.tgrthaber.com\/mavikadin\/wp-content\/uploads\/haber-gorselleri-fotoshop-2025-06-09T102339.128-1024x576.jpg 1024w, https:\/\/www.tgrthaber.com\/mavikadin\/wp-content\/uploads\/haber-gorselleri-fotoshop-2025-06-09T102339.128-300x169.jpg 300w, https:\/\/www.tgrthaber.com\/mavikadin\/wp-content\/uploads\/haber-gorselleri-fotoshop-2025-06-09T102339.128-768x432.jpg 768w, https:\/\/www.tgrthaber.com\/mavikadin\/wp-content\/uploads\/haber-gorselleri-fotoshop-2025-06-09T102339.128-1536x864.jpg 1536w, https:\/\/www.tgrthaber.com\/mavikadin\/wp-content\/uploads\/haber-gorselleri-fotoshop-2025-06-09T102339.128.jpg 1600w\" sizes=\"(max-width: 1208px) 100vw, 1208px\" \/><\/h3>\n<hr \/>\n<h3>MADLEEN GEM\u0130S\u0130NE NE OLDU?<\/h3>\n<p>Madleen gemisinde 12 aktivist ve bir gazeteciden olu\u015fan grup, gemi \u0130srail donanmas\u0131 taraf\u0131ndan abluka alt\u0131na al\u0131nd\u0131\u011f\u0131nda silahs\u0131z ve bar\u0131\u015f\u00e7\u0131l bir duru\u015f sergiledi. Ancak \u0130srail g\u00fc\u00e7lerinin m\u00fcdahalesi, askeri ara\u00e7lar ve drone\u2019lar e\u015fli\u011finde geldi. Uluslararas\u0131 toplumdan ise tepkiler gecikmedi. Uluslararas\u0131 sularda yap\u0131lan bu m\u00fcdahale sorgulan\u0131rken, \u00f6zellikle sivillerin ihtiya\u00e7 duydu\u011fu insani yard\u0131mlar\u0131n engellenmesi insan haklar\u0131 kurulu\u015flar\u0131n\u0131n g\u00fcndeminde \u00fcst s\u0131ralarda yer ald\u0131.<\/p>\n","protected":false},"excerpt":{"rendered":"<p>Gazze\u2019ye insani yard\u0131m g\u00f6t\u00fcren Madleen adl\u0131 gemi, \u0130srail donanmas\u0131 taraf\u0131ndan uluslararas\u0131 sularda durduruldu. \u0130\u00e7inde Greta Thunberg\u2019in de yer ald\u0131\u011f\u0131 12 aktivist ve 1 gazeteci g\u00f6zalt\u0131na al\u0131nd\u0131. Gemideki yard\u0131m malzemeleri A\u015fdod liman\u0131na g\u00f6t\u00fcr\u00fcld\u00fc. Olay, d\u00fcnyada geni\u015f yank\u0131 uyand\u0131rd\u0131. Peki, Madleen gemisinde kimler vard\u0131? Madleen gemisine ne oldu? \u0130\u015fte detaylar\u2026<\/p>\n","protected":false},"author":34,"featured_media":188856,"comment_status":"closed","ping_status":"closed","sticky":false,"template":"","format":"standard","meta":{"rank_math_lock_modified_date":false,"footnotes":""},"categories":[76],"tags":[909,24154,23890,133,2218],"class_list":["post-188854","post","type-post","status-publish","format-standard","has-post-thumbnail","hentry","category-magazin","tag-filistin","tag-filistine-destek","tag-madleen-gemisi","tag-magazin","tag-magazin-haberleri"],"_links":{"self":[{"href":"https:\/\/www.tgrthaber.com\/mavikadin\/wp-json\/wp\/v2\/posts\/188854"}],"collection":[{"href":"https:\/\/www.tgrthaber.com\/mavikadin\/wp-json\/wp\/v2\/posts"}],"about":[{"href":"https:\/\/www.tgrthaber.com\/mavikadin\/wp-json\/wp\/v2\/types\/post"}],"author":[{"embeddable":true,"href":"https:\/\/www.tgrthaber.com\/mavikadin\/wp-json\/wp\/v2\/users\/34"}],"replies":[{"embeddable":true,"href":"https:\/\/www.tgrthaber.com\/mavikadin\/wp-json\/wp\/v2\/comments?post=188854"}],"version-history":[{"count":1,"href":"https:\/\/www.tgrthaber.com\/mavikadin\/wp-json\/wp\/v2\/posts\/188854\/revisions"}],"predecessor-version":[{"id":188859,"href":"https:\/\/www.tgrthaber.com\/mavikadin\/wp-json\/wp\/v2\/posts\/188854\/revisions\/188859"}],"wp:featuredmedia":[{"embeddable":true,"href":"https:\/\/www.tgrthaber.com\/mavikadin\/wp-json\/wp\/v2\/media\/188856"}],"wp:attachment":[{"href":"https:\/\/www.tgrthaber.com\/mavikadin\/wp-json\/wp\/v2\/media?parent=188854"}],"wp:term":[{"taxonomy":"category","embeddable":true,"href":"https:\/\/www.tgrthaber.com\/mavikadin\/wp-json\/wp\/v2\/categories?post=188854"},{"taxonomy":"post_tag","embeddable":true,"href":"https:\/\/www.tgrthaber.com\/mavikadin\/wp-json\/wp\/v2\/tags?post=188854"}],"curies":[{"name":"wp","href":"https:\/\/api.w.org\/{rel}","templated":true}]}}