{"id":188861,"date":"2025-06-09T10:49:41","date_gmt":"2025-06-09T07:49:41","guid":{"rendered":"https:\/\/www.tgrthaber.com\/mavikadin\/?p=188861"},"modified":"2025-06-09T10:49:41","modified_gmt":"2025-06-09T07:49:41","slug":"kurban-bayraminda-sahne-rekabeti-superstar-ajda-pekkandan-ozcan-denize-konser-maratonu","status":"publish","type":"post","link":"https:\/\/www.tgrthaber.com\/mavikadin\/kurban-bayraminda-sahne-rekabeti-superstar-ajda-pekkandan-ozcan-denize-konser-maratonu\/","title":{"rendered":"Kurban Bayram\u0131\u2019nda sahne rekabeti! S\u00fcperstar Ajda Pekkan\u2019dan \u00d6zcan Deniz\u2019e konser maratonu"},"content":{"rendered":"<p>Kurban Bayram\u0131, T\u00fcrkiye\u2019nin d\u00f6rt bir yan\u0131nda konserlerle renklendi. \u00dcnl\u00fc isimler sahne performanslar\u0131yla hayranlar\u0131n\u0131 co\u015ftururken, m\u00fczik dolu bir bayram ya\u015fand\u0131. K\u0131br\u0131s\u2019tan \u0130stanbul\u2019a, Antalya\u2019dan Bodrum\u2019a kadar geni\u015f bir co\u011frafyada sahne alan sanat\u00e7\u0131lar, bayram tatilinde unutulmaz anlara imza att\u0131.<\/p>\n<h3>AJDA PEKKAN KIBRIS\u2019TA Y\u0130NE Z\u0130RVEDE<\/h3>\n<p>S\u00fcperstar Ajda Pekkan, bayram\u0131n ikinci g\u00fcn\u00fc K\u0131br\u0131s Concorde Luxury Resort\u2019ta sahne ald\u0131. Enerjisi ve \u00f6zel sahne kost\u00fcm\u00fcyle dikkat \u00e7eken Pekkan, nostaljik \u015fark\u0131lar\u0131n\u0131 hayranlar\u0131yla birlikte s\u00f6yledi. \u201cUykusuz Her Gece\u201d gibi sevilen par\u00e7alar\u0131 seslendiren \u00fcnl\u00fc sanat\u00e7\u0131, m\u00fczik ziyafeti sunarak izleyenleri mest etti.<\/p>\n<p><img loading=\"lazy\" decoding=\"async\" class=\"alignnone size-full wp-image-188865\" src=\"https:\/\/www.tgrthaber.com\/mavikadin\/wp-content\/uploads\/4-981.png\" alt=\"\" width=\"1280\" height=\"720\" title=\"\" srcset=\"https:\/\/www.tgrthaber.com\/mavikadin\/wp-content\/uploads\/4-981.png 1280w, https:\/\/www.tgrthaber.com\/mavikadin\/wp-content\/uploads\/4-981-300x169.png 300w, https:\/\/www.tgrthaber.com\/mavikadin\/wp-content\/uploads\/4-981-1024x576.png 1024w, https:\/\/www.tgrthaber.com\/mavikadin\/wp-content\/uploads\/4-981-768x432.png 768w\" sizes=\"(max-width: 1280px) 100vw, 1280px\" \/><\/p>\n<hr \/>\n<h3>FUNDA ARAR\u2019DAN ALTIN RENKL\u0130 \u015eOV<\/h3>\n<p>Funda Arar da Kurban Bayram\u0131\u2019nda K\u0131br\u0131s\u2019ta sahne alan \u00fcnl\u00fclerden biri oldu. Kaya Artemis Resort &amp; Casino sahnesinde alt\u0131n tonlar\u0131ndaki k\u0131yafeti ve yeni sar\u0131 sa\u00e7lar\u0131yla hayranlar\u0131n\u0131n kar\u015f\u0131s\u0131na \u00e7\u0131kan Arar, g\u00fc\u00e7l\u00fc sesi ve samimi tav\u0131rlar\u0131yla unutulmaz bir konser deneyimi ya\u015fatt\u0131. Hayranlar\u0131, Funda Arar\u2019\u0131n sahne \u015fovuna b\u00fcy\u00fck ilgi g\u00f6sterdi.<\/p>\n<p><img loading=\"lazy\" decoding=\"async\" class=\"alignnone size-full wp-image-188866\" src=\"https:\/\/www.tgrthaber.com\/mavikadin\/wp-content\/uploads\/5-606.png\" alt=\"\" width=\"1280\" height=\"720\" title=\"\" srcset=\"https:\/\/www.tgrthaber.com\/mavikadin\/wp-content\/uploads\/5-606.png 1280w, https:\/\/www.tgrthaber.com\/mavikadin\/wp-content\/uploads\/5-606-300x169.png 300w, https:\/\/www.tgrthaber.com\/mavikadin\/wp-content\/uploads\/5-606-1024x576.png 1024w, https:\/\/www.tgrthaber.com\/mavikadin\/wp-content\/uploads\/5-606-768x432.png 768w\" sizes=\"(max-width: 1280px) 100vw, 1280px\" \/><\/p>\n<hr \/>\n<h3>\u00d6ZCAN DEN\u0130Z\u2019DEN \u0130STANBUL\u2019DA S\u00dcRPR\u0130Z D\u00dcET<\/h3>\n<p>\u0130stanbul\u2019da Sar\u0131yer\u2019de bir mek\u00e2nda sahne alan \u00d6zcan Deniz, hayranlar\u0131na s\u00fcrpriz yapt\u0131. Gen\u00e7 \u015fark\u0131c\u0131 Mert Demir\u2019i sahneye davet eden Deniz, birlikte \u201cD\u00f6n Desem\u201d \u015fark\u0131s\u0131n\u0131 s\u00f6ylediler. D\u00fcetleri, geceye damgas\u0131n\u0131 vururken sosyal medyada da geni\u015f yank\u0131 buldu. Konser boyunca \u00d6zcan Deniz\u2019in g\u00fc\u00e7l\u00fc sahne performans\u0131 hayranlar\u0131ndan tam not ald\u0131.<\/p>\n<p><img loading=\"lazy\" decoding=\"async\" class=\"alignnone size-full wp-image-188864\" src=\"https:\/\/www.tgrthaber.com\/mavikadin\/wp-content\/uploads\/3-1192.png\" alt=\"\" width=\"1280\" height=\"720\" title=\"\" srcset=\"https:\/\/www.tgrthaber.com\/mavikadin\/wp-content\/uploads\/3-1192.png 1280w, https:\/\/www.tgrthaber.com\/mavikadin\/wp-content\/uploads\/3-1192-300x169.png 300w, https:\/\/www.tgrthaber.com\/mavikadin\/wp-content\/uploads\/3-1192-1024x576.png 1024w, https:\/\/www.tgrthaber.com\/mavikadin\/wp-content\/uploads\/3-1192-768x432.png 768w\" sizes=\"(max-width: 1280px) 100vw, 1280px\" \/><\/p>\n<hr \/>\n<h3>MURAT DALKILI\u00c7 KIBRIS\u2019I CO\u015eTURDU<\/h3>\n<p>Kurban Bayram\u0131\u2019nda sahne alan bir di\u011fer isim ise Murat Dalk\u0131l\u0131\u00e7 oldu. K\u0131br\u0131s Grand Sapphire Hotel\u2019de sahneye \u00e7\u0131kan Dalk\u0131l\u0131\u00e7, enerjik repertuvar\u0131 ve sahne performans\u0131yla geceye renk katt\u0131. Seyircileri dansa kald\u0131ran sanat\u00e7\u0131, hayranlar\u0131na bayram co\u015fkusu ya\u015fatt\u0131.<\/p>\n<p><img loading=\"lazy\" decoding=\"async\" class=\"alignnone size-full wp-image-188863\" src=\"https:\/\/www.tgrthaber.com\/mavikadin\/wp-content\/uploads\/2-1214.png\" alt=\"\" width=\"1280\" height=\"720\" title=\"\" srcset=\"https:\/\/www.tgrthaber.com\/mavikadin\/wp-content\/uploads\/2-1214.png 1280w, https:\/\/www.tgrthaber.com\/mavikadin\/wp-content\/uploads\/2-1214-300x169.png 300w, https:\/\/www.tgrthaber.com\/mavikadin\/wp-content\/uploads\/2-1214-1024x576.png 1024w, https:\/\/www.tgrthaber.com\/mavikadin\/wp-content\/uploads\/2-1214-768x432.png 768w\" sizes=\"(max-width: 1280px) 100vw, 1280px\" \/><\/p>\n<hr \/>\n<h3>T\u00dcRK\u0130YE\u2019N\u0130N D\u00d6RT B\u0130R YANINDA BAYRAM \u015eENL\u0130\u011e\u0130<\/h3>\n<p>Kurban Bayram\u0131\u2019nda sahne alan isimler aras\u0131nda Sibel Can, G\u00f6khan Tepe, Haluk Levent, Koray Avc\u0131, Hadise ve Candan Er\u00e7etin de yer ald\u0131. Antalya\u2019dan Bodrum\u2019a kadar bir\u00e7ok \u015fehirde bayram co\u015fkusu konserlerle birle\u015firken, m\u00fczik tutkunlar\u0131 unutulmaz bir tatil ge\u00e7irdi.<\/p>\n<p>Kurban Bayram\u0131\u2019nda sahneler \u00fcnl\u00fc isimlerin performanslar\u0131yla dolup ta\u015ft\u0131. Ajda Pekkan\u2019\u0131n nostaljik repertuvar\u0131, Funda Arar\u2019\u0131n yeni imaj\u0131, \u00d6zcan Deniz\u2019in s\u00fcrpriz d\u00fceti ve Murat Dalk\u0131l\u0131\u00e7\u2019\u0131n enerjisi izleyenleri mest etti. Sanat\u00e7\u0131lar bayram tatilini m\u00fczikle ta\u00e7land\u0131rarak hayranlar\u0131na unutulmaz anlar ya\u015fatt\u0131.<\/p>\n","protected":false},"excerpt":{"rendered":"<p>Kurban Bayram\u0131\u2019nda T\u00fcrkiye\u2019nin d\u00f6rt bir yan\u0131nda sahne alan \u00fcnl\u00fcler, hayranlar\u0131na unutulmaz bir m\u00fczik \u015f\u00f6leni ya\u015fatt\u0131. Ajda Pekkan, \u00d6zcan Deniz, Funda Arar ve Murat Dalk\u0131l\u0131\u00e7 konserleriyle bayrama renk katt\u0131.<\/p>\n","protected":false},"author":28,"featured_media":188862,"comment_status":"closed","ping_status":"closed","sticky":false,"template":"","format":"standard","meta":{"rank_math_lock_modified_date":false,"footnotes":""},"categories":[76],"tags":[3546,16235,24158,2218,11340,2393],"class_list":["post-188861","post","type-post","status-publish","format-standard","has-post-thumbnail","hentry","category-magazin","tag-ajda-pekkan","tag-bayram-konserleri","tag-funda-arar","tag-magazin-haberleri","tag-murat-dalkilic","tag-ozcan-deniz"],"_links":{"self":[{"href":"https:\/\/www.tgrthaber.com\/mavikadin\/wp-json\/wp\/v2\/posts\/188861"}],"collection":[{"href":"https:\/\/www.tgrthaber.com\/mavikadin\/wp-json\/wp\/v2\/posts"}],"about":[{"href":"https:\/\/www.tgrthaber.com\/mavikadin\/wp-json\/wp\/v2\/types\/post"}],"author":[{"embeddable":true,"href":"https:\/\/www.tgrthaber.com\/mavikadin\/wp-json\/wp\/v2\/users\/28"}],"replies":[{"embeddable":true,"href":"https:\/\/www.tgrthaber.com\/mavikadin\/wp-json\/wp\/v2\/comments?post=188861"}],"version-history":[{"count":1,"href":"https:\/\/www.tgrthaber.com\/mavikadin\/wp-json\/wp\/v2\/posts\/188861\/revisions"}],"predecessor-version":[{"id":188867,"href":"https:\/\/www.tgrthaber.com\/mavikadin\/wp-json\/wp\/v2\/posts\/188861\/revisions\/188867"}],"wp:featuredmedia":[{"embeddable":true,"href":"https:\/\/www.tgrthaber.com\/mavikadin\/wp-json\/wp\/v2\/media\/188862"}],"wp:attachment":[{"href":"https:\/\/www.tgrthaber.com\/mavikadin\/wp-json\/wp\/v2\/media?parent=188861"}],"wp:term":[{"taxonomy":"category","embeddable":true,"href":"https:\/\/www.tgrthaber.com\/mavikadin\/wp-json\/wp\/v2\/categories?post=188861"},{"taxonomy":"post_tag","embeddable":true,"href":"https:\/\/www.tgrthaber.com\/mavikadin\/wp-json\/wp\/v2\/tags?post=188861"}],"curies":[{"name":"wp","href":"https:\/\/api.w.org\/{rel}","templated":true}]}}