{"id":188868,"date":"2025-06-09T11:01:05","date_gmt":"2025-06-09T08:01:05","guid":{"rendered":"https:\/\/www.tgrthaber.com\/mavikadin\/?p=188868"},"modified":"2025-06-09T11:01:05","modified_gmt":"2025-06-09T08:01:05","slug":"madleen-gemisindeki-turk-suayb-ordu-kimdir-suayb-ordu-kac-yasinda-nereli","status":"publish","type":"post","link":"https:\/\/www.tgrthaber.com\/mavikadin\/madleen-gemisindeki-turk-suayb-ordu-kimdir-suayb-ordu-kac-yasinda-nereli\/","title":{"rendered":"Madleen gemisindeki T\u00fcrk \u015euayb Ordu kimdir? \u015euayb Ordu ka\u00e7 ya\u015f\u0131nda nereli?"},"content":{"rendered":"<p>Gazze\u2019ye uygulanan i\u015fgal devam ederken, uluslararas\u0131 aktivistlerin olu\u015fturdu\u011fu yard\u0131m filosu bir kez daha d\u00fcnya g\u00fcndeminde. Bu filoda T\u00fcrkiye&#8217;den olan \u015euayb Ordu dikkat \u00e7ekiyor. \u0130talya\u2019dan yola \u00e7\u0131kan Madleen gemisine g\u00f6n\u00fcll\u00fc olarak kat\u0131larak Gazze halk\u0131na insani yard\u0131m ula\u015ft\u0131rmay\u0131 hedefliyor. Peki, Madleen gemisindeki T\u00fcrk \u015euayb Ordu kimdir? \u015euayb Ordu ka\u00e7 ya\u015f\u0131nda nereli? sorular\u0131n\u0131 sizin i\u00e7in ara\u015ft\u0131rd\u0131k. \u0130\u015fte detaylar\u2026<\/p>\n<h3>\u00a0T\u00dcRK \u015eUAYB ORDU K\u0130MD\u0130R?<\/h3>\n<p>\u0130srail ablukas\u0131 alt\u0131ndaki Gazze\u2019ye insani yard\u0131m ula\u015ft\u0131rmak i\u00e7in \u0130talya\u2019dan yola \u00e7\u0131kan Madleen gemisinin m\u00fcrettebat\u0131nda bir T\u00fcrk de yer al\u0131yor.<\/p>\n<p>G\u00fcnlerdir d\u00fcnya kamuoyunun dikkatini \u00e7eken Madleen gemisi, Gazze\u2019ye ila\u00e7, t\u0131bbi malzeme ve temel ihtiya\u00e7lar\u0131 ula\u015ft\u0131rma amac\u0131yla yola \u00e7\u0131kt\u0131. \u0130lahiyat fak\u00fcltesi mezunu olan \u015euayb Ordu, Almanya\u2019da serbest meslekle ge\u00e7imini s\u00fcrd\u00fcr\u00fcyor. 2017 y\u0131l\u0131ndan bu yana g\u00f6n\u00fcll\u00fc \u00e7al\u0131\u015fmalarda aktif olarak yer alan Ordu, e\u015fi S\u00fcmmeyra Mittelmeer ile yard\u0131m kurulu\u015flar\u0131yla pek \u00e7ok proje y\u00fcr\u00fctt\u00fc.<\/p>\n<p><img loading=\"lazy\" decoding=\"async\" class=\"alignnone wp-image-188869\" src=\"https:\/\/www.tgrthaber.com\/mavikadin\/wp-content\/uploads\/haber-gorselleri-fotoshop-2025-06-09T105856.226-1024x576.jpg\" alt=\"Madleen gemisindeki T\u00fcrk \u015euayb Ordu kimdir? \u015euayb Ordu ka\u00e7 ya\u015f\u0131nda nereli? \" width=\"1208\" height=\"680\" title=\"\" srcset=\"https:\/\/www.tgrthaber.com\/mavikadin\/wp-content\/uploads\/haber-gorselleri-fotoshop-2025-06-09T105856.226-1024x576.jpg 1024w, https:\/\/www.tgrthaber.com\/mavikadin\/wp-content\/uploads\/haber-gorselleri-fotoshop-2025-06-09T105856.226-300x169.jpg 300w, https:\/\/www.tgrthaber.com\/mavikadin\/wp-content\/uploads\/haber-gorselleri-fotoshop-2025-06-09T105856.226-768x432.jpg 768w, https:\/\/www.tgrthaber.com\/mavikadin\/wp-content\/uploads\/haber-gorselleri-fotoshop-2025-06-09T105856.226-1536x864.jpg 1536w, https:\/\/www.tgrthaber.com\/mavikadin\/wp-content\/uploads\/haber-gorselleri-fotoshop-2025-06-09T105856.226.jpg 1600w\" sizes=\"(max-width: 1208px) 100vw, 1208px\" \/><\/p>\n<hr \/>\n<p>\u015euayb Ordu \u201c2023\u2019teki depremde \u00e7ocuk cesetlerinin \u00e7\u0131kar\u0131ld\u0131\u011f\u0131n\u0131 g\u00f6rd\u00fc\u011f\u00fcmde, insanl\u0131\u011f\u0131n ac\u0131ya ne kadar yak\u0131n oldu\u011funu fark ettim. Gazze\u2019de ise bu ac\u0131 her g\u00fcn ya\u015fan\u0131yor. Oradaki \u00e7ocuklar her sabah bombalar\u0131n sesine uyan\u0131yor,\u201d diyerek bu vicdani sorumluluk duygusu, onu Madleen\u2019e ta\u015f\u0131yan en b\u00fcy\u00fck neden oldu.<\/p>\n<h3><img loading=\"lazy\" decoding=\"async\" class=\"alignnone wp-image-188872\" src=\"https:\/\/www.tgrthaber.com\/mavikadin\/wp-content\/uploads\/haber-gorselleri-fotoshop-2025-06-09T105746.683-1024x576.jpg\" alt=\"Madleen gemisindeki T\u00fcrk \u015euayb Ordu kimdir? \u015euayb Ordu ka\u00e7 ya\u015f\u0131nda nereli? \" width=\"1208\" height=\"680\" title=\"\" srcset=\"https:\/\/www.tgrthaber.com\/mavikadin\/wp-content\/uploads\/haber-gorselleri-fotoshop-2025-06-09T105746.683-1024x576.jpg 1024w, https:\/\/www.tgrthaber.com\/mavikadin\/wp-content\/uploads\/haber-gorselleri-fotoshop-2025-06-09T105746.683-300x169.jpg 300w, https:\/\/www.tgrthaber.com\/mavikadin\/wp-content\/uploads\/haber-gorselleri-fotoshop-2025-06-09T105746.683-768x432.jpg 768w, https:\/\/www.tgrthaber.com\/mavikadin\/wp-content\/uploads\/haber-gorselleri-fotoshop-2025-06-09T105746.683-1536x864.jpg 1536w, https:\/\/www.tgrthaber.com\/mavikadin\/wp-content\/uploads\/haber-gorselleri-fotoshop-2025-06-09T105746.683.jpg 1600w\" sizes=\"(max-width: 1208px) 100vw, 1208px\" \/><\/h3>\n<hr \/>\n<h3>\u015eUAYB ORDU KA\u00c7 YA\u015eINDA?<\/h3>\n<p>Tam ad\u0131 H\u00fcseyin \u015euayb Ordu, \u015fimdilerde 31 ya\u015f\u0131nda. Yolculuk boyunca drone\u2019larla takip edildiklerini, psikolojik bask\u0131n\u0131n yo\u011fun oldu\u011funu, ancak \u015fu ana kadar fiziksel bir m\u00fcdahale ya\u015fanmad\u0131\u011f\u0131n\u0131 belirten Ordu, bu s\u00fcreci sab\u0131r ve inan\u00e7la s\u00fcrd\u00fcr\u00fcyor.<\/p>\n<p><img loading=\"lazy\" decoding=\"async\" class=\"alignnone wp-image-188870\" src=\"https:\/\/www.tgrthaber.com\/mavikadin\/wp-content\/uploads\/haber-gorselleri-fotoshop-2025-06-09T105838.571-1024x576.jpg\" alt=\"Madleen gemisindeki T\u00fcrk \u015euayb Ordu kimdir? \u015euayb Ordu ka\u00e7 ya\u015f\u0131nda nereli? \" width=\"1208\" height=\"680\" title=\"\" srcset=\"https:\/\/www.tgrthaber.com\/mavikadin\/wp-content\/uploads\/haber-gorselleri-fotoshop-2025-06-09T105838.571-1024x576.jpg 1024w, https:\/\/www.tgrthaber.com\/mavikadin\/wp-content\/uploads\/haber-gorselleri-fotoshop-2025-06-09T105838.571-300x169.jpg 300w, https:\/\/www.tgrthaber.com\/mavikadin\/wp-content\/uploads\/haber-gorselleri-fotoshop-2025-06-09T105838.571-768x432.jpg 768w, https:\/\/www.tgrthaber.com\/mavikadin\/wp-content\/uploads\/haber-gorselleri-fotoshop-2025-06-09T105838.571-1536x864.jpg 1536w, https:\/\/www.tgrthaber.com\/mavikadin\/wp-content\/uploads\/haber-gorselleri-fotoshop-2025-06-09T105838.571.jpg 1600w\" sizes=\"(max-width: 1208px) 100vw, 1208px\" \/><\/p>\n<hr \/>\n<p>Sanata da ilgisi bulunan Ordu, Bursa Nil\u00fcfer Belediyesi\u2019nin hayvan bar\u0131na\u011f\u0131 projesinde hayvan fig\u00fcrleri \u00e7izmi\u015f. Hayat\u0131n\u0131n pek \u00e7ok alan\u0131nda \u00fcretkenlik ve fayda \u00fczerine kurulu bir yakla\u015f\u0131m\u0131 benimsemi\u015f. Bu \u00e7ok y\u00f6nl\u00fc ki\u015fili\u011fini, \u015fimdi de Gazze\u2019ye ula\u015fan umut kervan\u0131na ta\u015f\u0131yor.<\/p>\n<h3><img loading=\"lazy\" decoding=\"async\" class=\"alignnone wp-image-188871\" src=\"https:\/\/www.tgrthaber.com\/mavikadin\/wp-content\/uploads\/haber-gorselleri-fotoshop-2025-06-09T105812.471-1024x576.jpg\" alt=\"Madleen gemisindeki T\u00fcrk \u015euayb Ordu kimdir? \u015euayb Ordu ka\u00e7 ya\u015f\u0131nda nereli? \" width=\"1208\" height=\"680\" title=\"\" srcset=\"https:\/\/www.tgrthaber.com\/mavikadin\/wp-content\/uploads\/haber-gorselleri-fotoshop-2025-06-09T105812.471-1024x576.jpg 1024w, https:\/\/www.tgrthaber.com\/mavikadin\/wp-content\/uploads\/haber-gorselleri-fotoshop-2025-06-09T105812.471-300x169.jpg 300w, https:\/\/www.tgrthaber.com\/mavikadin\/wp-content\/uploads\/haber-gorselleri-fotoshop-2025-06-09T105812.471-768x432.jpg 768w, https:\/\/www.tgrthaber.com\/mavikadin\/wp-content\/uploads\/haber-gorselleri-fotoshop-2025-06-09T105812.471-1536x864.jpg 1536w, https:\/\/www.tgrthaber.com\/mavikadin\/wp-content\/uploads\/haber-gorselleri-fotoshop-2025-06-09T105812.471.jpg 1600w\" sizes=\"(max-width: 1208px) 100vw, 1208px\" \/><\/h3>\n<hr \/>\n<h3>\u015eUAYB ORDU NEREL\u0130?<\/h3>\n<p>Aslen Osmaniyeli olan, ancak uzun s\u00fcredir Bursa\u2019da ya\u015fayan \u015euayb Ordu, g\u00f6n\u00fcll\u00fcler sayesinde bu yolculu\u011fun sonunda Gazze\u2019ye ula\u015famasalar bile, insanl\u0131\u011f\u0131n kalbine ula\u015ft\u0131klar\u0131na inan\u0131yor.<\/p>\n","protected":false},"excerpt":{"rendered":"<p>Filistin destek\u00e7isi \u015euayb Ordu, Gazze\u2019ye insani yard\u0131m g\u00f6t\u00fcren Madleen gemisine kat\u0131ld\u0131. Peki, Madleen gemisindeki T\u00fcrk \u015euayb Ordu kimdir? \u015euayb Ordu ka\u00e7 ya\u015f\u0131nda nereli? \u0130\u015fte detaylar\u2026<\/p>\n","protected":false},"author":34,"featured_media":188871,"comment_status":"closed","ping_status":"closed","sticky":false,"template":"","format":"standard","meta":{"rank_math_lock_modified_date":false,"footnotes":""},"categories":[491],"tags":[24160,909,23890,24159],"class_list":["post-188868","post","type-post","status-publish","format-standard","has-post-thumbnail","hentry","category-biyografi","tag-biyograf-haberleri","tag-filistin","tag-madleen-gemisi","tag-suayb-ordu"],"_links":{"self":[{"href":"https:\/\/www.tgrthaber.com\/mavikadin\/wp-json\/wp\/v2\/posts\/188868"}],"collection":[{"href":"https:\/\/www.tgrthaber.com\/mavikadin\/wp-json\/wp\/v2\/posts"}],"about":[{"href":"https:\/\/www.tgrthaber.com\/mavikadin\/wp-json\/wp\/v2\/types\/post"}],"author":[{"embeddable":true,"href":"https:\/\/www.tgrthaber.com\/mavikadin\/wp-json\/wp\/v2\/users\/34"}],"replies":[{"embeddable":true,"href":"https:\/\/www.tgrthaber.com\/mavikadin\/wp-json\/wp\/v2\/comments?post=188868"}],"version-history":[{"count":1,"href":"https:\/\/www.tgrthaber.com\/mavikadin\/wp-json\/wp\/v2\/posts\/188868\/revisions"}],"predecessor-version":[{"id":188874,"href":"https:\/\/www.tgrthaber.com\/mavikadin\/wp-json\/wp\/v2\/posts\/188868\/revisions\/188874"}],"wp:featuredmedia":[{"embeddable":true,"href":"https:\/\/www.tgrthaber.com\/mavikadin\/wp-json\/wp\/v2\/media\/188871"}],"wp:attachment":[{"href":"https:\/\/www.tgrthaber.com\/mavikadin\/wp-json\/wp\/v2\/media?parent=188868"}],"wp:term":[{"taxonomy":"category","embeddable":true,"href":"https:\/\/www.tgrthaber.com\/mavikadin\/wp-json\/wp\/v2\/categories?post=188868"},{"taxonomy":"post_tag","embeddable":true,"href":"https:\/\/www.tgrthaber.com\/mavikadin\/wp-json\/wp\/v2\/tags?post=188868"}],"curies":[{"name":"wp","href":"https:\/\/api.w.org\/{rel}","templated":true}]}}