{"id":188958,"date":"2025-06-09T14:37:28","date_gmt":"2025-06-09T11:37:28","guid":{"rendered":"https:\/\/www.tgrthaber.com\/mavikadin\/?p=188958"},"modified":"2025-06-09T14:37:28","modified_gmt":"2025-06-09T11:37:28","slug":"yaz-aylarinda-cabuk-yaglanan-saclara-son-parlak-ve-canli","status":"publish","type":"post","link":"https:\/\/www.tgrthaber.com\/mavikadin\/yaz-aylarinda-cabuk-yaglanan-saclara-son-parlak-ve-canli\/","title":{"rendered":"Yaz aylar\u0131nda \u00e7abuk ya\u011flanan sa\u00e7lara son! Parlak ve canl\u0131"},"content":{"rendered":"<p>Yaz aylar\u0131n\u0131n s\u0131cak ve nemli havas\u0131, sa\u00e7 sa\u011fl\u0131\u011f\u0131n\u0131 da olumsuz etkileyebiliyor. \u00d6zellikle ince telli sa\u00e7 yap\u0131s\u0131na sahip olanlar i\u00e7in \u00e7abuk ya\u011flanan sa\u00e7lar b\u00fcy\u00fck bir sorun haline gelebiliyor. Uzmanlar, bu d\u00f6nemde sa\u00e7 bak\u0131m\u0131nda dikkat edilmesi gereken noktalar\u0131 payla\u015ft\u0131. \u0130\u015fte sa\u00e7lar\u0131n\u0131z\u0131n hem parlak hem de canl\u0131 kalmas\u0131 i\u00e7in bilmeniz gerekenler\u2026<\/p>\n<h3>YAZ SICAKLARI SA\u00c7 DER\u0130S\u0130N\u0130 NASIL ETK\u0130L\u0130YOR?<\/h3>\n<p>Yaz aylar\u0131nda s\u0131cakl\u0131k ve nem oran\u0131n\u0131n artmas\u0131yla birlikte sa\u00e7 derisinde terleme ve ya\u011flanma miktar\u0131 da art\u0131yor. Bu da sa\u00e7\u0131n k\u00f6klerine yak\u0131n b\u00f6lgelerin daha \u00e7abuk ya\u011flanmas\u0131na ve sa\u00e7lar\u0131n s\u00f6n\u00fck, yap\u0131\u015f\u0131k g\u00f6r\u00fcnmesine yol a\u00e7abiliyor. Ayr\u0131ca deniz, havuz ve g\u00fcne\u015f \u0131\u015f\u0131nlar\u0131 da sa\u00e7 derisini kurutarak sebum dengesini bozabiliyor.<\/p>\n<p><img loading=\"lazy\" decoding=\"async\" class=\"alignnone size-full wp-image-188966\" src=\"https:\/\/www.tgrthaber.com\/mavikadin\/wp-content\/uploads\/2-1221.png\" alt=\"\" width=\"1280\" height=\"720\" title=\"\" srcset=\"https:\/\/www.tgrthaber.com\/mavikadin\/wp-content\/uploads\/2-1221.png 1280w, https:\/\/www.tgrthaber.com\/mavikadin\/wp-content\/uploads\/2-1221-300x169.png 300w, https:\/\/www.tgrthaber.com\/mavikadin\/wp-content\/uploads\/2-1221-1024x576.png 1024w, https:\/\/www.tgrthaber.com\/mavikadin\/wp-content\/uploads\/2-1221-768x432.png 768w\" sizes=\"(max-width: 1280px) 100vw, 1280px\" \/><\/p>\n<hr \/>\n<h3>YA\u011eLANAN SA\u00c7LAR \u0130\u00c7\u0130N ALTIN KURALLAR<\/h3>\n<p>Sa\u00e7lar\u0131n\u0131z\u0131 her g\u00fcn de\u011fil, g\u00fcn a\u015f\u0131r\u0131 y\u0131kay\u0131n. G\u00fcnl\u00fck y\u0131kama sa\u00e7 derisinin daha fazla ya\u011f \u00fcretmesine neden olabilir.<\/p>\n<p>\u015eampuan\u0131n\u0131z\u0131 sa\u00e7 derinize masaj yaparak uygulay\u0131n ve bol suyla durulay\u0131n.<\/p>\n<p>Yaz\u0131n a\u011f\u0131r ve kremli \u015fampuanlardan uzak durun. Ya\u011flanmay\u0131 azalt\u0131c\u0131 hafif \u015fampuanlar tercih edin.<\/p>\n<p>Sa\u00e7 bak\u0131m \u00fcr\u00fcnlerinde alkol ve silikon i\u00e7ermeyen se\u00e7enekleri kullan\u0131n. Bu maddeler sa\u00e7 derisini tahri\u015f ederek ya\u011flanmay\u0131 art\u0131rabilir.<\/p>\n<p>Sa\u00e7 kremi veya maskeyi yaln\u0131zca u\u00e7lara uygulay\u0131n, k\u00f6klere s\u00fcrmekten ka\u00e7\u0131n\u0131n.<\/p>\n<p><img loading=\"lazy\" decoding=\"async\" class=\"alignnone size-full wp-image-188968\" src=\"https:\/\/www.tgrthaber.com\/mavikadin\/wp-content\/uploads\/4-987.png\" alt=\"\" width=\"1280\" height=\"720\" title=\"\" srcset=\"https:\/\/www.tgrthaber.com\/mavikadin\/wp-content\/uploads\/4-987.png 1280w, https:\/\/www.tgrthaber.com\/mavikadin\/wp-content\/uploads\/4-987-300x169.png 300w, https:\/\/www.tgrthaber.com\/mavikadin\/wp-content\/uploads\/4-987-1024x576.png 1024w, https:\/\/www.tgrthaber.com\/mavikadin\/wp-content\/uploads\/4-987-768x432.png 768w\" sizes=\"(max-width: 1280px) 100vw, 1280px\" \/><\/p>\n<hr \/>\n<h3>PARLAK VE CANLI SA\u00c7LAR \u0130\u00c7\u0130N DO\u011eAL DESTEKLER<\/h3>\n<p>Elma sirkesi, sa\u00e7\u0131n pH dengesini d\u00fczenleyerek ya\u011flanmay\u0131 kontrol alt\u0131na alabilir. Haftada bir kez 1 \u00f6l\u00e7ek elma sirkesi ve 3 \u00f6l\u00e7ek suyla haz\u0131rlanan kar\u0131\u015f\u0131m\u0131 sa\u00e7\u0131n\u0131za uygulay\u0131n, 5 dakika bekletip durulay\u0131n.<\/p>\n<p>Limon suyu da sa\u00e7 derisinin nefes almas\u0131na yard\u0131mc\u0131 olabilir. Ancak a\u015f\u0131r\u0131 kullan\u0131mdan ka\u00e7\u0131narak haftada bir uygulama \u00f6nerilir.<\/p>\n<p>Nane ya\u011f\u0131 veya \u00e7ay a\u011fac\u0131 ya\u011f\u0131, sa\u00e7 derisini canland\u0131rarak ya\u011f dengesini korumaya yard\u0131mc\u0131 olur. Birka\u00e7 damla ya\u011f\u0131 \u015fampuan\u0131n\u0131za ekleyerek kullanabilirsiniz.<\/p>\n<p><img loading=\"lazy\" decoding=\"async\" class=\"alignnone size-full wp-image-188965\" src=\"https:\/\/www.tgrthaber.com\/mavikadin\/wp-content\/uploads\/1-1180.png\" alt=\"\" width=\"1280\" height=\"720\" title=\"\" srcset=\"https:\/\/www.tgrthaber.com\/mavikadin\/wp-content\/uploads\/1-1180.png 1280w, https:\/\/www.tgrthaber.com\/mavikadin\/wp-content\/uploads\/1-1180-300x169.png 300w, https:\/\/www.tgrthaber.com\/mavikadin\/wp-content\/uploads\/1-1180-1024x576.png 1024w, https:\/\/www.tgrthaber.com\/mavikadin\/wp-content\/uploads\/1-1180-768x432.png 768w\" sizes=\"(max-width: 1280px) 100vw, 1280px\" \/><\/p>\n<hr \/>\n<h3>UZMAN G\u00d6R\u00dc\u015e\u00dc<\/h3>\n<p>Dermatologlar, yaz aylar\u0131nda sa\u00e7lar\u0131n do\u011fal ya\u011f dengesini korumak i\u00e7in hafif bak\u0131m rutinlerinin \u00f6nemine vurgu yap\u0131yor. \u201cSa\u00e7 derisini s\u0131k s\u0131k temizlemek yerine dengeli bak\u0131m yap\u0131lmal\u0131, a\u015f\u0131r\u0131 s\u0131cak ve g\u00fcne\u015ften korunulmal\u0131. Havuz ve deniz sonras\u0131 mutlaka sa\u00e7lar \u0131l\u0131k suyla durulanmal\u0131,\u201d diyen uzmanlar, parlak ve canl\u0131 sa\u00e7lar i\u00e7in d\u00fczenli bak\u0131m\u0131n \u015fart oldu\u011funu s\u00f6yl\u00fcyor.<\/p>\n","protected":false},"excerpt":{"rendered":"<p>Yaz aylar\u0131nda s\u0131cak hava ve nem, sa\u00e7lar\u0131n \u00e7abuk ya\u011flanmas\u0131na neden olabiliyor. Parlak ve canl\u0131 sa\u00e7lar i\u00e7in uzmanlar\u0131n \u00f6nerileriyle bu soruna veda edin!<\/p>\n","protected":false},"author":28,"featured_media":188969,"comment_status":"closed","ping_status":"closed","sticky":false,"template":"","format":"standard","meta":{"rank_math_lock_modified_date":false,"footnotes":""},"categories":[166],"tags":[24181,20699,2832,24180],"class_list":["post-188958","post","type-post","status-publish","format-standard","has-post-thumbnail","hentry","category-sac-bakimi-sac-uzatma","tag-canli-saclar","tag-parlak-saclar","tag-sac-bakimi","tag-yagli-saclara-cozum"],"_links":{"self":[{"href":"https:\/\/www.tgrthaber.com\/mavikadin\/wp-json\/wp\/v2\/posts\/188958"}],"collection":[{"href":"https:\/\/www.tgrthaber.com\/mavikadin\/wp-json\/wp\/v2\/posts"}],"about":[{"href":"https:\/\/www.tgrthaber.com\/mavikadin\/wp-json\/wp\/v2\/types\/post"}],"author":[{"embeddable":true,"href":"https:\/\/www.tgrthaber.com\/mavikadin\/wp-json\/wp\/v2\/users\/28"}],"replies":[{"embeddable":true,"href":"https:\/\/www.tgrthaber.com\/mavikadin\/wp-json\/wp\/v2\/comments?post=188958"}],"version-history":[{"count":2,"href":"https:\/\/www.tgrthaber.com\/mavikadin\/wp-json\/wp\/v2\/posts\/188958\/revisions"}],"predecessor-version":[{"id":188971,"href":"https:\/\/www.tgrthaber.com\/mavikadin\/wp-json\/wp\/v2\/posts\/188958\/revisions\/188971"}],"wp:featuredmedia":[{"embeddable":true,"href":"https:\/\/www.tgrthaber.com\/mavikadin\/wp-json\/wp\/v2\/media\/188969"}],"wp:attachment":[{"href":"https:\/\/www.tgrthaber.com\/mavikadin\/wp-json\/wp\/v2\/media?parent=188958"}],"wp:term":[{"taxonomy":"category","embeddable":true,"href":"https:\/\/www.tgrthaber.com\/mavikadin\/wp-json\/wp\/v2\/categories?post=188958"},{"taxonomy":"post_tag","embeddable":true,"href":"https:\/\/www.tgrthaber.com\/mavikadin\/wp-json\/wp\/v2\/tags?post=188958"}],"curies":[{"name":"wp","href":"https:\/\/api.w.org\/{rel}","templated":true}]}}