{"id":189129,"date":"2025-06-09T22:11:54","date_gmt":"2025-06-09T19:11:54","guid":{"rendered":"https:\/\/www.tgrthaber.com\/mavikadin\/?p=189129"},"modified":"2025-06-09T22:11:54","modified_gmt":"2025-06-09T19:11:54","slug":"israilin-madleen-saldirisina-emir-can-igrekten-sert-tepki-sozleri-binlerce-kez-paylasildi","status":"publish","type":"post","link":"https:\/\/www.tgrthaber.com\/mavikadin\/israilin-madleen-saldirisina-emir-can-igrekten-sert-tepki-sozleri-binlerce-kez-paylasildi\/","title":{"rendered":"\u0130srail\u2019in Madleen sald\u0131r\u0131s\u0131na Emir Can \u0130\u011frek\u2019ten sert tepki! S\u00f6zleri binlerce kez payla\u015f\u0131ld\u0131"},"content":{"rendered":"<p>Gazze\u2019ye insani yard\u0131m ta\u015f\u0131yan Madleen gemisine y\u00f6nelik sald\u0131r\u0131 t\u00fcm d\u00fcnyada tepki toplarken, sanat\u00e7\u0131 Emir Can \u0130\u011frek de sessiz kalmad\u0131. \u0130srail ordusunun m\u00fcdahalesine sosyal medyadan sert bir \u00e7\u0131k\u0131\u015fla kar\u015f\u0131l\u0131k veren \u0130\u011frek, insan hayat\u0131n\u0131n de\u011ferine dikkat \u00e7ekti. Gemide yer alan aktivistlerden uzun s\u00fcredir haber al\u0131namamas\u0131 endi\u015feyi art\u0131r\u0131rken, \u015fark\u0131c\u0131n\u0131n payla\u015f\u0131m\u0131 k\u0131sa s\u00fcrede g\u00fcndem oldu. \u0130\u015fte Emir Can \u0130\u011frek\u2019in, \u0130srail\u2019in Madleen gemisine m\u00fcdahalesine y\u00f6nelik dikkat \u00e7eken tepkisi&#8230;<\/p>\n<h3>SRA\u0130L ORDUSU MADLEEN GEM\u0130S\u0130NE M\u00dcDAHALE ETT\u0130<\/h3>\n<p>Gazze \u015eeridi\u2019ne yard\u0131m ula\u015ft\u0131rmak \u00fczere yola \u00e7\u0131kan Madleen isimli gemi, \u0130srail ordusunun hedefi oldu. \u00d6zg\u00fcrl\u00fck Filosu Koalisyonu taraf\u0131ndan yap\u0131lan a\u00e7\u0131klamada, gemiyle ileti\u015fimin tamamen kesildi\u011fi bildirildi. Gemiye \u00e7\u0131kan \u0130srail askerlerinin, g\u00f6n\u00fcll\u00fcleri al\u0131koydu\u011fu ve aktivistlerden haber al\u0131namad\u0131\u011f\u0131 belirtildi.<\/p>\n<p><img loading=\"lazy\" decoding=\"async\" class=\"alignnone wp-image-189136\" src=\"https:\/\/www.tgrthaber.com\/mavikadin\/wp-content\/uploads\/bfb1052f-bndl58dwyta2z4krdhjd0m-300x168.jpeg\" alt=\"\" width=\"1208\" height=\"678\" title=\"\" srcset=\"https:\/\/www.tgrthaber.com\/mavikadin\/wp-content\/uploads\/bfb1052f-bndl58dwyta2z4krdhjd0m-300x168.jpeg 300w, https:\/\/www.tgrthaber.com\/mavikadin\/wp-content\/uploads\/bfb1052f-bndl58dwyta2z4krdhjd0m.jpeg 640w\" sizes=\"(max-width: 1208px) 100vw, 1208px\" \/><\/p>\n<hr \/>\n<p>Madleen gemisinde T\u00fcrkiye\u2019den H\u00fcseyin \u015euayb Ordu\u2019nun da bulundu\u011fu, ayr\u0131ca aralar\u0131nda Avrupa Parlamentosu \u00fcyesi Rima Hassan, iklim aktivisti Greta Thunberg, gazeteci Omar Faiad ve di\u011fer \u00fclkelerden aktivistlerin yer ald\u0131\u011f\u0131 toplam 12 ki\u015finin gemide oldu\u011fu a\u00e7\u0131kland\u0131.<\/p>\n<p>Madleen gemisine yap\u0131lan m\u00fcdahale, uluslararas\u0131 medyada geni\u015f yer bulurken sosyal medyada da yank\u0131 uyand\u0131rd\u0131. Kullan\u0131c\u0131lar \u0130srail\u2019in bu ad\u0131m\u0131n\u0131 \u201cinsani yard\u0131ma sava\u015f a\u00e7mak\u201d olarak yorumlarken, bir\u00e7ok sanat\u00e7\u0131 ve siyaset\u00e7i ya\u015fananlara sert tepki g\u00f6sterdi.<\/p>\n<h3><img loading=\"lazy\" decoding=\"async\" class=\"alignnone wp-image-189137\" src=\"https:\/\/www.tgrthaber.com\/mavikadin\/wp-content\/uploads\/Adsiz-tasarim-2-34-300x169.png\" alt=\"\" width=\"1208\" height=\"680\" title=\"\" srcset=\"https:\/\/www.tgrthaber.com\/mavikadin\/wp-content\/uploads\/Adsiz-tasarim-2-34-300x169.png 300w, https:\/\/www.tgrthaber.com\/mavikadin\/wp-content\/uploads\/Adsiz-tasarim-2-34-1024x576.png 1024w, https:\/\/www.tgrthaber.com\/mavikadin\/wp-content\/uploads\/Adsiz-tasarim-2-34-768x432.png 768w, https:\/\/www.tgrthaber.com\/mavikadin\/wp-content\/uploads\/Adsiz-tasarim-2-34-1536x864.png 1536w, https:\/\/www.tgrthaber.com\/mavikadin\/wp-content\/uploads\/Adsiz-tasarim-2-34.png 1920w\" sizes=\"(max-width: 1208px) 100vw, 1208px\" \/><\/h3>\n<hr \/>\n<h3>MADLEEN SALDIRISINA EM\u0130R CAN \u0130\u011eREK\u2019TEN SERT TEPK\u0130!<\/h3>\n<p>Sanat d\u00fcnyas\u0131n\u0131n toplumsal meselelerdeki duyarl\u0131l\u0131\u011f\u0131yla bilinen isimlerinden Emir Can \u0130\u011frek, sald\u0131r\u0131ya kar\u015f\u0131 tepkisini sosyal medya \u00fczerinden dile getirdi. \u0130\u011frek, payla\u015f\u0131m\u0131nda \u015fu ifadeleri kulland\u0131:<\/p>\n<p>\u201cG\u00fc\u00e7l\u00fcler, egemenler, muktedirler\u2026 G\u00fcc\u00fcn, egemenli\u011fin, otoritenin sahibi sizsiniz ama hayat\u0131n sahibi siz de\u011filsiniz. Kumla kar\u0131\u015f\u0131k un yedirdi\u011finiz, ablukalarla hapsetti\u011finiz, hapislerde \u00e7\u00fcr\u00fctt\u00fc\u011f\u00fcn\u00fcz, ya\u015fama haklar\u0131n\u0131 tan\u0131mad\u0131\u011f\u0131n\u0131z insanlar\u0131n hayatlar\u0131n\u0131 bir kalemde sildi\u011finiz d\u00fczen adil de\u011fil. Anla\u015fmak zorundas\u0131n\u0131z, ya\u015fatmak zorundas\u0131n\u0131z, her bireyin en az sizin kadar ya\u015fama hakk\u0131 oldu\u011funu bilmek zorundas\u0131n\u0131z. Hukuk bunun i\u00e7in var, hukuku tan\u0131mak zorundas\u0131n\u0131z.\u201d<\/p>\n<p><img loading=\"lazy\" decoding=\"async\" class=\"alignnone wp-image-189138\" src=\"https:\/\/www.tgrthaber.com\/mavikadin\/wp-content\/uploads\/Ekran-goruntusu-2025-06-09-214458-300x140.png\" alt=\"\" width=\"1208\" height=\"562\" title=\"\" srcset=\"https:\/\/www.tgrthaber.com\/mavikadin\/wp-content\/uploads\/Ekran-goruntusu-2025-06-09-214458-300x140.png 300w, https:\/\/www.tgrthaber.com\/mavikadin\/wp-content\/uploads\/Ekran-goruntusu-2025-06-09-214458.png 593w\" sizes=\"(max-width: 1208px) 100vw, 1208px\" \/><\/p>\n<hr \/>\n<p>Bu s\u00f6zleriyle hem hukukun \u00fcst\u00fcnl\u00fc\u011f\u00fcne hem de insan hayat\u0131n\u0131n de\u011ferine vurgu yapan \u0130\u011frek\u2019in mesaj\u0131, binlerce ki\u015fi taraf\u0131ndan payla\u015f\u0131ld\u0131.<\/p>\n<p><img loading=\"lazy\" decoding=\"async\" class=\"alignnone wp-image-189140\" src=\"https:\/\/www.tgrthaber.com\/mavikadin\/wp-content\/uploads\/Adsiz-tasarim-3-35-300x169.png\" alt=\"\" width=\"1208\" height=\"680\" title=\"\" srcset=\"https:\/\/www.tgrthaber.com\/mavikadin\/wp-content\/uploads\/Adsiz-tasarim-3-35-300x169.png 300w, https:\/\/www.tgrthaber.com\/mavikadin\/wp-content\/uploads\/Adsiz-tasarim-3-35-1024x576.png 1024w, https:\/\/www.tgrthaber.com\/mavikadin\/wp-content\/uploads\/Adsiz-tasarim-3-35-768x432.png 768w, https:\/\/www.tgrthaber.com\/mavikadin\/wp-content\/uploads\/Adsiz-tasarim-3-35-1536x864.png 1536w, https:\/\/www.tgrthaber.com\/mavikadin\/wp-content\/uploads\/Adsiz-tasarim-3-35.png 1920w\" sizes=\"(max-width: 1208px) 100vw, 1208px\" \/><\/p>\n<hr \/>\n<h3>GEM\u0130DEK\u0130LERDEN HABER BEKLEN\u0130YOR<\/h3>\n<p>\u0130srail g\u00fc\u00e7lerinin m\u00fcdahalesinin ard\u0131ndan gemideki aktivistlerin ak\u0131beti halen belirsizli\u011fini koruyor. Uluslararas\u0131 insan haklar\u0131 kurulu\u015flar\u0131 ve bir\u00e7ok \u00fclke yetkilisi, \u0130srail\u2019i sorumluluk almaya \u00e7a\u011f\u0131r\u0131rken, gemide bulunan ki\u015filerin sa\u011fl\u0131k durumuna ili\u015fkin net bir bilgi payla\u015f\u0131lm\u0131\u015f de\u011fil.<\/p>\n<p>Madleen gemisine y\u00f6nelik sald\u0131r\u0131, sadece insani yard\u0131m misyonunu de\u011fil, evrensel haklar\u0131 da hedef alm\u0131\u015f durumda. \u015eimdi g\u00f6zler, hem \u0130srail y\u00f6netiminin ataca\u011f\u0131 ad\u0131mlarda hem de kay\u0131p aktivistlerden gelecek iyi haberlerde.<\/p>\n","protected":false},"excerpt":{"rendered":"<p>Gazze\u2019ye insani yard\u0131m ta\u015f\u0131yan Madleen gemisine y\u00f6nelik \u0130srail m\u00fcdahalesi, d\u00fcnya genelinde b\u00fcy\u00fck yank\u0131 uyand\u0131rd\u0131. Geli\u015fmeleri yak\u0131ndan takip eden sanat\u00e7\u0131lardan Emir Can \u0130\u011frek, sosyal medya hesab\u0131ndan yapt\u0131\u011f\u0131 a\u00e7\u0131klamayla ya\u015fananlara sert tepki g\u00f6sterdi. \u0130\u011frek\u2019in adalet ve insan haklar\u0131 vurgusu i\u00e7eren \u00e7arp\u0131c\u0131 s\u00f6zleri, k\u0131sa s\u00fcrede binlerce kullan\u0131c\u0131 taraf\u0131ndan payla\u015f\u0131ld\u0131. Detaylar haberimizde&#8230;<\/p>\n","protected":false},"author":35,"featured_media":189132,"comment_status":"closed","ping_status":"closed","sticky":false,"template":"","format":"standard","meta":{"rank_math_lock_modified_date":false,"footnotes":""},"categories":[76],"tags":[3634,24227,24225,24226,133],"class_list":["post-189129","post","type-post","status-publish","format-standard","has-post-thumbnail","hentry","category-magazin","tag-emir-can-igrek","tag-emir-can-igrek-israil-tepkisi","tag-emir-can-igrek-tepki","tag-madleen-saldirisi","tag-magazin"],"_links":{"self":[{"href":"https:\/\/www.tgrthaber.com\/mavikadin\/wp-json\/wp\/v2\/posts\/189129"}],"collection":[{"href":"https:\/\/www.tgrthaber.com\/mavikadin\/wp-json\/wp\/v2\/posts"}],"about":[{"href":"https:\/\/www.tgrthaber.com\/mavikadin\/wp-json\/wp\/v2\/types\/post"}],"author":[{"embeddable":true,"href":"https:\/\/www.tgrthaber.com\/mavikadin\/wp-json\/wp\/v2\/users\/35"}],"replies":[{"embeddable":true,"href":"https:\/\/www.tgrthaber.com\/mavikadin\/wp-json\/wp\/v2\/comments?post=189129"}],"version-history":[{"count":2,"href":"https:\/\/www.tgrthaber.com\/mavikadin\/wp-json\/wp\/v2\/posts\/189129\/revisions"}],"predecessor-version":[{"id":189142,"href":"https:\/\/www.tgrthaber.com\/mavikadin\/wp-json\/wp\/v2\/posts\/189129\/revisions\/189142"}],"wp:featuredmedia":[{"embeddable":true,"href":"https:\/\/www.tgrthaber.com\/mavikadin\/wp-json\/wp\/v2\/media\/189132"}],"wp:attachment":[{"href":"https:\/\/www.tgrthaber.com\/mavikadin\/wp-json\/wp\/v2\/media?parent=189129"}],"wp:term":[{"taxonomy":"category","embeddable":true,"href":"https:\/\/www.tgrthaber.com\/mavikadin\/wp-json\/wp\/v2\/categories?post=189129"},{"taxonomy":"post_tag","embeddable":true,"href":"https:\/\/www.tgrthaber.com\/mavikadin\/wp-json\/wp\/v2\/tags?post=189129"}],"curies":[{"name":"wp","href":"https:\/\/api.w.org\/{rel}","templated":true}]}}