{"id":189144,"date":"2025-06-09T23:01:17","date_gmt":"2025-06-09T20:01:17","guid":{"rendered":"https:\/\/www.tgrthaber.com\/mavikadin\/?p=189144"},"modified":"2025-06-09T23:01:17","modified_gmt":"2025-06-09T20:01:17","slug":"serdar-ortac-harbiye-konseri-oncesi-carpici-aciklamalarda-bulundu-borclarim-olmasa","status":"publish","type":"post","link":"https:\/\/www.tgrthaber.com\/mavikadin\/serdar-ortac-harbiye-konseri-oncesi-carpici-aciklamalarda-bulundu-borclarim-olmasa\/","title":{"rendered":"Serdar Orta\u00e7 Harbiye konseri \u00f6ncesi \u00e7arp\u0131c\u0131 a\u00e7\u0131klamalarda bulundu! \u201c Bor\u00e7lar\u0131m olmasa \u201d"},"content":{"rendered":"<p>T\u00fcrk Pop M\u00fczi\u011finin efsane ismi Serdar Orta\u00e7, Harbiye\u2019de ilk A\u00e7\u0131khava konserini verdi. \u00dcnl\u00fc \u015fark\u0131c\u0131 Serdar Orta\u00e7, Harbiye konseri \u00f6ncesinde muhabirlerini sorular\u0131n\u0131 cevaplad\u0131. Uzun zamand\u0131r sosyal medyada yapt\u0131\u011f\u0131 isyan s\u00f6ylemleri ile g\u00fcndemden d\u00fc\u015fmeyen Serdar Orta\u00e7, \u00f6zel hayat\u0131 ve sa\u011fl\u0131\u011f\u0131 hakk\u0131nda a\u00e7\u0131klamalarda bulundu.<\/p>\n<h3>SERDAR ORTA\u00c7 \u201c BOR\u00c7LARIM OLMASA\u2026\u201d<\/h3>\n<p>\u00dcnl\u00fc \u015fark\u0131c\u0131 Serdar Orta\u00e7, eskiden beri olan kumar oynama tutkusu, t\u00fcm hayat\u0131n\u0131 alt \u00fcst etmi\u015fti. Y\u0131llard\u0131r bor\u00e7lar\u0131n\u0131n \u00f6demeyi bir t\u00fcrl\u00fc bitiremeyen Serdar Orta\u00e7, sa\u011fl\u0131\u011f\u0131 ile ilgili hala sorunlar ya\u015famaya devam ediyor. \u00dcnl\u00fc \u015fark\u0131c\u0131, sahnede ve \u00f6zel ya\u015fant\u0131s\u0131nda y\u00fcr\u00fcrken yan\u0131nda birinden destek almak zorunda kal\u0131yor. Orta\u00e7, Harbiye konseri \u00f6ncesinde gazetecilerin zenginlikle mutluluk olur mu? sorusunu cevaplad\u0131.<\/p>\n<div style=\"width: 640px;\" class=\"wp-video\"><!--[if lt IE 9]><script>document.createElement('video');<\/script><![endif]-->\n<video class=\"wp-video-shortcode\" id=\"video-189144-1\" width=\"640\" height=\"1138\" preload=\"metadata\" controls=\"controls\"><source type=\"video\/mp4\" src=\"https:\/\/www.tgrthaber.com\/mavikadin\/wp-content\/uploads\/serdar-ortac-borolarim-olmasa.mp4?_=1\" \/><a href=\"https:\/\/www.tgrthaber.com\/mavikadin\/wp-content\/uploads\/serdar-ortac-borolarim-olmasa.mp4\">https:\/\/www.tgrthaber.com\/mavikadin\/wp-content\/uploads\/serdar-ortac-borolarim-olmasa.mp4<\/a><\/video><\/div>\n<hr \/>\n<p>\u201c Mutlu olan var zenginlerin hepsi mutlu. Almanya da\u00a0 da mutsuz insan yok. Para \u015fuan her \u015fey. San\u0131r\u0131m \u00f6yle. Ben \u015fimdi bor\u00e7lar\u0131m olmasa mesela umurumda de\u011fil ki, yatar\u0131m evde aya\u011f\u0131m\u0131n sa\u011fl\u0131\u011f\u0131na bakar\u0131m.\u201d<\/p>\n<p><img loading=\"lazy\" decoding=\"async\" class=\"alignnone wp-image-189146\" src=\"https:\/\/www.tgrthaber.com\/mavikadin\/wp-content\/uploads\/serdar-ortac-harbiye-konserinde-tek-basina-yurudu-300x169.jpg\" alt=\"\" width=\"1208\" height=\"680\" title=\"\" srcset=\"https:\/\/www.tgrthaber.com\/mavikadin\/wp-content\/uploads\/serdar-ortac-harbiye-konserinde-tek-basina-yurudu-300x169.jpg 300w, https:\/\/www.tgrthaber.com\/mavikadin\/wp-content\/uploads\/serdar-ortac-harbiye-konserinde-tek-basina-yurudu-1024x576.jpg 1024w, https:\/\/www.tgrthaber.com\/mavikadin\/wp-content\/uploads\/serdar-ortac-harbiye-konserinde-tek-basina-yurudu-768x432.jpg 768w, https:\/\/www.tgrthaber.com\/mavikadin\/wp-content\/uploads\/serdar-ortac-harbiye-konserinde-tek-basina-yurudu-1536x864.jpg 1536w, https:\/\/www.tgrthaber.com\/mavikadin\/wp-content\/uploads\/serdar-ortac-harbiye-konserinde-tek-basina-yurudu.jpg 1920w\" sizes=\"(max-width: 1208px) 100vw, 1208px\" \/><\/p>\n<hr \/>\n<h3>SERDAR ORTA\u00c7 SAHNEDE TEK BA\u015eINA Y\u00dcR\u00dcD\u00dc<\/h3>\n<p>\u00dcnl\u00fc \u015fark\u0131c\u0131 Serdar Orta\u00e7, ge\u00e7irdi\u011fi MS rahats\u0131zl\u0131\u011f\u0131ndan dolay\u0131 y\u00fcr\u00fcmede zorlan\u0131yordu. Orta\u00e7, birinden destek alarak, y\u00fcr\u00fcyordu. Konserlerinde \u00e7o\u011fu zaman oturarak ya da ayakta sabit durarak \u015fark\u0131lar\u0131n\u0131 sevenlerine s\u00f6yl\u00fcyordu. Serdar Orta\u00e7, Harbiye konserinde sevenlerini sevindirdi. Alkol\u00fc, sigaray\u0131 ve kumar\u0131 b\u0131rakan, Serdar Orta\u00e7, Harbiye A\u00e7\u0131khava Sahnesinde yard\u0131m almadan y\u00fcr\u00fcd\u00fc\u011f\u00fcn\u00fc g\u00f6sterdi. Orta\u00e7, o anlarda konserde en \u00f6nde oturan annesine seslenerek \u015funlar\u0131 s\u00f6yledi.<\/p>\n<div style=\"width: 640px;\" class=\"wp-video\"><video class=\"wp-video-shortcode\" id=\"video-189144-2\" width=\"640\" height=\"1138\" preload=\"metadata\" controls=\"controls\"><source type=\"video\/mp4\" src=\"https:\/\/www.tgrthaber.com\/mavikadin\/wp-content\/uploads\/serdar-ortac-sahnede-ilk-kez-tek-basina-yurudu.mp4?_=2\" \/><a href=\"https:\/\/www.tgrthaber.com\/mavikadin\/wp-content\/uploads\/serdar-ortac-sahnede-ilk-kez-tek-basina-yurudu.mp4\">https:\/\/www.tgrthaber.com\/mavikadin\/wp-content\/uploads\/serdar-ortac-sahnede-ilk-kez-tek-basina-yurudu.mp4<\/a><\/video><\/div>\n<hr \/>\n<p>\u201c Aya\u011f\u0131m d\u00fczeldi art\u0131k tek ba\u015f\u0131ma y\u00fcr\u00fcyebiliyorum. Eskiden bir ad\u0131m atam\u0131yordum anne hat\u0131rl\u0131yor musun? Bak \u015fimdi yapaca\u011f\u0131m. Oh beeee! D\u00fcn bisiklete bindim harikayd\u0131. Bisikleti de hallettim. Anne, bak istedi\u011fin oluyor tek tek \u201c<\/p>\n","protected":false},"excerpt":{"rendered":"<p>\u00dcnl\u00fc \u015fark\u0131c\u0131 Serdar Orta\u00e7, Harbiye konseri \u00f6ncesi gazetecilerin sorular\u0131n\u0131n yan\u0131tlad\u0131. Orta\u00e7, a\u015fk hayat\u0131 ve sa\u011fl\u0131\u011f\u0131 hakk\u0131nda sorulan sorular\u0131 samimi bir \u015fekilde cevaplad\u0131. \u00dcnl\u00fc \u015fark\u0131c\u0131n\u0131n sahnede kendi ba\u015f\u0131na y\u00fcr\u00fcd\u00fc\u011f\u00fc anlar ise be\u011feni toplad\u0131. <\/p>\n","protected":false},"author":10,"featured_media":189148,"comment_status":"closed","ping_status":"closed","sticky":false,"template":"","format":"standard","meta":{"rank_math_lock_modified_date":false,"footnotes":""},"categories":[76],"tags":[133,2218,24228],"class_list":["post-189144","post","type-post","status-publish","format-standard","has-post-thumbnail","hentry","category-magazin","tag-magazin","tag-magazin-haberleri","tag-serdar-ortac-harbiye-konseri"],"_links":{"self":[{"href":"https:\/\/www.tgrthaber.com\/mavikadin\/wp-json\/wp\/v2\/posts\/189144"}],"collection":[{"href":"https:\/\/www.tgrthaber.com\/mavikadin\/wp-json\/wp\/v2\/posts"}],"about":[{"href":"https:\/\/www.tgrthaber.com\/mavikadin\/wp-json\/wp\/v2\/types\/post"}],"author":[{"embeddable":true,"href":"https:\/\/www.tgrthaber.com\/mavikadin\/wp-json\/wp\/v2\/users\/10"}],"replies":[{"embeddable":true,"href":"https:\/\/www.tgrthaber.com\/mavikadin\/wp-json\/wp\/v2\/comments?post=189144"}],"version-history":[{"count":1,"href":"https:\/\/www.tgrthaber.com\/mavikadin\/wp-json\/wp\/v2\/posts\/189144\/revisions"}],"predecessor-version":[{"id":189149,"href":"https:\/\/www.tgrthaber.com\/mavikadin\/wp-json\/wp\/v2\/posts\/189144\/revisions\/189149"}],"wp:featuredmedia":[{"embeddable":true,"href":"https:\/\/www.tgrthaber.com\/mavikadin\/wp-json\/wp\/v2\/media\/189148"}],"wp:attachment":[{"href":"https:\/\/www.tgrthaber.com\/mavikadin\/wp-json\/wp\/v2\/media?parent=189144"}],"wp:term":[{"taxonomy":"category","embeddable":true,"href":"https:\/\/www.tgrthaber.com\/mavikadin\/wp-json\/wp\/v2\/categories?post=189144"},{"taxonomy":"post_tag","embeddable":true,"href":"https:\/\/www.tgrthaber.com\/mavikadin\/wp-json\/wp\/v2\/tags?post=189144"}],"curies":[{"name":"wp","href":"https:\/\/api.w.org\/{rel}","templated":true}]}}