{"id":189158,"date":"2025-06-09T23:42:19","date_gmt":"2025-06-09T20:42:19","guid":{"rendered":"https:\/\/www.tgrthaber.com\/mavikadin\/?p=189158"},"modified":"2025-06-09T23:42:19","modified_gmt":"2025-06-09T20:42:19","slug":"burak-ozcivitin-serveti-1-milyar-tlyi-gecti-gayrimenkul-yatirimlariyla-saskina-cevirdi","status":"publish","type":"post","link":"https:\/\/www.tgrthaber.com\/mavikadin\/burak-ozcivitin-serveti-1-milyar-tlyi-gecti-gayrimenkul-yatirimlariyla-saskina-cevirdi\/","title":{"rendered":"Burak \u00d6z\u00e7ivit\u2019in serveti 1 milyar TL\u2019yi ge\u00e7ti! Gayrimenkul yat\u0131r\u0131mlar\u0131yla \u015fa\u015fk\u0131na \u00e7evirdi"},"content":{"rendered":"<p>Kurulu\u015f Osman dizisiyle sadece ekranlar\u0131n de\u011fil, yat\u0131r\u0131m d\u00fcnyas\u0131n\u0131n da en \u00e7ok konu\u015fulan isimlerinden biri haline gelen Burak \u00d6z\u00e7ivit, elde etti\u011fi servetle g\u00fcndemde. Oyunculu\u011funun yan\u0131 s\u0131ra i\u015f zekas\u0131yla da dikkat \u00e7eken \u00d6z\u00e7ivit\u2019in servetinin 1 milyar TL s\u0131n\u0131r\u0131n\u0131 ge\u00e7ti\u011fi konu\u015fuluyor. Kazand\u0131\u011f\u0131 her kuru\u015fu de\u011ferlendirmek i\u00e7in stratejik ad\u0131mlar atan oyuncunun, \u00f6zellikle gayrimenkul alan\u0131ndaki yat\u0131r\u0131mlar\u0131 dudak u\u00e7uklatacak cinsten. \u00dcnl\u00fc ismin, son olarak Bodrum\u2019un g\u00f6zde b\u00f6lgelerinden G\u00fcm\u00fc\u015fl\u00fck\u2019te 3 adet l\u00fcks villa sat\u0131n ald\u0131\u011f\u0131 \u00f6\u011frenildi.<\/p>\n<h3>GAYR\u0130MENKUL YATIRIMLARIYLA SERVET\u0130N\u0130 KATLADI<\/h3>\n<p>Burak \u00d6z\u00e7ivit\u2019in kariyerinden kazand\u0131\u011f\u0131 y\u00fcksek geliri gayrimenkule y\u00f6nlendirdi\u011fi uzun s\u00fcredir biliniyor.<\/p>\n<p><img loading=\"lazy\" decoding=\"async\" class=\"alignnone wp-image-189167\" src=\"https:\/\/www.tgrthaber.com\/mavikadin\/wp-content\/uploads\/i-8-7-300x169.webp\" alt=\"\" width=\"1208\" height=\"680\" title=\"\" srcset=\"https:\/\/www.tgrthaber.com\/mavikadin\/wp-content\/uploads\/i-8-7-300x169.webp 300w, https:\/\/www.tgrthaber.com\/mavikadin\/wp-content\/uploads\/i-8-7.webp 480w\" sizes=\"(max-width: 1208px) 100vw, 1208px\" \/><\/p>\n<hr \/>\n<p>Son yat\u0131r\u0131mlar\u0131na Bodrum\u2019u da ekleyen oyuncunun, \u0130stanbul\u2019da 2, G\u00fcndo\u011fan\u2019da ise 1 adet villa sahibi oldu\u011fu bilgisi dikkat \u00e7ekti. Bu yat\u0131r\u0131mlar\u0131n toplam de\u011feri, \u00d6z\u00e7ivit\u2019in net mal varl\u0131\u011f\u0131n\u0131n milyar s\u0131n\u0131r\u0131n\u0131 a\u015fmas\u0131nda b\u00fcy\u00fck rol oynad\u0131.<\/p>\n<p>Villalar\u0131n tamam\u0131n\u0131n y\u00fcksek g\u00fcvenlikli, \u00f6zel peyzajl\u0131 ve geni\u015f metrekareli oldu\u011fu, baz\u0131lar\u0131n\u0131n kiraya verildi\u011fi de iddialar aras\u0131nda. Oyuncunun l\u00fcks ya\u015fam tercihinden ziyade kazanc\u0131n\u0131 d\u00f6nd\u00fcrebilece\u011fi bir sistem kurdu\u011fu yorumlar\u0131 yap\u0131l\u0131yor.<\/p>\n<p><img loading=\"lazy\" decoding=\"async\" class=\"alignnone wp-image-189168\" src=\"https:\/\/www.tgrthaber.com\/mavikadin\/wp-content\/uploads\/kurulus-osman-157-bolum-fragmani-yayinlandi-alaeddin-bey-gonca-hatunu-kacirdi-kurulus-osman-yeni-bolumunde-neler-olacak-b0u9-300x169.webp\" alt=\"\" width=\"1208\" height=\"680\" title=\"\" srcset=\"https:\/\/www.tgrthaber.com\/mavikadin\/wp-content\/uploads\/kurulus-osman-157-bolum-fragmani-yayinlandi-alaeddin-bey-gonca-hatunu-kacirdi-kurulus-osman-yeni-bolumunde-neler-olacak-b0u9-300x169.webp 300w, https:\/\/www.tgrthaber.com\/mavikadin\/wp-content\/uploads\/kurulus-osman-157-bolum-fragmani-yayinlandi-alaeddin-bey-gonca-hatunu-kacirdi-kurulus-osman-yeni-bolumunde-neler-olacak-b0u9-1024x576.webp 1024w, https:\/\/www.tgrthaber.com\/mavikadin\/wp-content\/uploads\/kurulus-osman-157-bolum-fragmani-yayinlandi-alaeddin-bey-gonca-hatunu-kacirdi-kurulus-osman-yeni-bolumunde-neler-olacak-b0u9-768x432.webp 768w, https:\/\/www.tgrthaber.com\/mavikadin\/wp-content\/uploads\/kurulus-osman-157-bolum-fragmani-yayinlandi-alaeddin-bey-gonca-hatunu-kacirdi-kurulus-osman-yeni-bolumunde-neler-olacak-b0u9.webp 1280w\" sizes=\"(max-width: 1208px) 100vw, 1208px\" \/><\/p>\n<hr \/>\n<h3>KURULU\u015e OSMAN\u2019DAN B\u00d6L\u00dcM BA\u015eI 750 B\u0130N TL<\/h3>\n<p>Ba\u015frol\u00fcnde yer ald\u0131\u011f\u0131 ve y\u0131llard\u0131r y\u00fcksek reytinglerle yoluna devam eden Kurulu\u015f Osman dizisi, Burak \u00d6z\u00e7ivit\u2019e ciddi bir gelir kap\u0131s\u0131 sunuyor. B\u00f6l\u00fcm ba\u015f\u0131na ortalama 750 bin TL ald\u0131\u011f\u0131 bilinen oyuncu, sezon ba\u015f\u0131na milyonlarca liray\u0131 sadece diziden kazan\u0131yor.<\/p>\n<p>Bu dev gelire ek olarak, \u00d6z\u00e7ivit\u2019in hem yurt i\u00e7i hem yurt d\u0131\u015f\u0131 davetlerde de boy g\u00f6sterdi\u011fi ve baz\u0131 \u00f6zel organizasyonlar i\u00e7in 100 bin dolara kadar \u00fccret talep etti\u011fi konu\u015fuluyor.<\/p>\n<p><img loading=\"lazy\" decoding=\"async\" class=\"alignnone wp-image-189169\" src=\"https:\/\/www.tgrthaber.com\/mavikadin\/wp-content\/uploads\/i-7-10-300x169.webp\" alt=\"\" width=\"1208\" height=\"680\" title=\"\" srcset=\"https:\/\/www.tgrthaber.com\/mavikadin\/wp-content\/uploads\/i-7-10-300x169.webp 300w, https:\/\/www.tgrthaber.com\/mavikadin\/wp-content\/uploads\/i-7-10.webp 480w\" sizes=\"(max-width: 1208px) 100vw, 1208px\" \/><\/p>\n<hr \/>\n<h3>YURT DI\u015eINDA DA HAYRAN K\u0130TLES\u0130 KATLANDI<\/h3>\n<p>Kurulu\u015f Osman dizisinin yurt d\u0131\u015f\u0131nda da ilgiyle izlenmesi, Burak \u00d6z\u00e7ivit\u2019in \u015f\u00f6hretini s\u0131n\u0131rlar\u0131n \u00f6tesine ta\u015f\u0131d\u0131. \u00d6zellikle Orta Do\u011fu, Balkanlar ve G\u00fcney Asya\u2019da b\u00fcy\u00fck bir hayran kitlesine ula\u015fan oyuncu, bu ilgiyi ticari f\u0131rsatlara da d\u00f6n\u00fc\u015ft\u00fcr\u00fcyor.<\/p>\n<p>Kulislerde konu\u015fulanlara g\u00f6re, son birka\u00e7 y\u0131lda sadece imaj\u0131n\u0131 kullanarak 10 milyon TL\u2019yi a\u015fk\u0131n gelir elde etti. Marka y\u00fcz\u00fc oldu\u011fu projeler ve uluslararas\u0131 reklam kampanyalar\u0131yla da kazanc\u0131n\u0131 katlamaya devam ediyor.<\/p>\n<p><img loading=\"lazy\" decoding=\"async\" class=\"alignnone wp-image-189170\" src=\"https:\/\/www.tgrthaber.com\/mavikadin\/wp-content\/uploads\/burak-fahriye-1-kief-cover-dCH0_cover-300x169.webp\" alt=\"\" width=\"1208\" height=\"680\" title=\"\" srcset=\"https:\/\/www.tgrthaber.com\/mavikadin\/wp-content\/uploads\/burak-fahriye-1-kief-cover-dCH0_cover-300x169.webp 300w, https:\/\/www.tgrthaber.com\/mavikadin\/wp-content\/uploads\/burak-fahriye-1-kief-cover-dCH0_cover-1024x576.webp 1024w, https:\/\/www.tgrthaber.com\/mavikadin\/wp-content\/uploads\/burak-fahriye-1-kief-cover-dCH0_cover-768x432.webp 768w, https:\/\/www.tgrthaber.com\/mavikadin\/wp-content\/uploads\/burak-fahriye-1-kief-cover-dCH0_cover.webp 1280w\" sizes=\"(max-width: 1208px) 100vw, 1208px\" \/><\/p>\n<hr \/>\n<h3>FAHR\u0130YE EVCEN VE BURAK \u00d6Z\u00c7\u0130V\u0130T \u00c7\u0130FT\u0130 YATIRIMDA DA UYUMLU<\/h3>\n<p>Uzun y\u0131llard\u0131r mutlu bir evlilik s\u00fcrd\u00fcren Fahriye Evcen ve Burak \u00d6z\u00e7ivit, magazin d\u00fcnyas\u0131n\u0131n en istikrarl\u0131 \u00e7iftlerinden biri olarak g\u00f6r\u00fcl\u00fcyor. Fahriye Evcen, son d\u00f6nemde ekranlarda yer almasa da ailenin yat\u0131r\u0131mlar\u0131nda aktif rol oynad\u0131\u011f\u0131 ve \u00f6zellikle dekorasyon ve i\u00e7 mimari se\u00e7imlerinde s\u00f6z sahibi oldu\u011fu biliniyor.<\/p>\n<p>\u0130kilinin hem ya\u015fad\u0131klar\u0131 hem de yat\u0131r\u0131m ama\u00e7l\u0131 sat\u0131n ald\u0131klar\u0131 evlerde birlikte karar verdikleri, bu uyumun maddi kazan\u00e7lar\u0131n\u0131 da art\u0131rd\u0131\u011f\u0131 yorumlar\u0131 yap\u0131l\u0131yor.<\/p>\n<p><img loading=\"lazy\" decoding=\"async\" class=\"alignnone wp-image-189171\" src=\"https:\/\/www.tgrthaber.com\/mavikadin\/wp-content\/uploads\/1200x627-fahriye-evcen-ve-burak-ozcivitin-mutlu-gunu-kerem-ozcivit-dunyaya-geldi-1674041393207-300x157.jpg\" alt=\"\" width=\"1208\" height=\"631\" title=\"\" srcset=\"https:\/\/www.tgrthaber.com\/mavikadin\/wp-content\/uploads\/1200x627-fahriye-evcen-ve-burak-ozcivitin-mutlu-gunu-kerem-ozcivit-dunyaya-geldi-1674041393207-300x157.jpg 300w, https:\/\/www.tgrthaber.com\/mavikadin\/wp-content\/uploads\/1200x627-fahriye-evcen-ve-burak-ozcivitin-mutlu-gunu-kerem-ozcivit-dunyaya-geldi-1674041393207-1024x535.jpg 1024w, https:\/\/www.tgrthaber.com\/mavikadin\/wp-content\/uploads\/1200x627-fahriye-evcen-ve-burak-ozcivitin-mutlu-gunu-kerem-ozcivit-dunyaya-geldi-1674041393207-768x401.jpg 768w, https:\/\/www.tgrthaber.com\/mavikadin\/wp-content\/uploads\/1200x627-fahriye-evcen-ve-burak-ozcivitin-mutlu-gunu-kerem-ozcivit-dunyaya-geldi-1674041393207.jpg 1200w\" sizes=\"(max-width: 1208px) 100vw, 1208px\" \/><\/p>\n<hr \/>\n<p>Burak \u00d6z\u00e7ivit, sadece kamera \u00f6n\u00fcndeki ba\u015far\u0131s\u0131yla de\u011fil, yapt\u0131\u011f\u0131 yat\u0131r\u0131mlarla da ad\u0131ndan s\u00f6z ettiriyor. Oyunculuk kariyerini ak\u0131ll\u0131 hamlelerle peki\u015ftiren \u00d6z\u00e7ivit, G\u00fcm\u00fc\u015fl\u00fck\u2019ten \u0130stanbul\u2019a uzanan emlak yat\u0131r\u0131mlar\u0131yla daha \u00e7ok dikkat \u00e7ekecek gibi g\u00f6r\u00fcn\u00fcyor.<\/p>\n","protected":false},"excerpt":{"rendered":"<p>Son d\u00f6nemde sadece oyunculu\u011fuyla de\u011fil, yapt\u0131\u011f\u0131 yat\u0131r\u0131mlarla da dikkatleri \u00fczerine \u00e7eken Burak \u00d6z\u00e7ivit\u2019in mal varl\u0131\u011f\u0131 g\u00fcndem oldu. \u00d6zellikle gayrimenkul alan\u0131nda yapt\u0131\u011f\u0131 hamlelerle ad\u0131ndan s\u00f6z ettiren \u00fcnl\u00fc oyuncunun serveti iddialara g\u00f6re 1 milyar TL baraj\u0131n\u0131 a\u015ft\u0131. \u0130\u015fte detaylar&#8230;<\/p>\n","protected":false},"author":35,"featured_media":189165,"comment_status":"closed","ping_status":"closed","sticky":false,"template":"","format":"standard","meta":{"rank_math_lock_modified_date":false,"footnotes":""},"categories":[76],"tags":[2154,24232,24231,3072,133],"class_list":["post-189158","post","type-post","status-publish","format-standard","has-post-thumbnail","hentry","category-magazin","tag-burak-ozcivit","tag-burak-ozcivit-gayrimenkul","tag-burak-ozcivit-serveti","tag-kurulus-osman","tag-magazin"],"_links":{"self":[{"href":"https:\/\/www.tgrthaber.com\/mavikadin\/wp-json\/wp\/v2\/posts\/189158"}],"collection":[{"href":"https:\/\/www.tgrthaber.com\/mavikadin\/wp-json\/wp\/v2\/posts"}],"about":[{"href":"https:\/\/www.tgrthaber.com\/mavikadin\/wp-json\/wp\/v2\/types\/post"}],"author":[{"embeddable":true,"href":"https:\/\/www.tgrthaber.com\/mavikadin\/wp-json\/wp\/v2\/users\/35"}],"replies":[{"embeddable":true,"href":"https:\/\/www.tgrthaber.com\/mavikadin\/wp-json\/wp\/v2\/comments?post=189158"}],"version-history":[{"count":2,"href":"https:\/\/www.tgrthaber.com\/mavikadin\/wp-json\/wp\/v2\/posts\/189158\/revisions"}],"predecessor-version":[{"id":189173,"href":"https:\/\/www.tgrthaber.com\/mavikadin\/wp-json\/wp\/v2\/posts\/189158\/revisions\/189173"}],"wp:featuredmedia":[{"embeddable":true,"href":"https:\/\/www.tgrthaber.com\/mavikadin\/wp-json\/wp\/v2\/media\/189165"}],"wp:attachment":[{"href":"https:\/\/www.tgrthaber.com\/mavikadin\/wp-json\/wp\/v2\/media?parent=189158"}],"wp:term":[{"taxonomy":"category","embeddable":true,"href":"https:\/\/www.tgrthaber.com\/mavikadin\/wp-json\/wp\/v2\/categories?post=189158"},{"taxonomy":"post_tag","embeddable":true,"href":"https:\/\/www.tgrthaber.com\/mavikadin\/wp-json\/wp\/v2\/tags?post=189158"}],"curies":[{"name":"wp","href":"https:\/\/api.w.org\/{rel}","templated":true}]}}