{"id":189161,"date":"2025-06-09T23:48:26","date_gmt":"2025-06-09T20:48:26","guid":{"rendered":"https:\/\/www.tgrthaber.com\/mavikadin\/?p=189161"},"modified":"2025-06-09T23:48:27","modified_gmt":"2025-06-09T20:48:27","slug":"serdar-ortacin-ask-hakkinda-soylediklerine-annesi-nesrin-ortactan-onay-cikmadi","status":"publish","type":"post","link":"https:\/\/www.tgrthaber.com\/mavikadin\/serdar-ortacin-ask-hakkinda-soylediklerine-annesi-nesrin-ortactan-onay-cikmadi\/","title":{"rendered":"Serdar Orta\u00e7\u2019\u0131n a\u015fk hakk\u0131nda s\u00f6ylediklerine annesi Nesrin Orta\u00e7\u2019tan onay \u00e7\u0131kmad\u0131!"},"content":{"rendered":"<p>9 Haziran 2025 ak\u015fam\u0131 Harbiye A\u00e7\u0131khava Konseri\u2019nde Serdar Orta\u00e7, sevenleriyle bulu\u015ftu. Birbirinden hit olmu\u015f dillerden d\u00fc\u015fmeyen \u015fark\u0131lar\u0131n\u0131n seslendiren Orta\u00e7, dinleyicilerine unutulmaz anlar ya\u015fatt\u0131. \u00dcnl\u00fc \u015fark\u0131c\u0131 Harbiye konseri \u00f6ncesi a\u015fk hayat\u0131 hakk\u0131nda gelen sorulara \u201c Benden ge\u00e7ti\u201d cevab\u0131n\u0131 verdi. Muhabirler Nesrin Orta\u00e7\u2019a Serdar Orta\u00e7\u2019\u0131n a\u015fk ile ilgili s\u00f6yledikleri ilettiler. \u201cGe\u00e7er mi bu gen\u00e7 ya\u015fta? Ge\u00e7mesin.\u201d Cevab\u0131n\u0131 vererek o\u011flunun s\u00f6ylemlerini onaylamad\u0131.<\/p>\n<h3>SERDAR ORTA\u00c7 A\u015eK HAKKINDA KONU\u015eTU<\/h3>\n<p>\u00dcnl\u00fc \u015fark\u0131c\u0131 Serdar Orta\u00e7, sosyal medya payla\u015f\u0131mlar\u0131nda tek ba\u015f\u0131na ve yaln\u0131z oldu\u011funu dile getiriyor. Muhabirler Harbiye konseri \u00f6ncesinde \u015fark\u0131c\u0131ya \u201c Bu yaza a\u015fkla giriyor musun? diye sordu. Serdar Orta\u00e7, \u201c \u00a0Yok, ya\u015f\u0131m ge\u00e7ti art\u0131k. Bu ya\u015ftan sonra romatizma olur, egzama olur, \u00f6yle \u015feyler olur. A\u015fk olmaz art\u0131k. Yok, hi\u00e7 d\u00fc\u015f\u00fcnm\u00fcyorum. Dm\u2019den \u00e7ok yaz\u0131yorlar ama hi\u00e7birini okumuyorum ki\u201d s\u00f6zleriyle samimi bir \u015fekilde cevaplad\u0131.<\/p>\n<p><img loading=\"lazy\" decoding=\"async\" class=\"alignnone wp-image-189163\" src=\"https:\/\/www.tgrthaber.com\/mavikadin\/wp-content\/uploads\/serdar-ortac-ask-hayati-hakkinda-konustu-300x169.jpg\" alt=\"\" width=\"1208\" height=\"680\" title=\"\" srcset=\"https:\/\/www.tgrthaber.com\/mavikadin\/wp-content\/uploads\/serdar-ortac-ask-hayati-hakkinda-konustu-300x169.jpg 300w, https:\/\/www.tgrthaber.com\/mavikadin\/wp-content\/uploads\/serdar-ortac-ask-hayati-hakkinda-konustu-1024x576.jpg 1024w, https:\/\/www.tgrthaber.com\/mavikadin\/wp-content\/uploads\/serdar-ortac-ask-hayati-hakkinda-konustu-768x432.jpg 768w, https:\/\/www.tgrthaber.com\/mavikadin\/wp-content\/uploads\/serdar-ortac-ask-hayati-hakkinda-konustu-1536x864.jpg 1536w, https:\/\/www.tgrthaber.com\/mavikadin\/wp-content\/uploads\/serdar-ortac-ask-hayati-hakkinda-konustu.jpg 1920w\" sizes=\"(max-width: 1208px) 100vw, 1208px\" \/><\/p>\n<hr \/>\n<h3>SERDAR ORTA\u00c7\u2019IN ANNES\u0130 NESR\u0130N ORTA\u00c7 ONAY VERMED\u0130<\/h3>\n<p>\u00dcnl\u00fc \u015fark\u0131c\u0131n\u0131n annesi Nesrin Orta\u00e7\u2019da o\u011flunun Harbiye konserinde yer ald\u0131. O\u011flunu en \u00f6nden izlemeye gelen Nesrin Orta\u00e7\u2019a Serdar Orta\u00e7 hakk\u0131nda sorular soruldu. Muhabirler, Orta\u00e7\u2019\u0131n a\u015fk hakk\u0131nda \u201cbenden ge\u00e7ti\u201d dedi\u011fini ilettiler. Serdar Orta\u00e7\u2019\u0131n annesi Nesrin Orta\u00e7 o\u011flunun a\u00e7\u0131klamas\u0131na kar\u015f\u0131l\u0131k \u015funlar\u0131 s\u00f6yledi.<\/p>\n<div style=\"width: 640px;\" class=\"wp-video\"><!--[if lt IE 9]><script>document.createElement('video');<\/script><![endif]-->\n<video class=\"wp-video-shortcode\" id=\"video-189161-1\" width=\"640\" height=\"1138\" preload=\"metadata\" controls=\"controls\"><source type=\"video\/mp4\" src=\"https:\/\/www.tgrthaber.com\/mavikadin\/wp-content\/uploads\/Serdar-Ortacin-ask-hakkinda-soylediklerine-annesi-Nesrin-Ortactan-onay-cikmadi.mp4?_=1\" \/><a href=\"https:\/\/www.tgrthaber.com\/mavikadin\/wp-content\/uploads\/Serdar-Ortacin-ask-hakkinda-soylediklerine-annesi-Nesrin-Ortactan-onay-cikmadi.mp4\">https:\/\/www.tgrthaber.com\/mavikadin\/wp-content\/uploads\/Serdar-Ortacin-ask-hakkinda-soylediklerine-annesi-Nesrin-Ortactan-onay-cikmadi.mp4<\/a><\/video><\/div>\n<hr \/>\n<p>\u201c Ge\u00e7er mi bu gen\u00e7 ya\u015fta ge\u00e7mesin. Art\u0131k sa\u011fl\u0131\u011f\u0131n\u0131 buldu. Ge\u00e7mesin. A\u015fk hi\u00e7bir zaman ge\u00e7mez. Her ya\u015fta. \u0130kna edece\u011fim onu. Kendi kendine in\u015fallah olur bir g\u00fcn. Onu ya\u015fayacak niye ya\u015famas\u0131n, gen\u00e7 daha. Onay veriyorum, ya\u015fas\u0131n.\u201d<\/p>\n<p><img loading=\"lazy\" decoding=\"async\" class=\"alignnone wp-image-189174\" src=\"https:\/\/www.tgrthaber.com\/mavikadin\/wp-content\/uploads\/serdar-ortacin-annesi-nesrin-ortac-kimdir-300x169.jpg\" alt=\"\" width=\"1208\" height=\"680\" title=\"\" srcset=\"https:\/\/www.tgrthaber.com\/mavikadin\/wp-content\/uploads\/serdar-ortacin-annesi-nesrin-ortac-kimdir-300x169.jpg 300w, https:\/\/www.tgrthaber.com\/mavikadin\/wp-content\/uploads\/serdar-ortacin-annesi-nesrin-ortac-kimdir-1024x576.jpg 1024w, https:\/\/www.tgrthaber.com\/mavikadin\/wp-content\/uploads\/serdar-ortacin-annesi-nesrin-ortac-kimdir-768x432.jpg 768w, https:\/\/www.tgrthaber.com\/mavikadin\/wp-content\/uploads\/serdar-ortacin-annesi-nesrin-ortac-kimdir-1536x864.jpg 1536w, https:\/\/www.tgrthaber.com\/mavikadin\/wp-content\/uploads\/serdar-ortacin-annesi-nesrin-ortac-kimdir.jpg 1920w\" sizes=\"(max-width: 1208px) 100vw, 1208px\" \/><\/p>\n<hr \/>\n<h3>SERDAR ORTA\u00c7\u2019IN ANNES\u0130 NESR\u0130N ORTA\u00c7 K\u0130MD\u0130R?<\/h3>\n<p>Nesrin Orta\u00e7, \u00fcnl\u00fc \u015fark\u0131c\u0131 ve besteci Serdar Orta\u00e7\u2019\u0131n annesidir. Adana&#8217;n\u0131n Ceyhan il\u00e7esine ba\u011fl\u0131 Y\u0131lankale k\u00f6y\u00fcnde Nesrin Orta\u00e7 d\u00fcnyaya gelmi\u015ftir. Serdar Orta\u00e7, bir r\u00f6portaj\u0131nda annesinin k\u00f6ken olarak \u015eanl\u0131urfal\u0131 K\u00fcrt oldu\u011funu a\u00e7\u0131klam\u0131\u015ft\u0131r. Mehmet Orta\u00e7 ile hayat\u0131n\u0131 birle\u015ftiren Nesrin Orta\u00e7 evlili\u011finden 2 tane erkek evlad\u0131 d\u00fcnyaya getirmi\u015ftir. Serkan Orta\u00e7 ve Serdar Orta\u00e7 ad\u0131nda iki o\u011flu vard\u0131r. Nesrin Orta\u00e7, 40 ya\u015f\u0131ndaki o\u011flu Serkan Orta\u00e7\u2019\u0131 ge\u00e7ti\u011fimiz y\u0131llarda yakaland\u0131\u011f\u0131 bir enfeksiyon sonucu kaybetti.<\/p>\n","protected":false},"excerpt":{"rendered":"<p>\u00dcnl\u00fc \u015fark\u0131c\u0131 ve besteci Serdar Orta\u00e7, ilk Harbiye konserini ger\u00e7ekle\u015ftirdi. Serdar Orta\u00e7, konser \u00f6ncesi muhabirlerin a\u015fk hayat\u0131na dair sorular\u0131n\u0131 cevaplad\u0131. Harbiye konseri \u00f6ncesi kendisini a\u015fka kapatt\u0131\u011f\u0131n\u0131 s\u00f6yleyen Serdar Orta\u00e7\u2019a annesi Nesrin Orta\u00e7\u2019tan onay \u00e7\u0131kmad\u0131.<\/p>\n","protected":false},"author":10,"featured_media":189166,"comment_status":"closed","ping_status":"closed","sticky":false,"template":"","format":"standard","meta":{"rank_math_lock_modified_date":false,"footnotes":""},"categories":[76],"tags":[24235,2218,24233,24234],"class_list":["post-189161","post","type-post","status-publish","format-standard","has-post-thumbnail","hentry","category-magazin","tag-magazib","tag-magazin-haberleri","tag-serdar-ortac-annesi-nesrin-ortac","tag-serdar-ortac-ask-hayati"],"_links":{"self":[{"href":"https:\/\/www.tgrthaber.com\/mavikadin\/wp-json\/wp\/v2\/posts\/189161"}],"collection":[{"href":"https:\/\/www.tgrthaber.com\/mavikadin\/wp-json\/wp\/v2\/posts"}],"about":[{"href":"https:\/\/www.tgrthaber.com\/mavikadin\/wp-json\/wp\/v2\/types\/post"}],"author":[{"embeddable":true,"href":"https:\/\/www.tgrthaber.com\/mavikadin\/wp-json\/wp\/v2\/users\/10"}],"replies":[{"embeddable":true,"href":"https:\/\/www.tgrthaber.com\/mavikadin\/wp-json\/wp\/v2\/comments?post=189161"}],"version-history":[{"count":2,"href":"https:\/\/www.tgrthaber.com\/mavikadin\/wp-json\/wp\/v2\/posts\/189161\/revisions"}],"predecessor-version":[{"id":189176,"href":"https:\/\/www.tgrthaber.com\/mavikadin\/wp-json\/wp\/v2\/posts\/189161\/revisions\/189176"}],"wp:featuredmedia":[{"embeddable":true,"href":"https:\/\/www.tgrthaber.com\/mavikadin\/wp-json\/wp\/v2\/media\/189166"}],"wp:attachment":[{"href":"https:\/\/www.tgrthaber.com\/mavikadin\/wp-json\/wp\/v2\/media?parent=189161"}],"wp:term":[{"taxonomy":"category","embeddable":true,"href":"https:\/\/www.tgrthaber.com\/mavikadin\/wp-json\/wp\/v2\/categories?post=189161"},{"taxonomy":"post_tag","embeddable":true,"href":"https:\/\/www.tgrthaber.com\/mavikadin\/wp-json\/wp\/v2\/tags?post=189161"}],"curies":[{"name":"wp","href":"https:\/\/api.w.org\/{rel}","templated":true}]}}