{"id":193410,"date":"2025-06-19T10:23:08","date_gmt":"2025-06-19T07:23:08","guid":{"rendered":"https:\/\/www.tgrthaber.com\/mavikadin\/?p=193410"},"modified":"2025-06-19T10:26:55","modified_gmt":"2025-06-19T07:26:55","slug":"carpinti-dizisinde-surpriz-gelisme-ikizleri-oynayacak-genc-yildizlar-belli-oldu","status":"publish","type":"post","link":"https:\/\/www.tgrthaber.com\/mavikadin\/carpinti-dizisinde-surpriz-gelisme-ikizleri-oynayacak-genc-yildizlar-belli-oldu\/","title":{"rendered":"\u00c7arp\u0131nt\u0131 dizisinde s\u00fcrpriz geli\u015fme! \u0130kizleri oynayacak gen\u00e7 y\u0131ld\u0131zlar belli oldu"},"content":{"rendered":"<p>\u00c7arp\u0131nt\u0131 dizisi, hen\u00fcz sete \u00e7\u0131kmadan ad\u0131ndan s\u00f6z ettirmeye ba\u015flad\u0131. Hikayesi kadar oyuncu kadrosuyla da merak uyand\u0131ran projede, \u00f6zellikle ikiz karakterleri kimin oynayaca\u011f\u0131 uzun s\u00fcredir kulislerde konu\u015fuluyordu. Seyircide iz b\u0131rakacak sahnelerde rol alacak gen\u00e7 oyuncular ise sonunda belli oldu. \u0130\u015fte \u00c7arp\u0131nt\u0131 dizisinde ya\u015fanan bu s\u00fcrpriz geli\u015fmeye dair t\u00fcm ayr\u0131nt\u0131lar\u2026<\/p>\n<h3>\u00c7ARPINTI D\u0130Z\u0130S\u0130 NEY\u0130 ANLATIYOR?<\/h3>\n<p>\u00c7arp\u0131nt\u0131 dizisi, evlad\u0131n\u0131 kaybetmi\u015f bir annenin ac\u0131s\u0131yla kalp nakli bekleyen bir \u00e7ocu\u011fun ya\u015fam m\u00fccadelesini anlat\u0131yor. Duygusal y\u00f6n\u00fc a\u011f\u0131r basan bu hikaye, izleyenleri derinden etkilemeye aday. OGM Pictures\u2019\u0131n Star TV i\u00e7in haz\u0131rlad\u0131\u011f\u0131 dizinin y\u00f6netmen koltu\u011funda Burcu Alptekin yer al\u0131yor.<\/p>\n<p><img loading=\"lazy\" decoding=\"async\" class=\"alignnone wp-image-193421\" src=\"https:\/\/www.tgrthaber.com\/mavikadin\/wp-content\/uploads\/carpinti-dizisi-ne-zaman-yayinlanacak-carpinti-dizisi-konusu-ve-oyunculari-300x169.webp\" alt=\"\" width=\"1208\" height=\"680\" title=\"\" srcset=\"https:\/\/www.tgrthaber.com\/mavikadin\/wp-content\/uploads\/carpinti-dizisi-ne-zaman-yayinlanacak-carpinti-dizisi-konusu-ve-oyunculari-300x169.webp 300w, https:\/\/www.tgrthaber.com\/mavikadin\/wp-content\/uploads\/carpinti-dizisi-ne-zaman-yayinlanacak-carpinti-dizisi-konusu-ve-oyunculari-1024x576.webp 1024w, https:\/\/www.tgrthaber.com\/mavikadin\/wp-content\/uploads\/carpinti-dizisi-ne-zaman-yayinlanacak-carpinti-dizisi-konusu-ve-oyunculari-768x432.webp 768w, https:\/\/www.tgrthaber.com\/mavikadin\/wp-content\/uploads\/carpinti-dizisi-ne-zaman-yayinlanacak-carpinti-dizisi-konusu-ve-oyunculari.webp 1280w\" sizes=\"(max-width: 1208px) 100vw, 1208px\" \/><\/p>\n<hr \/>\n<p>Yap\u0131m ekibi ve i\u015fledi\u011fi g\u00fc\u00e7l\u00fc tema sayesinde, \u00c7arp\u0131nt\u0131 \u015fimdiden sezonun dikkat \u00e7eken projeleri aras\u0131nda g\u00f6steriliyor. Ba\u015frollerde ise usta isimler var. Ac\u0131s\u0131yla i\u00e7ine kapanm\u0131\u015f T\u00fclin karakterini Sibel Ta\u015f\u00e7\u0131o\u011flu oynarken, \u00fc\u00e7 \u00e7ocuk annesi H\u00fclya karakterinde ba\u015far\u0131l\u0131 oyuncu Deniz \u00c7ak\u0131r&#8217;\u0131 g\u00f6rece\u011fiz. H\u00fclya\u2019n\u0131n k\u0131z\u0131 Asl\u0131 i\u00e7in Lizge C\u00f6mert\u2019le g\u00f6r\u00fc\u015fmelerin s\u00fcrd\u00fc\u011f\u00fc \u00f6\u011frenildi. Fakat as\u0131l dikkat \u00e7eken detay, dizinin ikiz karakterlerini kimin oynayaca\u011f\u0131 oldu.<\/p>\n<p><img loading=\"lazy\" decoding=\"async\" class=\"alignnone wp-image-193423\" src=\"https:\/\/www.tgrthaber.com\/mavikadin\/wp-content\/uploads\/Adsiz-tasarim-1-51-300x169.png\" alt=\"\" width=\"1208\" height=\"680\" title=\"\" srcset=\"https:\/\/www.tgrthaber.com\/mavikadin\/wp-content\/uploads\/Adsiz-tasarim-1-51-300x169.png 300w, https:\/\/www.tgrthaber.com\/mavikadin\/wp-content\/uploads\/Adsiz-tasarim-1-51-1024x576.png 1024w, https:\/\/www.tgrthaber.com\/mavikadin\/wp-content\/uploads\/Adsiz-tasarim-1-51-768x432.png 768w, https:\/\/www.tgrthaber.com\/mavikadin\/wp-content\/uploads\/Adsiz-tasarim-1-51-1536x864.png 1536w, https:\/\/www.tgrthaber.com\/mavikadin\/wp-content\/uploads\/Adsiz-tasarim-1-51.png 1920w\" sizes=\"(max-width: 1208px) 100vw, 1208px\" \/><\/p>\n<hr \/>\n<p>&nbsp;<\/p>\n<h3>\u0130K\u0130ZLER\u0130 OYNAYACAK GEN\u00c7 YILDIZLAR BELL\u0130 OLDU!<\/h3>\n<p>Birsen Altunta\u015f&#8217;\u0131n haberine g\u00f6re, seyirciye duygu dolu anlar ya\u015fatacak ikiz karakterler Sezin ve Murat i\u00e7in cast \u00e7al\u0131\u015fmalar\u0131 tamamland\u0131. Sezin karakterini, oyunculu\u011fuyla son d\u00f6nemde ad\u0131ndan s\u00f6z ettiren Helin Elveren oynayacak. Murat rol\u00fc ise, ge\u00e7en sezon Kardelenler dizisinde sergiledi\u011fi performansla dikkatleri \u00fczerine \u00e7eken Mehmet Fatih Obuz\u2019a emanet edildi. \u0130kili, k\u0131sa s\u00fcre \u00f6nce sete ad\u0131m att\u0131 ve prova s\u00fcreci resmen ba\u015flad\u0131!<\/p>\n<p><img loading=\"lazy\" decoding=\"async\" class=\"alignnone wp-image-193425\" src=\"https:\/\/www.tgrthaber.com\/mavikadin\/wp-content\/uploads\/Kardelenlerin-Feriti-Mehmet-Fatih-Obuz-kariyerinde-zirveye-cikiyor-300x169-1.webp\" alt=\"\" width=\"1208\" height=\"681\" title=\"\"><\/p>\n<hr \/>\n<h3>\u00c7ARPINTI D\u0130Z\u0130S\u0130NDE S\u00dcRPR\u0130Z GEL\u0130\u015eME<\/h3>\n<p>Kulislerde dola\u015fan bir di\u011fer s\u0131cak geli\u015fme ise Asl\u0131 karakterinin partneri Aras i\u00e7in g\u00fcndeme geldi. \u0130ddialara g\u00f6re, yap\u0131m ekibi Burak Y\u00f6r\u00fck ile g\u00f6r\u00fc\u015fmelerini s\u00fcrd\u00fcr\u00fcyor. E\u011fer bu transfer ger\u00e7ekle\u015firse, Y\u00f6r\u00fck hem enerjisi hem de hayran kitlesiyle projeye ekstra bir heyecan katabilir.<\/p>\n<p>Yeni sezonun en merak edilen yap\u0131mlar\u0131ndan biri olan \u00c7arp\u0131nt\u0131, hem hikayesi hem de oyuncu kadrosuyla \u015fimdiden b\u00fcy\u00fck ilgi g\u00f6r\u00fcyor. . \u0130zleyicilerin akl\u0131ndaki en g\u00fcncel soru ise dizinin ne zaman ba\u015flayaca\u011f\u0131.<\/p>\n","protected":false},"excerpt":{"rendered":"<p>Yeni sezonda ekranlara damga vurmaya haz\u0131rlanan \u00c7arp\u0131nt\u0131 dizisinden heyecan\u0131 y\u00fckselten haber geldi. Star TV\u2019de izleyicisiyle bulu\u015facak bu aile dram\u0131nda, izleyenleri derinden sarsacak konusu kadar oyuncu tercihleri de konu\u015fulmaya ba\u015fland\u0131. \u00d6zellikle dizideki ikiz karakterler i\u00e7in se\u00e7ilen gen\u00e7 oyuncular, projeye taze bir soluk getirecek gibi g\u00f6r\u00fcn\u00fcyor. Detaylar haberimizde&#8230;<\/p>\n","protected":false},"author":35,"featured_media":193419,"comment_status":"closed","ping_status":"closed","sticky":false,"template":"","format":"standard","meta":{"rank_math_lock_modified_date":false,"footnotes":""},"categories":[602],"tags":[4984,25306,3602,25305,10392],"class_list":["post-193410","post","type-post","status-publish","format-standard","has-post-thumbnail","hentry","category-diziler","tag-burak-yoruk","tag-carpinti-ikiz-oyuncular","tag-diziler","tag-helin-elveren","tag-mehmet-fatih-obuz"],"_links":{"self":[{"href":"https:\/\/www.tgrthaber.com\/mavikadin\/wp-json\/wp\/v2\/posts\/193410"}],"collection":[{"href":"https:\/\/www.tgrthaber.com\/mavikadin\/wp-json\/wp\/v2\/posts"}],"about":[{"href":"https:\/\/www.tgrthaber.com\/mavikadin\/wp-json\/wp\/v2\/types\/post"}],"author":[{"embeddable":true,"href":"https:\/\/www.tgrthaber.com\/mavikadin\/wp-json\/wp\/v2\/users\/35"}],"replies":[{"embeddable":true,"href":"https:\/\/www.tgrthaber.com\/mavikadin\/wp-json\/wp\/v2\/comments?post=193410"}],"version-history":[{"count":2,"href":"https:\/\/www.tgrthaber.com\/mavikadin\/wp-json\/wp\/v2\/posts\/193410\/revisions"}],"predecessor-version":[{"id":193433,"href":"https:\/\/www.tgrthaber.com\/mavikadin\/wp-json\/wp\/v2\/posts\/193410\/revisions\/193433"}],"wp:featuredmedia":[{"embeddable":true,"href":"https:\/\/www.tgrthaber.com\/mavikadin\/wp-json\/wp\/v2\/media\/193419"}],"wp:attachment":[{"href":"https:\/\/www.tgrthaber.com\/mavikadin\/wp-json\/wp\/v2\/media?parent=193410"}],"wp:term":[{"taxonomy":"category","embeddable":true,"href":"https:\/\/www.tgrthaber.com\/mavikadin\/wp-json\/wp\/v2\/categories?post=193410"},{"taxonomy":"post_tag","embeddable":true,"href":"https:\/\/www.tgrthaber.com\/mavikadin\/wp-json\/wp\/v2\/tags?post=193410"}],"curies":[{"name":"wp","href":"https:\/\/api.w.org\/{rel}","templated":true}]}}