{"id":193519,"date":"2025-06-19T13:38:12","date_gmt":"2025-06-19T10:38:12","guid":{"rendered":"https:\/\/www.tgrthaber.com\/mavikadin\/?p=193519"},"modified":"2025-06-19T13:38:12","modified_gmt":"2025-06-19T10:38:12","slug":"nihal-candan-hastaligi-kotu-mu-nihal-candanin-son-saglik-durumu","status":"publish","type":"post","link":"https:\/\/www.tgrthaber.com\/mavikadin\/nihal-candan-hastaligi-kotu-mu-nihal-candanin-son-saglik-durumu\/","title":{"rendered":"Nihal Candan hastal\u0131\u011f\u0131 k\u00f6t\u00fc m\u00fc? Nihal Candan\u2019\u0131n son sa\u011fl\u0131k durumu!"},"content":{"rendered":"<p>Son zamanlarda a\u015f\u0131r\u0131 kilo kayb\u0131 ya\u015fayan ve sa\u011fl\u0131k durumunun kritik oldu\u011fu \u00f6\u011frenilen Nihal Candan, yo\u011fun bak\u0131ma kald\u0131r\u0131lm\u0131\u015ft\u0131. Doland\u0131r\u0131c\u0131l\u0131k su\u00e7lamas\u0131yla tutukland\u0131ktan k\u0131sa bir s\u00fcre sonra sa\u011fl\u0131k sorunlar\u0131 nedeniyle tahliye edilen Nihal Candan\u2019\u0131n hastanedeki tedavisinin devam etti\u011fi biliniyor. Kendisine \u2018anoreksiya nervoza\u2019 te\u015fhisi konulan Nihal Candan, son olarak 23 kiloya kadar d\u00fc\u015ft\u00fc. \u00dcnl\u00fc fenomenin hastal\u0131\u011f\u0131n\u0131n k\u00f6t\u00fc olup olmad\u0131\u011f\u0131 merak edildi. Peki, Nihal Candan hastal\u0131\u011f\u0131 k\u00f6t\u00fc m\u00fc? Nihal Candan\u2019\u0131n son sa\u011fl\u0131k durumu nas\u0131l? \u0130\u015fte Nihal Candan\u2019\u0131n sa\u011fl\u0131k durumu hakk\u0131nda merak edilenler\u2026<\/p>\n<h3>N\u0130HAL CANDAN HASTALI\u011eI K\u00d6T\u00dc M\u00dc?<\/h3>\n<p>Uzun y\u0131llard\u0131r sosyal medyada fenomenlik yapan ve kat\u0131ld\u0131\u011f\u0131 moda yar\u0131\u015fmalar\u0131yla b\u00fcy\u00fck bir \u00fcne sahip olan Nihal Candan, Kas\u0131m 2023\u2019te \u2018doland\u0131r\u0131c\u0131l\u0131k\u2019 ve \u2018kara para aklama\u2019 su\u00e7lamalar\u0131yla g\u00f6z alt\u0131na al\u0131nm\u0131\u015f ve tutuklanm\u0131\u015ft\u0131. Cezaevindeyken kendisine \u2018anoreksiya nervoza\u2019 te\u015fhisi konulan Candan, ya\u015fad\u0131\u011f\u0131 sa\u011fl\u0131k sorunlar\u0131 nedeniyle k\u0131sa bir s\u00fcre \u00f6nce tahliye edilmi\u015fti. Bir s\u00fcredir hastal\u0131\u011f\u0131 nedeniyle s\u00fcrekli kilo kayb\u0131 ya\u015fayan Candan\u2019\u0131n son olarak 23 kiloya d\u00fc\u015ft\u00fc\u011f\u00fc \u00f6\u011frenilmi\u015fti.<\/p>\n<p><img loading=\"lazy\" decoding=\"async\" class=\"alignnone wp-image-193520\" src=\"https:\/\/www.tgrthaber.com\/mavikadin\/wp-content\/uploads\/Adsiz-tasarim-49-20-1024x576.jpg\" alt=\"Nihal Candan hastal\u0131\u011f\u0131 k\u00f6t\u00fc m\u00fc? Nihal Candan\u2019\u0131n son sa\u011fl\u0131k durumu!\" width=\"1208\" height=\"680\" title=\"\" srcset=\"https:\/\/www.tgrthaber.com\/mavikadin\/wp-content\/uploads\/Adsiz-tasarim-49-20-1024x576.jpg 1024w, https:\/\/www.tgrthaber.com\/mavikadin\/wp-content\/uploads\/Adsiz-tasarim-49-20-300x169.jpg 300w, https:\/\/www.tgrthaber.com\/mavikadin\/wp-content\/uploads\/Adsiz-tasarim-49-20-768x432.jpg 768w, https:\/\/www.tgrthaber.com\/mavikadin\/wp-content\/uploads\/Adsiz-tasarim-49-20-1536x865.jpg 1536w, https:\/\/www.tgrthaber.com\/mavikadin\/wp-content\/uploads\/Adsiz-tasarim-49-20.jpg 1661w\" sizes=\"(max-width: 1208px) 100vw, 1208px\" \/><\/p>\n<hr \/>\n<p>Son g\u00f6r\u00fcnt\u00fcs\u00fcyle hayranlar\u0131n\u0131 bir hayli tela\u015fland\u0131ran Nihal Candan\u2019\u0131n sa\u011fl\u0131k durumu hen\u00fcz ciddiyetini koruyor. G\u00fcnden g\u00fcne gittik\u00e7e eriyen Candan\u2019\u0131n yo\u011fun bak\u0131mda tedavisine devam ediliyor. Anoreksiya nervoza hastal\u0131\u011f\u0131yla m\u00fccadele eden Candan\u2019\u0131n hayranlar\u0131 ve ailesi kendisinden gelecek iyi haberi bekliyor. Fakat olduk\u00e7a k\u00f6t\u00fc bir hastal\u0131kla m\u00fccadele eden \u00fcnl\u00fc fenomenin sa\u011fl\u0131\u011f\u0131n\u0131n kritik olmas\u0131 endi\u015feleri beraberinde getiriyor.<\/p>\n<p><img loading=\"lazy\" decoding=\"async\" class=\"alignnone wp-image-193522\" src=\"https:\/\/www.tgrthaber.com\/mavikadin\/wp-content\/uploads\/Adsiz-tasarim-2025-06-19T133534.425-1024x576.jpg\" alt=\"Nihal Candan hastal\u0131\u011f\u0131 k\u00f6t\u00fc m\u00fc? Nihal Candan\u2019\u0131n son sa\u011fl\u0131k durumu!\" width=\"1208\" height=\"680\" title=\"\" srcset=\"https:\/\/www.tgrthaber.com\/mavikadin\/wp-content\/uploads\/Adsiz-tasarim-2025-06-19T133534.425-1024x576.jpg 1024w, https:\/\/www.tgrthaber.com\/mavikadin\/wp-content\/uploads\/Adsiz-tasarim-2025-06-19T133534.425-300x169.jpg 300w, https:\/\/www.tgrthaber.com\/mavikadin\/wp-content\/uploads\/Adsiz-tasarim-2025-06-19T133534.425-768x432.jpg 768w, https:\/\/www.tgrthaber.com\/mavikadin\/wp-content\/uploads\/Adsiz-tasarim-2025-06-19T133534.425.jpg 1208w\" sizes=\"(max-width: 1208px) 100vw, 1208px\" \/><\/p>\n<hr \/>\n<h3>N\u0130HAL CANDAN\u2019IN SON SA\u011eLIK DURUMU NASIL?<\/h3>\n<p>Anoreksiya nervoza, (a\u015f\u0131r\u0131 kilo kayb\u0131) hastal\u0131\u011f\u0131yla m\u00fccadele eden Nihal Candan, son sa\u011fl\u0131k durumuyla hayranlar\u0131n\u0131 ve yak\u0131nlar\u0131n\u0131 korkutmaya devam ediyor. En son 23 kiloya kadar d\u00fc\u015fen Candan\u2019\u0131n sa\u011fl\u0131k durumunun olduk\u00e7a kritik oldu\u011fu s\u00f6yleniyor. Candan\u2019\u0131n yak\u0131n arkada\u015f\u0131 P\u0131nar Kerimo\u011flu ve annesi Umut Candan k\u0131z\u0131n\u0131n son sa\u011fl\u0131k durumu hakk\u0131nda sevenlerini bilgilendirmeye devam ediyor.<\/p>\n<p><img loading=\"lazy\" decoding=\"async\" class=\"alignnone wp-image-193523\" src=\"https:\/\/www.tgrthaber.com\/mavikadin\/wp-content\/uploads\/Adsiz-tasarim-46-27-1024x576.jpg\" alt=\"Nihal Candan hastal\u0131\u011f\u0131 k\u00f6t\u00fc m\u00fc? Nihal Candan\u2019\u0131n son sa\u011fl\u0131k durumu!\" width=\"1208\" height=\"680\" title=\"\" srcset=\"https:\/\/www.tgrthaber.com\/mavikadin\/wp-content\/uploads\/Adsiz-tasarim-46-27-1024x576.jpg 1024w, https:\/\/www.tgrthaber.com\/mavikadin\/wp-content\/uploads\/Adsiz-tasarim-46-27-300x169.jpg 300w, https:\/\/www.tgrthaber.com\/mavikadin\/wp-content\/uploads\/Adsiz-tasarim-46-27-768x432.jpg 768w, https:\/\/www.tgrthaber.com\/mavikadin\/wp-content\/uploads\/Adsiz-tasarim-46-27-1536x865.jpg 1536w, https:\/\/www.tgrthaber.com\/mavikadin\/wp-content\/uploads\/Adsiz-tasarim-46-27.jpg 1661w\" sizes=\"(max-width: 1208px) 100vw, 1208px\" \/><\/p>\n<hr \/>\n<p>P\u0131nar Kerimo\u011flu, Nihal Candan\u2019\u0131n son sa\u011fl\u0131k durumu hakk\u0131nda \u201cYorgun, uyku halinde oldu\u011funu ve damardan mama alarak beslendi\u011fini\u201d dile getirmi\u015fti. Di\u011fer yandan Candan\u2019\u0131n annesi Umut Candan gazetecilere konu\u015farak k\u0131z\u0131n\u0131n sa\u011fl\u0131k durumu hakk\u0131nda \u015fu a\u00e7\u0131klamay\u0131 yapm\u0131\u015ft\u0131:<\/p>\n<p><img loading=\"lazy\" decoding=\"async\" class=\"alignnone wp-image-193524\" src=\"https:\/\/www.tgrthaber.com\/mavikadin\/wp-content\/uploads\/Adsiz-tasarim-44-24-1024x576.jpg\" alt=\"Nihal Candan hastal\u0131\u011f\u0131 k\u00f6t\u00fc m\u00fc? Nihal Candan\u2019\u0131n son sa\u011fl\u0131k durumu!\" width=\"1208\" height=\"680\" title=\"\" srcset=\"https:\/\/www.tgrthaber.com\/mavikadin\/wp-content\/uploads\/Adsiz-tasarim-44-24-1024x576.jpg 1024w, https:\/\/www.tgrthaber.com\/mavikadin\/wp-content\/uploads\/Adsiz-tasarim-44-24-300x169.jpg 300w, https:\/\/www.tgrthaber.com\/mavikadin\/wp-content\/uploads\/Adsiz-tasarim-44-24-768x432.jpg 768w, https:\/\/www.tgrthaber.com\/mavikadin\/wp-content\/uploads\/Adsiz-tasarim-44-24-1536x865.jpg 1536w, https:\/\/www.tgrthaber.com\/mavikadin\/wp-content\/uploads\/Adsiz-tasarim-44-24.jpg 1661w\" sizes=\"(max-width: 1208px) 100vw, 1208px\" \/><\/p>\n<hr \/>\n<p>\u201c\u015eu an yavrum \u00f6l\u00fcmle pen\u00e7ele\u015fiyor. Sa\u011fl\u0131k durumu \u00e7ok kritik. Her ge\u00e7en dakika iyi olmak yerine daha da k\u00f6t\u00fcye gidiyor.\u201d<\/p>\n<p>\u0130kinci kez yo\u011fun bak\u0131ma al\u0131nan Nihal Candan\u2019\u0131n tedavi s\u00fcreci devam ediyor. \u00dcnl\u00fc fenomenin sa\u011fl\u0131k durumunun kritik oldu\u011fu ve ciddiyetini korudu\u011fu s\u00f6yleniyor. Ailesi Candan i\u00e7in takip\u00e7ileri ve sevenlerinden dua istiyor. Candan\u2019\u0131n sa\u011fl\u0131k durumunun kritik olmas\u0131 ise sevenlerini endi\u015felendiriyor.<\/p>\n","protected":false},"excerpt":{"rendered":"<p>Ciddi sa\u011fl\u0131k sorunlar\u0131yla m\u00fccadele eden Nihal Candan son olarak yo\u011fun bak\u0131ma kald\u0131r\u0131lm\u0131\u015ft\u0131. \u00dcnl\u00fc fenomenin hastal\u0131\u011f\u0131n\u0131n k\u00f6t\u00fc olup olmad\u0131\u011f\u0131 merak edildi. Peki, Nihal Candan\u2019\u0131n son sa\u011fl\u0131k durumu ne? \u0130\u015fte detaylar\u2026<\/p>\n","protected":false},"author":26,"featured_media":193521,"comment_status":"closed","ping_status":"closed","sticky":false,"template":"","format":"standard","meta":{"rank_math_lock_modified_date":false,"footnotes":""},"categories":[76],"tags":[133,2218,8476,25330,25331],"class_list":["post-193519","post","type-post","status-publish","format-standard","has-post-thumbnail","hentry","category-magazin","tag-magazin","tag-magazin-haberleri","tag-nihal-candan","tag-nihal-candan-23-kilo","tag-nihal-candan-son-saglik-durumu"],"_links":{"self":[{"href":"https:\/\/www.tgrthaber.com\/mavikadin\/wp-json\/wp\/v2\/posts\/193519"}],"collection":[{"href":"https:\/\/www.tgrthaber.com\/mavikadin\/wp-json\/wp\/v2\/posts"}],"about":[{"href":"https:\/\/www.tgrthaber.com\/mavikadin\/wp-json\/wp\/v2\/types\/post"}],"author":[{"embeddable":true,"href":"https:\/\/www.tgrthaber.com\/mavikadin\/wp-json\/wp\/v2\/users\/26"}],"replies":[{"embeddable":true,"href":"https:\/\/www.tgrthaber.com\/mavikadin\/wp-json\/wp\/v2\/comments?post=193519"}],"version-history":[{"count":2,"href":"https:\/\/www.tgrthaber.com\/mavikadin\/wp-json\/wp\/v2\/posts\/193519\/revisions"}],"predecessor-version":[{"id":193526,"href":"https:\/\/www.tgrthaber.com\/mavikadin\/wp-json\/wp\/v2\/posts\/193519\/revisions\/193526"}],"wp:featuredmedia":[{"embeddable":true,"href":"https:\/\/www.tgrthaber.com\/mavikadin\/wp-json\/wp\/v2\/media\/193521"}],"wp:attachment":[{"href":"https:\/\/www.tgrthaber.com\/mavikadin\/wp-json\/wp\/v2\/media?parent=193519"}],"wp:term":[{"taxonomy":"category","embeddable":true,"href":"https:\/\/www.tgrthaber.com\/mavikadin\/wp-json\/wp\/v2\/categories?post=193519"},{"taxonomy":"post_tag","embeddable":true,"href":"https:\/\/www.tgrthaber.com\/mavikadin\/wp-json\/wp\/v2\/tags?post=193519"}],"curies":[{"name":"wp","href":"https:\/\/api.w.org\/{rel}","templated":true}]}}