{"id":199541,"date":"2025-07-02T17:01:21","date_gmt":"2025-07-02T14:01:21","guid":{"rendered":"https:\/\/www.tgrthaber.com\/mavikadin\/?p=199541"},"modified":"2025-07-02T17:03:17","modified_gmt":"2025-07-02T14:03:17","slug":"masterchefte-yapildi-kayinvalideleri-kiskancliktan-catlatan-lezzet-iste-trabzonun-meshur-yaglamasi","status":"publish","type":"post","link":"https:\/\/www.tgrthaber.com\/mavikadin\/masterchefte-yapildi-kayinvalideleri-kiskancliktan-catlatan-lezzet-iste-trabzonun-meshur-yaglamasi\/","title":{"rendered":"MasterChef&#8217;te yap\u0131ld\u0131 kay\u0131nvalideleri k\u0131skan\u00e7l\u0131ktan \u00e7atlatan lezzet! \u0130\u015fte Trabzon&#8217;un me\u015fhur ya\u011flamas\u0131!"},"content":{"rendered":"<p>TV8&#8217;in sevilen yar\u0131\u015fma program\u0131 MasterChef&#8217;te bu ak\u015fam ekranlara damga vuracak t\u00fcrden \u015fahane bir tarif haz\u0131rland\u0131. Trabzon&#8217;un me\u015fhur ya\u011flamas\u0131 izleyicilerin a\u011fz\u0131n\u0131 suland\u0131rd\u0131. \u00dc\u00e7l\u00fc d\u00fcellolarda yar\u0131\u015fmac\u0131lar bir \u00fcst tura \u00e7\u0131kabilmek i\u00e7in hem lezzet hem de teknik a\u00e7\u0131dan en iyi Trabzon ya\u011fl\u0131s\u0131n\u0131 yapabilmek i\u00e7in ter d\u00f6kt\u00fc. Masterchef seyircisi ise &#8216;en iyi Trabzon ya\u011fl\u0131s\u0131 nas\u0131l yap\u0131l\u0131r?&#8217; sorusunun cevab\u0131n\u0131 ara\u015ft\u0131r\u0131yor. Peki en iyi Trabzon ya\u011fl\u0131s\u0131 nas\u0131l yap\u0131l\u0131r, malzemeleri neler? \u0130\u015fte t\u00fcm p\u00fcf noktalar\u0131 ile Trabzon ya\u011fl\u0131s\u0131 tarifi&#8230;<\/p>\n<h3>MASTERCHEF&#8217;TE YAPILDI KAYINVAL\u0130DELER KISKAN\u00c7LIKTAN \u00c7ATLADI TRABZON YA\u011eMALAMASI TAR\u0130F\u0130<\/h3>\n<p>MasterChef T\u00fcrkiye&#8217;de yar\u0131\u015fmac\u0131lar bu sefer en iyi Trabzon ya\u011flamas\u0131 yapabilmek i\u00e7in yar\u0131\u015ft\u0131. T\u00fcrk Mutfa\u011f\u0131n\u0131n sevilen lezzeti, a\u011f\u0131zda da\u011f\u0131lan, yumu\u015fac\u0131k k\u0131vam\u0131 ile yiyenleri mest edecek bu tarifin detaylar\u0131na gelin birlikte bakal\u0131m&#8230;<\/p>\n<p><img loading=\"lazy\" decoding=\"async\" class=\"alignnone wp-image-199553 size-large\" src=\"https:\/\/www.tgrthaber.com\/mavikadin\/wp-content\/uploads\/Ekran-Resmi-2025-07-02-17.00.14-1024x732.png\" alt=\"\" width=\"1024\" height=\"732\" title=\"\" srcset=\"https:\/\/www.tgrthaber.com\/mavikadin\/wp-content\/uploads\/Ekran-Resmi-2025-07-02-17.00.14-1024x732.png 1024w, https:\/\/www.tgrthaber.com\/mavikadin\/wp-content\/uploads\/Ekran-Resmi-2025-07-02-17.00.14-300x215.png 300w, https:\/\/www.tgrthaber.com\/mavikadin\/wp-content\/uploads\/Ekran-Resmi-2025-07-02-17.00.14-768x549.png 768w, https:\/\/www.tgrthaber.com\/mavikadin\/wp-content\/uploads\/Ekran-Resmi-2025-07-02-17.00.14-1536x1099.png 1536w, https:\/\/www.tgrthaber.com\/mavikadin\/wp-content\/uploads\/Ekran-Resmi-2025-07-02-17.00.14.png 1552w\" sizes=\"(max-width: 1024px) 100vw, 1024px\" \/><\/p>\n<hr \/>\n<h3><strong>Malzemeler:\u00a0<\/strong><\/h3>\n<p class=\"p1\">Hamuru i\u00e7in;<\/p>\n<p>Yar\u0131m ya\u015f maya<\/p>\n<p>1 bardak \u0131l\u0131k su<\/p>\n<p>1 adet kesme \u015feker<\/p>\n<p><img loading=\"lazy\" decoding=\"async\" class=\"alignnone wp-image-199549 size-large\" src=\"https:\/\/www.tgrthaber.com\/mavikadin\/wp-content\/uploads\/Ekran-Resmi-2025-07-02-16.52.40-1024x665.png\" alt=\"\" width=\"1024\" height=\"665\" title=\"\" srcset=\"https:\/\/www.tgrthaber.com\/mavikadin\/wp-content\/uploads\/Ekran-Resmi-2025-07-02-16.52.40-1024x665.png 1024w, https:\/\/www.tgrthaber.com\/mavikadin\/wp-content\/uploads\/Ekran-Resmi-2025-07-02-16.52.40-300x195.png 300w, https:\/\/www.tgrthaber.com\/mavikadin\/wp-content\/uploads\/Ekran-Resmi-2025-07-02-16.52.40-768x499.png 768w, https:\/\/www.tgrthaber.com\/mavikadin\/wp-content\/uploads\/Ekran-Resmi-2025-07-02-16.52.40.png 1490w\" sizes=\"(max-width: 1024px) 100vw, 1024px\" \/><\/p>\n<hr \/>\n<p>Ald\u0131\u011f\u0131 kadar un<\/p>\n<p class=\"p1\">\u00dczeri i\u00e7in;<\/p>\n<p>Tereya\u011f\u0131<\/p>\n<p>Yumurta<\/p>\n<p>Tuz<\/p>\n<p><img loading=\"lazy\" decoding=\"async\" class=\"alignnone wp-image-199550 \" src=\"https:\/\/www.tgrthaber.com\/mavikadin\/wp-content\/uploads\/Ekran-Resmi-2025-07-02-16.52.45.png\" alt=\"\" width=\"991\" height=\"573\" title=\"\" srcset=\"https:\/\/www.tgrthaber.com\/mavikadin\/wp-content\/uploads\/Ekran-Resmi-2025-07-02-16.52.45.png 768w, https:\/\/www.tgrthaber.com\/mavikadin\/wp-content\/uploads\/Ekran-Resmi-2025-07-02-16.52.45-300x173.png 300w\" sizes=\"(max-width: 991px) 100vw, 991px\" \/><\/p>\n<hr \/>\n<h3>HAZIRLANI\u015eI<\/h3>\n<p class=\"p1\">Trabzon ya\u011fl\u0131s\u0131n\u0131 yapmak i\u00e7in ilk i\u015f olarak hamurundan ba\u015fl\u0131yoruz. Maya ve \u015fekeri \u0131l\u0131k suda eritin. Ard\u0131ndan i\u00e7erisine unu yava\u015f yava\u015f ekleyin ve kulak memesi k\u0131vam\u0131nda olacak \u015fekilde bir hamur elde edin. Hamurunuzun s\u0131cak bir odada yakla\u015f\u0131k olarak 1 saat kadar mayalanmas\u0131 gerekiyor. Mayalanm\u0131\u015f hamuru 4 e\u015fit beze yap\u0131p, ortas\u0131na bir \u00e7ukur a\u00e7\u0131n. Ard\u0131ndan tepsinize dizin ve her birinin i\u00e7erisine tereya\u011f\u0131 koyun. F\u0131r\u0131n\u0131 200 derecede a\u00e7\u0131p, tereya\u011flar\u0131n erimesini bekleyin.<\/p>\n<p><img loading=\"lazy\" decoding=\"async\" class=\"alignnone wp-image-199551 size-large\" src=\"https:\/\/www.tgrthaber.com\/mavikadin\/wp-content\/uploads\/Ekran-Resmi-2025-07-02-16.52.55-1024x746.png\" alt=\"\" width=\"1024\" height=\"746\" title=\"\" srcset=\"https:\/\/www.tgrthaber.com\/mavikadin\/wp-content\/uploads\/Ekran-Resmi-2025-07-02-16.52.55-1024x746.png 1024w, https:\/\/www.tgrthaber.com\/mavikadin\/wp-content\/uploads\/Ekran-Resmi-2025-07-02-16.52.55-300x218.png 300w, https:\/\/www.tgrthaber.com\/mavikadin\/wp-content\/uploads\/Ekran-Resmi-2025-07-02-16.52.55-768x559.png 768w, https:\/\/www.tgrthaber.com\/mavikadin\/wp-content\/uploads\/Ekran-Resmi-2025-07-02-16.52.55.png 1346w\" sizes=\"(max-width: 1024px) 100vw, 1024px\" \/><\/p>\n<hr \/>\n<p class=\"p1\">Tereya\u011flar\u0131 eridi\u011finde f\u0131r\u00e7a yard\u0131m\u0131 ile hamurunuzun her taraf\u0131na tereya\u011f\u0131n\u0131 da\u011f\u0131t\u0131n. Her bezeye bir tane yumurta k\u0131r\u0131n ve \u00fczerine az miktar tuz serpip tekrar f\u0131r\u0131na verin. Trabzon ya\u011flaman\u0131z haz\u0131r. Kay\u0131nvalidenizi k\u0131skan\u00e7l\u0131ktan \u00e7atlatacak bu \u015fahane lezzete herkes hayran kalacak. \u015eimdiden afiyetler olsun.<\/p>\n<h3><img loading=\"lazy\" decoding=\"async\" class=\"alignnone wp-image-199552 size-large\" src=\"https:\/\/www.tgrthaber.com\/mavikadin\/wp-content\/uploads\/Ekran-Resmi-2025-07-02-16.52.50-1024x662.png\" alt=\"\" width=\"1024\" height=\"662\" title=\"\" srcset=\"https:\/\/www.tgrthaber.com\/mavikadin\/wp-content\/uploads\/Ekran-Resmi-2025-07-02-16.52.50-1024x662.png 1024w, https:\/\/www.tgrthaber.com\/mavikadin\/wp-content\/uploads\/Ekran-Resmi-2025-07-02-16.52.50-300x194.png 300w, https:\/\/www.tgrthaber.com\/mavikadin\/wp-content\/uploads\/Ekran-Resmi-2025-07-02-16.52.50-768x496.png 768w, https:\/\/www.tgrthaber.com\/mavikadin\/wp-content\/uploads\/Ekran-Resmi-2025-07-02-16.52.50-1536x992.png 1536w, https:\/\/www.tgrthaber.com\/mavikadin\/wp-content\/uploads\/Ekran-Resmi-2025-07-02-16.52.50.png 1746w\" sizes=\"(max-width: 1024px) 100vw, 1024px\" \/><\/h3>\n<hr \/>\n<h3 class=\"p1\">TRABZON YA\u011eLISI \u0130\u00c7ER\u0130S\u0130NE PEYN\u0130R KONUR MU?<\/h3>\n<p class=\"p1\">Orijinal Trabzon ya\u011fl\u0131s\u0131 i\u00e7erisinde peynir bulunmamaktad\u0131r. Fakat daha fazla lezzetli olmas\u0131n\u0131 isterseniz, ya\u011flaman\u0131n i\u00e7erisine Trabzon\u2019da \u00fcretilen telli tulum peyniri koyabilirsiniz. Tad\u0131n\u0131 daha \u00fcst noktaya ta\u015f\u0131yacak bu ad\u0131m ya\u011flaman\u0131za bamba\u015fka bir tat katacakt\u0131r. Ka\u015far peynirine benzer bir peynir olan telli tulum peyniri, \u0131s\u0131ya maruz kald\u0131\u011f\u0131nda eriyip uzayacak, hem g\u00f6rsel anlamda hem de tat anlam\u0131nda yapt\u0131\u011f\u0131n\u0131z tarifin lezzetini unutulma k\u0131lacakt\u0131r.<\/p>\n","protected":false},"excerpt":{"rendered":"<p>Ekranlarda reyting rekoru k\u0131ran MasterChef T\u00fcrkiye&#8217;de bu ak\u015fam Trabzon&#8217;un me\u015fhur ya\u011flamas\u0131 ya\u011f\u0131ld\u0131. \u0130zleyiciler, p\u00fcf noktalar\u0131n\u0131 ara\u015ft\u0131rmaya ba\u015flad\u0131 bile. Kay\u0131nvalideleri k\u0131skan\u00e7l\u0131ktan \u00e7atlatan tarifin detaylar\u0131n\u0131 sizler i\u00e7in ara\u015ft\u0131rd\u0131k. \u0130\u015fte en iyi Trabzon ya\u011flamas\u0131 tarifi haz\u0131rlan\u0131\u015f\u0131&#8230;<\/p>\n","protected":false},"author":16,"featured_media":199556,"comment_status":"closed","ping_status":"closed","sticky":false,"template":"","format":"standard","meta":{"rank_math_lock_modified_date":false,"footnotes":""},"categories":[191],"tags":[26810,26812,26811,355,3411],"class_list":["post-199541","post","type-post","status-publish","format-standard","has-post-thumbnail","hentry","category-yemek-tarifleri","tag-masterchef-kayinvalideleri-kiskancliktan-catlatan-lezzet","tag-masterchef-trabzon-yaglisi-nasil-yapilir","tag-masterchef-trabzon-yaglisi-tarifi","tag-yemek","tag-yemek-tarifleri"],"_links":{"self":[{"href":"https:\/\/www.tgrthaber.com\/mavikadin\/wp-json\/wp\/v2\/posts\/199541"}],"collection":[{"href":"https:\/\/www.tgrthaber.com\/mavikadin\/wp-json\/wp\/v2\/posts"}],"about":[{"href":"https:\/\/www.tgrthaber.com\/mavikadin\/wp-json\/wp\/v2\/types\/post"}],"author":[{"embeddable":true,"href":"https:\/\/www.tgrthaber.com\/mavikadin\/wp-json\/wp\/v2\/users\/16"}],"replies":[{"embeddable":true,"href":"https:\/\/www.tgrthaber.com\/mavikadin\/wp-json\/wp\/v2\/comments?post=199541"}],"version-history":[{"count":2,"href":"https:\/\/www.tgrthaber.com\/mavikadin\/wp-json\/wp\/v2\/posts\/199541\/revisions"}],"predecessor-version":[{"id":199555,"href":"https:\/\/www.tgrthaber.com\/mavikadin\/wp-json\/wp\/v2\/posts\/199541\/revisions\/199555"}],"wp:featuredmedia":[{"embeddable":true,"href":"https:\/\/www.tgrthaber.com\/mavikadin\/wp-json\/wp\/v2\/media\/199556"}],"wp:attachment":[{"href":"https:\/\/www.tgrthaber.com\/mavikadin\/wp-json\/wp\/v2\/media?parent=199541"}],"wp:term":[{"taxonomy":"category","embeddable":true,"href":"https:\/\/www.tgrthaber.com\/mavikadin\/wp-json\/wp\/v2\/categories?post=199541"},{"taxonomy":"post_tag","embeddable":true,"href":"https:\/\/www.tgrthaber.com\/mavikadin\/wp-json\/wp\/v2\/tags?post=199541"}],"curies":[{"name":"wp","href":"https:\/\/api.w.org\/{rel}","templated":true}]}}