{"id":200220,"date":"2025-07-04T02:09:21","date_gmt":"2025-07-03T23:09:21","guid":{"rendered":"https:\/\/www.tgrthaber.com\/mavikadin\/?p=200220"},"modified":"2025-07-04T02:09:21","modified_gmt":"2025-07-03T23:09:21","slug":"en-iyi-karavan-modelleri-2025","status":"publish","type":"post","link":"https:\/\/www.tgrthaber.com\/mavikadin\/en-iyi-karavan-modelleri-2025\/","title":{"rendered":"En iyi karavan modelleri 2025"},"content":{"rendered":"<p>Karavan son zamanlarda insanlar taraf\u0131ndan tercih edilen konaklama evlerinden biri oldu. Ev g\u00f6r\u00fcn\u00fcm\u00fcne sahip olan karavan modelleri aras\u0131ndan zevkinize uyan bir se\u00e7im yapabilirsiniz. T\u00fcrkiye\u2019nin hemen hemen her yerine rahatl\u0131kla gidebilece\u011finiz karavan arac\u0131n\u0131z\u0131 istedi\u011finiz bir deniz kenar\u0131na \u00e7ekebilirsiniz. Karavan kullananlar\u0131n yorumlar\u0131na bak\u0131ld\u0131\u011f\u0131nda konaklama ve seyahati ayn\u0131 anda verdi\u011fi i\u00e7in iyi ki ald\u0131klar\u0131na dair olumlu geri d\u00f6n\u00fc\u015flerde bulunuyorlar. Yaz tatillinizin keyfini \u00e7\u0131karman\u0131za destek olacak 2025 en iyi karavan modellerini listeledik.<\/p>\n<h3>EN \u0130Y\u0130 KARAVAN MODELLER\u0130 2025<\/h3>\n<p>\u0130stedi\u011finiz zevke ve l\u00fckse sahip birbirinden iddial\u0131 2025 karavan modelleri:<\/p>\n<p><img loading=\"lazy\" decoding=\"async\" class=\"alignnone wp-image-200221 size-full\" src=\"https:\/\/www.tgrthaber.com\/mavikadin\/wp-content\/uploads\/Kucuk-karavan-modellerini-sevenlere-ozel-Benimar-Tessoro-840.jpg\" alt=\"\" width=\"1208\" height=\"680\" title=\"\" srcset=\"https:\/\/www.tgrthaber.com\/mavikadin\/wp-content\/uploads\/Kucuk-karavan-modellerini-sevenlere-ozel-Benimar-Tessoro-840.jpg 1208w, https:\/\/www.tgrthaber.com\/mavikadin\/wp-content\/uploads\/Kucuk-karavan-modellerini-sevenlere-ozel-Benimar-Tessoro-840-300x169.jpg 300w, https:\/\/www.tgrthaber.com\/mavikadin\/wp-content\/uploads\/Kucuk-karavan-modellerini-sevenlere-ozel-Benimar-Tessoro-840-1024x576.jpg 1024w, https:\/\/www.tgrthaber.com\/mavikadin\/wp-content\/uploads\/Kucuk-karavan-modellerini-sevenlere-ozel-Benimar-Tessoro-840-768x432.jpg 768w\" sizes=\"(max-width: 1208px) 100vw, 1208px\" \/><\/p>\n<hr \/>\n<p><strong>1-\u00a0 K\u00fc\u00e7\u00fck karavan modellerini sevenlere \u00f6zel Benimar Tessoro 840<\/strong><\/p>\n<p>3 ki\u015filik bir arkada\u015f grubu veya ailenizle birlikte ger\u00e7ekle\u015ftirece\u011finiz gezi i\u00e7in Benimar Tessoro 840 karavan modelini tercih edebilirsiniz. G\u00fcne\u015f tavan\u0131yla g\u00fcnd\u00fcz \u0131\u015f\u0131\u011f\u0131n\u0131 tamamen i\u00e7eri ald\u0131\u011f\u0131nda karanl\u0131k olma durumunu minimuma indirir. \u0130\u00e7 yap\u0131s\u0131ndaki oturma grubu ile istedi\u011finiz \u015fekilde uzunlu\u011funu ayarlayarak televizyonunuzu rahatl\u0131kla seyredebilirsiniz. \u0130ki g\u00f6zl\u00fc gazl\u0131 oca\u011f\u0131 ve f\u0131r\u0131n, \u0131zgara, aspirat\u00f6r\u00fc var. Tuvaleti ve du\u015fu birbirinden ay\u0131ran iki drenaj deli\u011fine de sahip.<\/p>\n<p><img loading=\"lazy\" decoding=\"async\" class=\"alignnone wp-image-200228 size-full\" src=\"https:\/\/www.tgrthaber.com\/mavikadin\/wp-content\/uploads\/Ev-havasi-veren-Le-Voyageur-7.6-GJF-Mirasi-karavan-modeli.jpg\" alt=\"\" width=\"1208\" height=\"680\" title=\"\" srcset=\"https:\/\/www.tgrthaber.com\/mavikadin\/wp-content\/uploads\/Ev-havasi-veren-Le-Voyageur-7.6-GJF-Mirasi-karavan-modeli.jpg 1208w, https:\/\/www.tgrthaber.com\/mavikadin\/wp-content\/uploads\/Ev-havasi-veren-Le-Voyageur-7.6-GJF-Mirasi-karavan-modeli-300x169.jpg 300w, https:\/\/www.tgrthaber.com\/mavikadin\/wp-content\/uploads\/Ev-havasi-veren-Le-Voyageur-7.6-GJF-Mirasi-karavan-modeli-1024x576.jpg 1024w, https:\/\/www.tgrthaber.com\/mavikadin\/wp-content\/uploads\/Ev-havasi-veren-Le-Voyageur-7.6-GJF-Mirasi-karavan-modeli-768x432.jpg 768w\" sizes=\"(max-width: 1208px) 100vw, 1208px\" \/><\/p>\n<hr \/>\n<p><strong>2- Ev havas\u0131 veren Le Voyageur 7.6 GJF Miras\u0131 karavan modeli<\/strong><\/p>\n<p>4 ki\u015finin rahatl\u0131kla kalabilece\u011fi Le Voyageur 7.6 GJF Miras\u0131 karavan modeliyle konforlu bir seyahat ger\u00e7ekle\u015ftirebilirsiniz. Her mevsim kullanabilece\u011finiz karavan modelini listenize ekleyin. En iyi karavan modelleri hangisi diye ara\u015ft\u0131r\u0131ld\u0131\u011f\u0131nda Le Voyageur 7.6 GJF Miras\u0131 modeli \u00f6n plana \u00e7\u0131k\u0131yor. 7.65 santimetre uzunlu\u011funda olan karavan 2.25 metre geni\u015fli\u011findedir. 156.400 \u00a3\u2019dur.<\/p>\n<p><img loading=\"lazy\" decoding=\"async\" class=\"alignnone wp-image-200229 size-full\" src=\"https:\/\/www.tgrthaber.com\/mavikadin\/wp-content\/uploads\/En-iyi-A-sinifi-karavan-modelleri-arasinda-yer-alan-Carthago-C2-Tourer-I-145-RB-LE-Hafif-3.5t.jpg\" alt=\"\" width=\"1208\" height=\"680\" title=\"\" srcset=\"https:\/\/www.tgrthaber.com\/mavikadin\/wp-content\/uploads\/En-iyi-A-sinifi-karavan-modelleri-arasinda-yer-alan-Carthago-C2-Tourer-I-145-RB-LE-Hafif-3.5t.jpg 1208w, https:\/\/www.tgrthaber.com\/mavikadin\/wp-content\/uploads\/En-iyi-A-sinifi-karavan-modelleri-arasinda-yer-alan-Carthago-C2-Tourer-I-145-RB-LE-Hafif-3.5t-300x169.jpg 300w, https:\/\/www.tgrthaber.com\/mavikadin\/wp-content\/uploads\/En-iyi-A-sinifi-karavan-modelleri-arasinda-yer-alan-Carthago-C2-Tourer-I-145-RB-LE-Hafif-3.5t-1024x576.jpg 1024w, https:\/\/www.tgrthaber.com\/mavikadin\/wp-content\/uploads\/En-iyi-A-sinifi-karavan-modelleri-arasinda-yer-alan-Carthago-C2-Tourer-I-145-RB-LE-Hafif-3.5t-768x432.jpg 768w\" sizes=\"(max-width: 1208px) 100vw, 1208px\" \/><\/p>\n<hr \/>\n<p><strong>3- En iyi A s\u0131n\u0131f\u0131 karavan modelleri aras\u0131nda yer alan Carthago C2 Tourer I 145 RB LE Hafif 3.5t<\/strong><\/p>\n<p>Karavan\u0131n uzunlu\u011fu 7.21 santimetre iken, geni\u015fli\u011fi 2.17 metredir. 4 ki\u015filik kapasitesi olan karavan modeli fiyat\u0131 ise 108.640 \u00a3. A s\u0131n\u0131f\u0131 \u00f6zelli\u011fine sahip olan araba, i\u00e7erisindeki e\u015fyalarla da l\u00fcks s\u0131n\u0131f\u0131na girer. \u0130\u00e7 haznesinin geni\u015fli\u011fi sayesinde karavan\u0131n i\u00e7inde dola\u015fma konusunda rahatl\u0131k hissedebilirsiniz.<\/p>\n<p><img loading=\"lazy\" decoding=\"async\" class=\"alignnone wp-image-200230 size-full\" src=\"https:\/\/www.tgrthaber.com\/mavikadin\/wp-content\/uploads\/En-iyi-4-kisilik-karavan-modelleri-arasindan-goz-alici-bulunan-McLouis-Fusion-373.jpg\" alt=\"\" width=\"1208\" height=\"680\" title=\"\" srcset=\"https:\/\/www.tgrthaber.com\/mavikadin\/wp-content\/uploads\/En-iyi-4-kisilik-karavan-modelleri-arasindan-goz-alici-bulunan-McLouis-Fusion-373.jpg 1208w, https:\/\/www.tgrthaber.com\/mavikadin\/wp-content\/uploads\/En-iyi-4-kisilik-karavan-modelleri-arasindan-goz-alici-bulunan-McLouis-Fusion-373-300x169.jpg 300w, https:\/\/www.tgrthaber.com\/mavikadin\/wp-content\/uploads\/En-iyi-4-kisilik-karavan-modelleri-arasindan-goz-alici-bulunan-McLouis-Fusion-373-1024x576.jpg 1024w, https:\/\/www.tgrthaber.com\/mavikadin\/wp-content\/uploads\/En-iyi-4-kisilik-karavan-modelleri-arasindan-goz-alici-bulunan-McLouis-Fusion-373-768x432.jpg 768w\" sizes=\"(max-width: 1208px) 100vw, 1208px\" \/><\/p>\n<hr \/>\n<p><strong>4- En iyi 4 ki\u015filik karavan modelleri aras\u0131ndan g\u00f6z al\u0131c\u0131 bulunan McLouis Fusion 373<\/strong><\/p>\n<p>4 ki\u015filik olan karavan\u0131n y\u00fck kapasitesi 428 kilogram, uzunlu\u011fu 7.45 metre ve geni\u015fli\u011fi 2.33 metredir. 2025 karavan fiyat\u0131 \u00a379.495. Ah\u015fap i\u00e7 dizayn\u0131n\u0131n yan\u0131nda mutfak kullan\u0131m\u0131 da di\u011fer karavan modellerine g\u00f6re daha konforludur. \u0130\u00e7inde bulunan yata\u011f\u0131 ister tek ki\u015filik ister \u00e7ift ki\u015filik olarak da kullanabilirsiniz. K\u0131yafetlerinizi koyabilece\u011finiz b\u00fcy\u00fck gard\u0131roplar\u0131 bulunuyor.<\/p>\n<p><img loading=\"lazy\" decoding=\"async\" class=\"alignnone wp-image-200232 size-full\" src=\"https:\/\/www.tgrthaber.com\/mavikadin\/wp-content\/uploads\/karavan-modeli-secerken-nelere-dikkat-edilmeli.jpg\" alt=\"\" width=\"1208\" height=\"680\" title=\"\" srcset=\"https:\/\/www.tgrthaber.com\/mavikadin\/wp-content\/uploads\/karavan-modeli-secerken-nelere-dikkat-edilmeli.jpg 1208w, https:\/\/www.tgrthaber.com\/mavikadin\/wp-content\/uploads\/karavan-modeli-secerken-nelere-dikkat-edilmeli-300x169.jpg 300w, https:\/\/www.tgrthaber.com\/mavikadin\/wp-content\/uploads\/karavan-modeli-secerken-nelere-dikkat-edilmeli-1024x576.jpg 1024w, https:\/\/www.tgrthaber.com\/mavikadin\/wp-content\/uploads\/karavan-modeli-secerken-nelere-dikkat-edilmeli-768x432.jpg 768w\" sizes=\"(max-width: 1208px) 100vw, 1208px\" \/><\/p>\n<hr \/>\n<h3>KARAVAN SE\u00c7\u0130M\u0130 NASIL YAPILIR?<\/h3>\n<p>Uzun ya da k\u0131sa bir yolculu\u011fa \u00e7\u0131ksan\u0131z dahi tercih edece\u011finiz karavan modelleri t\u00fcm ihtiya\u00e7lar\u0131n\u0131z\u0131 kar\u015f\u0131lamas\u0131 gerekir. Modeli g\u00fczel diye bir karavan almak sizi yanl\u0131\u015f bir gezinin i\u00e7erisine sokabilir. \u0130ster yaz ister k\u0131\u015f mevsiminde tercih edece\u011finiz karavan modelini se\u00e7erken dikkat etmeniz noktalar:<\/p>\n<ul>\n<li>Karavanda ka\u00e7 ki\u015fi kalaca\u011f\u0131n\u0131z\u0131 netle\u015ftirmeniz gerekir.<\/li>\n<li>Karavan\u0131n uzunlu\u011fu ve geni\u015fli\u011fine \u00f6nem vermelisiniz.<\/li>\n<li>Karavan i\u00e7 dekorasyonuna muhakkak bakmal\u0131s\u0131n\u0131z. Karavan i\u00e7inde rahat hareket kabiliyeti sa\u011fl\u0131yor mu? bunu d\u00fc\u015f\u00fcnerek al\u0131m i\u015flemini ger\u00e7ekle\u015ftirebilirsiniz.<\/li>\n<li>Tuvalet ve banyo ihtiya\u00e7lar\u0131n\u0131z\u0131 kar\u015f\u0131lamas\u0131 gerekir.<\/li>\n<li>Mutfakta yemek pi\u015firebilmek i\u00e7in tezgah ve fazladan depolama alan\u0131 bulunmal\u0131d\u0131r.<\/li>\n<li>Mevsimine g\u00f6re karavan tercihinde bulunmal\u0131s\u0131n\u0131z. K\u0131\u015f\u0131n so\u011fuk havalarda koruma sa\u011flayan yaz\u0131n ise g\u00fcne\u015f \u0131\u015f\u0131n\u0131ndan daha fazla yararlanabilece\u011finiz karavan modellerini tercih edebilirsiniz.<\/li>\n<\/ul>\n","protected":false},"excerpt":{"rendered":"<p>Yaz tatilinde pansiyon ya da bir yer kiralamak yerine kendinize \u00f6zg\u00fc ve zevkinize uygun olan bir karavan kiralayabilirsiniz. Normal bir ev ortam\u0131n\u0131 sunan karavanlarla hem gezinin tad\u0131n\u0131 \u00e7\u0131kar\u0131rken hem de konaklama derdinden tamamen uzak kalacaks\u0131n\u0131z. \u0130\u015fte en iyi karavan modelleri 2025<\/p>\n","protected":false},"author":10,"featured_media":200231,"comment_status":"closed","ping_status":"closed","sticky":false,"template":"","format":"standard","meta":{"rank_math_lock_modified_date":false,"footnotes":""},"categories":[101],"tags":[26997,26996,26994,26995,26998],"class_list":["post-200220","post","type-post","status-publish","format-standard","has-post-thumbnail","hentry","category-kesfet","tag-2025-karavan-modelleri","tag-en-iyi-karavan-modelleri-2025","tag-karavan","tag-karavan-modelleri","tag-seyahet"],"_links":{"self":[{"href":"https:\/\/www.tgrthaber.com\/mavikadin\/wp-json\/wp\/v2\/posts\/200220"}],"collection":[{"href":"https:\/\/www.tgrthaber.com\/mavikadin\/wp-json\/wp\/v2\/posts"}],"about":[{"href":"https:\/\/www.tgrthaber.com\/mavikadin\/wp-json\/wp\/v2\/types\/post"}],"author":[{"embeddable":true,"href":"https:\/\/www.tgrthaber.com\/mavikadin\/wp-json\/wp\/v2\/users\/10"}],"replies":[{"embeddable":true,"href":"https:\/\/www.tgrthaber.com\/mavikadin\/wp-json\/wp\/v2\/comments?post=200220"}],"version-history":[{"count":1,"href":"https:\/\/www.tgrthaber.com\/mavikadin\/wp-json\/wp\/v2\/posts\/200220\/revisions"}],"predecessor-version":[{"id":200233,"href":"https:\/\/www.tgrthaber.com\/mavikadin\/wp-json\/wp\/v2\/posts\/200220\/revisions\/200233"}],"wp:featuredmedia":[{"embeddable":true,"href":"https:\/\/www.tgrthaber.com\/mavikadin\/wp-json\/wp\/v2\/media\/200231"}],"wp:attachment":[{"href":"https:\/\/www.tgrthaber.com\/mavikadin\/wp-json\/wp\/v2\/media?parent=200220"}],"wp:term":[{"taxonomy":"category","embeddable":true,"href":"https:\/\/www.tgrthaber.com\/mavikadin\/wp-json\/wp\/v2\/categories?post=200220"},{"taxonomy":"post_tag","embeddable":true,"href":"https:\/\/www.tgrthaber.com\/mavikadin\/wp-json\/wp\/v2\/tags?post=200220"}],"curies":[{"name":"wp","href":"https:\/\/api.w.org\/{rel}","templated":true}]}}