{"id":205545,"date":"2025-07-15T18:50:56","date_gmt":"2025-07-15T15:50:56","guid":{"rendered":"https:\/\/www.tgrthaber.com\/mavikadin\/?p=205545"},"modified":"2025-07-15T18:57:30","modified_gmt":"2025-07-15T15:57:30","slug":"ayse-tokyazin-katili-cemal-koc-bakin-kim-cikti-cemal-koc-kimdir-meslegi-ne","status":"publish","type":"post","link":"https:\/\/www.tgrthaber.com\/mavikadin\/ayse-tokyazin-katili-cemal-koc-bakin-kim-cikti-cemal-koc-kimdir-meslegi-ne\/","title":{"rendered":"Ay\u015fe Tokyaz&#8217;\u0131n katili Cemal Ko\u00e7 bak\u0131n kim \u00e7\u0131kt\u0131! Cemal Ko\u00e7 kimdir mesle\u011fi ne?"},"content":{"rendered":"<p class=\"p1\">\u0130stanbul Ey\u00fcpSultan\u2019da kan donduran bir olay ya\u015fand\u0131. 22 ya\u015f\u0131ndaki \u00fcniversite \u00f6\u011frencisi Ay\u015fe Tokyaz\u2019\u0131n cesedi bir valiz i\u00e7erisinde bulundu. <span class=\"Apple-converted-space\">\u00a0<\/span>K\u00fc\u00e7\u00fck\u00e7ekmece\u2019deki evinde Ay\u015fe Tokyaz\u2019\u0131 \u00f6ld\u00fcrerek valize koyan Cemal Ko\u00e7\u2019un kim oldu\u011fu ara\u015ft\u0131r\u0131lmaya ba\u015fland\u0131. Peki Ay\u015fe Tokyaz\u2019\u0131 \u00f6ld\u00fcren Cemal Ko\u00e7 kimdir, mesle\u011fi ne?<span class=\"Apple-converted-space\">\u00a0 <\/span>Gen\u00e7 k\u0131z\u0131n \u00f6l\u00fcm\u00fcne sebep olan katil bak\u0131n kim \u00e7\u0131kt\u0131! \u0130\u015fte detaylar\u2026<\/p>\n<h3>AY\u015eE TOKYAZ&#8217;IN KAT\u0130L\u0130 CEMAL KO\u00c7 BAKIN K\u0130M \u00c7IKTI! CEMAL KO\u00c7 K\u0130MD\u0130R MESLE\u011e\u0130 NE?<\/h3>\n<p class=\"p1\">\u0130stanbul\u2019da yine kan donduran bir olay ya\u015fand\u0131! I\u015f\u0131k \u00dcniversitesi Hem\u015firelik B\u00f6l\u00fcm\u00fc son s\u0131n\u0131f \u00f6\u011frencisi Ay\u015fe Tokyaz\u2019\u0131n cesedi valiz i\u00e7erisinde yol kenar\u0131nda bulundu. Gen\u00e7 k\u0131z, iddialara g\u00f6re sosyal medyadan tan\u0131\u015ft\u0131\u011f\u0131 eski polis Memuru Cemal Ko\u00e7 ile bir s\u00fcre ili\u015fki ya\u015fad\u0131. Polislikten ihra\u00e7 edilen 38 ya\u015f\u0131ndaki Cemal Ko\u00e7, Ay\u015fe Tokyaz\u2019\u0131n ya\u015f fark\u0131n\u0131 gerek\u00e7e g\u00f6stererek evlenmek istemedi\u011fi \u00f6ne s\u00fcr\u00fcld\u00fc.<\/p>\n<p><img loading=\"lazy\" decoding=\"async\" class=\"alignnone wp-image-205561 size-full\" src=\"https:\/\/www.tgrthaber.com\/mavikadin\/wp-content\/uploads\/Ekran-Resmi-2025-07-15-18.41.13.png\" alt=\"\" width=\"1004\" height=\"570\" title=\"\" srcset=\"https:\/\/www.tgrthaber.com\/mavikadin\/wp-content\/uploads\/Ekran-Resmi-2025-07-15-18.41.13.png 1004w, https:\/\/www.tgrthaber.com\/mavikadin\/wp-content\/uploads\/Ekran-Resmi-2025-07-15-18.41.13-300x170.png 300w, https:\/\/www.tgrthaber.com\/mavikadin\/wp-content\/uploads\/Ekran-Resmi-2025-07-15-18.41.13-768x436.png 768w\" sizes=\"(max-width: 1004px) 100vw, 1004px\" \/><\/p>\n<hr \/>\n<p class=\"p1\">\u0130ddialara g\u00f6re Cemal Ko\u00e7 22 ya\u015f\u0131ndaki Ay\u015fe Tokyaz ile evlenmek istedi ve ailesini ikna etmeye \u00e7al\u0131\u015ft\u0131. Ailesi ve Ay\u015fe Tokyaz bu talebi kabul etmeyince, Ko\u00e7 son bir kez g\u00f6r\u00fc\u015fme talebiyle Tokyaz\u2019\u0131 yaln\u0131z olarak evine \u00e7a\u011f\u0131rd\u0131. Eve giden gen\u00e7 kad\u0131n\u0131n burada al\u0131konuldu\u011fu iddia edildi. 13 Temmuz\u2019da yol kenar\u0131nda k\u0131yafetleri \u00e7\u0131kar\u0131lm\u0131\u015f bir \u015fekilde gen\u00e7 k\u0131z\u0131n cesedine ula\u015f\u0131ld\u0131.<\/p>\n<p><img loading=\"lazy\" decoding=\"async\" class=\"alignnone wp-image-205564 \" src=\"https:\/\/www.tgrthaber.com\/mavikadin\/wp-content\/uploads\/Ekran-Resmi-2025-07-15-18.40.59.png\" alt=\"\" width=\"990\" height=\"553\" title=\"\" srcset=\"https:\/\/www.tgrthaber.com\/mavikadin\/wp-content\/uploads\/Ekran-Resmi-2025-07-15-18.40.59.png 974w, https:\/\/www.tgrthaber.com\/mavikadin\/wp-content\/uploads\/Ekran-Resmi-2025-07-15-18.40.59-300x168.png 300w, https:\/\/www.tgrthaber.com\/mavikadin\/wp-content\/uploads\/Ekran-Resmi-2025-07-15-18.40.59-768x429.png 768w\" sizes=\"(max-width: 990px) 100vw, 990px\" \/><\/p>\n<hr \/>\n<p class=\"p1\">Polis ekipleri derin ara\u015ft\u0131rmalar\u0131n\u0131 s\u00fcrd\u00fcrerek kan dondurucu detaya ula\u015ft\u0131. Ay\u015fe Tokyaz\u2019\u0131n son olarak eski erkek arkada\u015f\u0131 Cemal Ko\u00e7\u2019un K\u00fc\u00e7\u00fck\u00e7ekmecede\u2019ki evine gitti\u011fi belirlendi. Tokyaz bu evde \u00f6ld\u00fcr\u00fcl\u00fcp valize konuldu. Ard\u0131ndan Ey\u00fcpSultan\u2019da yol kenar\u0131na at\u0131ld\u0131.<\/p>\n<p><img loading=\"lazy\" decoding=\"async\" class=\"alignnone wp-image-205566 \" src=\"https:\/\/www.tgrthaber.com\/mavikadin\/wp-content\/uploads\/Ekran-Resmi-2025-07-15-18.45.56.png\" alt=\"\" width=\"989\" height=\"727\" title=\"\" srcset=\"https:\/\/www.tgrthaber.com\/mavikadin\/wp-content\/uploads\/Ekran-Resmi-2025-07-15-18.45.56.png 764w, https:\/\/www.tgrthaber.com\/mavikadin\/wp-content\/uploads\/Ekran-Resmi-2025-07-15-18.45.56-300x221.png 300w\" sizes=\"(max-width: 989px) 100vw, 989px\" \/><\/p>\n<hr \/>\n<p class=\"p1\">Cemal Ko\u00e7un cesedi ba\u015fka bir ki\u015fiyle evden \u00e7\u0131kard\u0131\u011f\u0131 \u00f6\u011frenilirken, cesetten kurtulmak i\u00e7in, Cemal Ko\u00e7\u2019un 3 ki\u015fiye 50.000 TL verdi\u011fi \u00f6\u011frenildi.<span class=\"Apple-converted-space\">\u00a0 <\/span>Cesedin oldu\u011fu ara\u00e7la Ey\u00fcpsultan Mithatpa\u015fa Mahallesi&#8217;ne gelen Cemal Ko\u00e7&#8217;un valizi bir yol kenar\u0131nda ye\u015fillik alana b\u0131rakt\u0131\u011f\u0131 \u00f6\u011frenildi. Cemal Ko\u00e7&#8217;un bulu\u015fmak i\u00e7in arad\u0131\u011f\u0131 arkada\u015f\u0131 arac\u0131n yan\u0131na gelince polise haber verdi ve Cemal Ko\u00e7 orada g\u00f6zalt\u0131na al\u0131nd\u0131.<\/p>\n<p><img loading=\"lazy\" decoding=\"async\" class=\"alignnone wp-image-205565 size-large\" src=\"https:\/\/www.tgrthaber.com\/mavikadin\/wp-content\/uploads\/ayse-tokyaz-katili-cemal-koc--1024x576.png\" alt=\"\" width=\"1024\" height=\"576\" title=\"\" srcset=\"https:\/\/www.tgrthaber.com\/mavikadin\/wp-content\/uploads\/ayse-tokyaz-katili-cemal-koc--1024x576.png 1024w, https:\/\/www.tgrthaber.com\/mavikadin\/wp-content\/uploads\/ayse-tokyaz-katili-cemal-koc--300x169.png 300w, https:\/\/www.tgrthaber.com\/mavikadin\/wp-content\/uploads\/ayse-tokyaz-katili-cemal-koc--768x432.png 768w, https:\/\/www.tgrthaber.com\/mavikadin\/wp-content\/uploads\/ayse-tokyaz-katili-cemal-koc--1536x864.png 1536w, https:\/\/www.tgrthaber.com\/mavikadin\/wp-content\/uploads\/ayse-tokyaz-katili-cemal-koc-.png 1600w\" sizes=\"(max-width: 1024px) 100vw, 1024px\" \/><\/p>\n<hr \/>\n<p class=\"p1\">DHA&#8217;n\u0131n aktard\u0131\u011f\u0131na g\u00f6re;<span class=\"Apple-converted-space\">\u00a0 <\/span>Cemal Ko\u00e7&#8217;un cinayeti i\u015fledikten sonra kan lekelerinin g\u00f6r\u00fcnmemesi i\u00e7in evi gece k\u0131rm\u0131z\u0131ya boyad\u0131\u011f\u0131 \u00f6ne s\u00fcr\u00fcld\u00fc. Cesedi yol kenar\u0131na b\u0131rakt\u0131ktan sonra motosikletli bir ki\u015fiye evin anahtar\u0131n\u0131 vermi\u015f ve temizlik\u00e7iye g\u00f6ndermi\u015f. Evdeki kan lekelerini temizletmek istemi\u015f. Cemal Ko\u00e7 ve 7 ki\u015fi soru\u015fturma kapsam\u0131nda \u015fuan g\u00f6zalt\u0131nda. Cemal Ko\u00e7&#8217;un polislikten ihra\u00e7 edilmi\u015f olmas\u0131 ve 4 ayr\u0131 su\u00e7 kayd\u0131 olmas\u0131 dikkat \u00e7ekiyor.<\/p>\n","protected":false},"excerpt":{"rendered":"<p>\u0130stanbul&#8217;da kan donduran bir olay ya\u015fand\u0131. 22 ya\u015f\u0131ndaki \u00fcniversite \u00f6\u011frencisi olan Ay\u015fe Tokyaz&#8217;\u0131n cesedi bir valiz i\u00e7erisinde yol kenar\u0131nda bulundu. Tokyaz&#8217;\u0131n katili Cemal Ko\u00e7 kimdir, mesle\u011fi ne? \u0130\u015fte detaylar&#8230; <\/p>\n","protected":false},"author":16,"featured_media":205569,"comment_status":"closed","ping_status":"closed","sticky":false,"template":"","format":"standard","meta":{"rank_math_lock_modified_date":false,"footnotes":""},"categories":[491],"tags":[28242,28243,28244,3374,16521],"class_list":["post-205545","post","type-post","status-publish","format-standard","has-post-thumbnail","hentry","category-biyografi","tag-ayse-tokyaz-cinayeti","tag-ayse-tokyazi-olduren-cemal-koc-kimdir","tag-ayse-tokyazi-olduren-cemal-koc-meslegine","tag-biyografi","tag-biyografi-haberleri"],"_links":{"self":[{"href":"https:\/\/www.tgrthaber.com\/mavikadin\/wp-json\/wp\/v2\/posts\/205545"}],"collection":[{"href":"https:\/\/www.tgrthaber.com\/mavikadin\/wp-json\/wp\/v2\/posts"}],"about":[{"href":"https:\/\/www.tgrthaber.com\/mavikadin\/wp-json\/wp\/v2\/types\/post"}],"author":[{"embeddable":true,"href":"https:\/\/www.tgrthaber.com\/mavikadin\/wp-json\/wp\/v2\/users\/16"}],"replies":[{"embeddable":true,"href":"https:\/\/www.tgrthaber.com\/mavikadin\/wp-json\/wp\/v2\/comments?post=205545"}],"version-history":[{"count":2,"href":"https:\/\/www.tgrthaber.com\/mavikadin\/wp-json\/wp\/v2\/posts\/205545\/revisions"}],"predecessor-version":[{"id":205571,"href":"https:\/\/www.tgrthaber.com\/mavikadin\/wp-json\/wp\/v2\/posts\/205545\/revisions\/205571"}],"wp:featuredmedia":[{"embeddable":true,"href":"https:\/\/www.tgrthaber.com\/mavikadin\/wp-json\/wp\/v2\/media\/205569"}],"wp:attachment":[{"href":"https:\/\/www.tgrthaber.com\/mavikadin\/wp-json\/wp\/v2\/media?parent=205545"}],"wp:term":[{"taxonomy":"category","embeddable":true,"href":"https:\/\/www.tgrthaber.com\/mavikadin\/wp-json\/wp\/v2\/categories?post=205545"},{"taxonomy":"post_tag","embeddable":true,"href":"https:\/\/www.tgrthaber.com\/mavikadin\/wp-json\/wp\/v2\/tags?post=205545"}],"curies":[{"name":"wp","href":"https:\/\/api.w.org\/{rel}","templated":true}]}}