{"id":205572,"date":"2025-07-15T19:51:54","date_gmt":"2025-07-15T16:51:54","guid":{"rendered":"https:\/\/www.tgrthaber.com\/mavikadin\/?p=205572"},"modified":"2025-09-19T20:31:20","modified_gmt":"2025-09-19T17:31:20","slug":"kurulus-osmanin-yildizi-emre-bey-ayse-tatile-cikti-filminin-basrolu-oldu","status":"publish","type":"post","link":"https:\/\/www.tgrthaber.com\/mavikadin\/kurulus-osmanin-yildizi-emre-bey-ayse-tatile-cikti-filminin-basrolu-oldu\/","title":{"rendered":"Kurulu\u015f Osman&#8217;\u0131n y\u0131ld\u0131z\u0131 Emre Bey Ay\u015fe Tatile \u00c7\u0131kt\u0131 filminin ba\u015frol\u00fc oldu!"},"content":{"rendered":"<p class=\"p2\">ATV ekranlar\u0131n\u0131n sevilerek seyredilen dizisi Kurulu\u015f Osman\u2019\u0131n y\u0131ld\u0131z\u0131 Emre Bey\u2019in yeni projesi belli oldu. Birsen Altunta\u015f\u2019\u0131n haberine g\u00f6re Emre Bey, \u2018Ay\u015fe Tatile \u00c7\u0131kt\u0131\u2019 filminin ba\u015frol oyuncusu oldu.<\/p>\n<h3>KURULU\u015e OSMAN&#8217;IN YILDIZI EMRE BEY AY\u015eE TAT\u0130LE \u00c7IKTI F\u0130LM\u0130N\u0130N BA\u015eROL\u00dc OLDU<\/h3>\n<p class=\"p1\">Kurulu\u015f Osman dizisinde oynad\u0131\u011f\u0131 Orhan Bey karakteriyle dikkatleri \u00fczerine \u00e7eken Emre Bey, diziden ayr\u0131lm\u0131\u015ft\u0131. Yeni projesinin ne olaca\u011f\u0131 merak edilen yak\u0131\u015f\u0131kl\u0131 oyuncunun adresini Birsen Altunta\u015f duyurdu. Emre Bey, Ay\u015fe Tatile \u00c7\u0131kt\u0131 filminin ba\u015frol oyuncusu oldu. Dizinin \u00e7ekimlerinin K\u0131br\u0131s\u2019ta yap\u0131laca\u011f\u0131 film 1974 K\u0131br\u0131s Bar\u0131\u015f Hareket\u0131\u2019n\u0131n ya\u015fand\u0131\u011f\u0131 d\u00f6nemde ge\u00e7ecek. Emre Bey filmde Ali \u00d6\u011fretmen karakterini oynayacak.<\/p>\n<p><img loading=\"lazy\" decoding=\"async\" class=\"alignnone wp-image-205580 size-large\" src=\"https:\/\/www.tgrthaber.com\/mavikadin\/wp-content\/uploads\/Ekran-Resmi-2025-07-15-19.42.47-1024x616.png\" alt=\"\" width=\"1024\" height=\"616\" title=\"\" srcset=\"https:\/\/www.tgrthaber.com\/mavikadin\/wp-content\/uploads\/Ekran-Resmi-2025-07-15-19.42.47-1024x616.png 1024w, https:\/\/www.tgrthaber.com\/mavikadin\/wp-content\/uploads\/Ekran-Resmi-2025-07-15-19.42.47-300x180.png 300w, https:\/\/www.tgrthaber.com\/mavikadin\/wp-content\/uploads\/Ekran-Resmi-2025-07-15-19.42.47-768x462.png 768w, https:\/\/www.tgrthaber.com\/mavikadin\/wp-content\/uploads\/Ekran-Resmi-2025-07-15-19.42.47.png 1068w\" sizes=\"(max-width: 1024px) 100vw, 1024px\" \/><\/p>\n<hr \/>\n<h3>EMRE BEY K\u0130MD\u0130R?<\/h3>\n<p class=\"p1\">Emre Bey 28 May\u0131s 1997 do\u011fumludur. \u0130stanbul\u2019da d\u00fcnyaya gelen oyuncu aslen Arnavut g\u00f6\u00e7menidir. Lise e\u011fitimine devam ederken oyunculuk hayat\u0131na ba\u015flayan Emre Bey, bir anda\u00a0 ekranlar\u0131n sevilen y\u00fczleri aras\u0131na kat\u0131lm\u0131\u015ft\u0131r. Emre Bey\u2019in ekrana ilk \u00e7\u0131k\u0131\u015f\u0131 A\u015fk Zaman\u0131 isimli dizide oynad\u0131\u011f\u0131 karakterle olmu\u015ftur.<\/p>\n<p><img loading=\"lazy\" decoding=\"async\" class=\"alignnone wp-image-205581 size-full\" src=\"https:\/\/www.tgrthaber.com\/mavikadin\/wp-content\/uploads\/Ekran-Resmi-2025-07-15-19.42.51.png\" alt=\"\" width=\"986\" height=\"604\" title=\"\" srcset=\"https:\/\/www.tgrthaber.com\/mavikadin\/wp-content\/uploads\/Ekran-Resmi-2025-07-15-19.42.51.png 986w, https:\/\/www.tgrthaber.com\/mavikadin\/wp-content\/uploads\/Ekran-Resmi-2025-07-15-19.42.51-300x184.png 300w, https:\/\/www.tgrthaber.com\/mavikadin\/wp-content\/uploads\/Ekran-Resmi-2025-07-15-19.42.51-768x470.png 768w\" sizes=\"(max-width: 986px) 100vw, 986px\" \/><\/p>\n<hr \/>\n<p class=\"p1\">Bu dizide g\u00f6sterdi\u011fi ba\u015far\u0131l\u0131 oyunculuk performans\u0131 ile t\u00fcm dikkatleri \u00fczerine \u00e7ekmi\u015ftir.<span class=\"Apple-converted-space\">\u00a0 <\/span>Craft Oyunculuk Akademisi&#8217;nde e\u011fitim alan ba\u015far\u0131l\u0131 oyuncu, \u00fcniversitede Medya ve \u0130leti\u015fim B\u00f6l\u00fcm\u00fc okumu\u015f, i\u015flerin yo\u011funlu\u011fundan dolay\u0131 \u00fcniversite e\u011fitimini dondurmak zorunda kalm\u0131\u015ft\u0131r. 2017 y\u0131l\u0131nda Ad\u0131 Efsane dizisinde K\u0131van\u00e7 karakterini oynayan Emre Bey bu rol\u00fc sayesinde ad\u0131n\u0131 geni\u015f bir kesime duyurmu\u015ftur. Elimi B\u0131rakma ve Sol Yan\u0131m gibi yap\u0131mlarla televizyonda yerini sa\u011flamla\u015ft\u0131rm\u0131\u015ft\u0131r.<\/p>\n<p><img loading=\"lazy\" decoding=\"async\" class=\"alignnone wp-image-205582 size-full\" src=\"https:\/\/www.tgrthaber.com\/mavikadin\/wp-content\/uploads\/Ekran-Resmi-2025-07-15-19.43.51.png\" alt=\"\" width=\"1002\" height=\"612\" title=\"\" srcset=\"https:\/\/www.tgrthaber.com\/mavikadin\/wp-content\/uploads\/Ekran-Resmi-2025-07-15-19.43.51.png 1002w, https:\/\/www.tgrthaber.com\/mavikadin\/wp-content\/uploads\/Ekran-Resmi-2025-07-15-19.43.51-300x183.png 300w, https:\/\/www.tgrthaber.com\/mavikadin\/wp-content\/uploads\/Ekran-Resmi-2025-07-15-19.43.51-768x469.png 768w\" sizes=\"(max-width: 1002px) 100vw, 1002px\" \/><\/p>\n<hr \/>\n<p class=\"p1\">2023 y\u0131l\u0131nda ATV ekranlar\u0131n\u0131n sevilerek seyredilen dizisi Kurulu\u015f Osman\u2019da Orhan Gazi karakterini oynayan Emre Bey, buradaki oyunculu\u011fu ile kariyerinin zirvesine ula\u015fm\u0131\u015ft\u0131r. Tarihi bir yap\u0131m olan Kurulu\u015f Osman\u2019da g\u00f6sterdi\u011fi performans\u0131 sonras\u0131 oyuncunun dijital platform dizilerine y\u00f6nelmesi ve uluslararas\u0131 projelerde de yer alabilece\u011fi konu\u015fulmaktad\u0131r.<\/p>\n<h3 class=\"p1\"><b>EMRE BEY&#8217;\u0130N OYNADI\u011eI D\u0130Z\u0130LER\u00a0<\/b><b><\/b><\/h3>\n<p>2023 \u2013 Kurulu\u015f Osman (Orhan Gazi)<\/p>\n<p>2023 \u2013 Vermem Seni Ellere<\/p>\n<p>2022 \u2013 Balkan Ninnisi (Ertan)<\/p>\n<p>2022 \u2013 Son Nefesime Kadar (Ejder)<\/p>\n<p><img loading=\"lazy\" decoding=\"async\" class=\"alignnone wp-image-205583 size-large\" src=\"https:\/\/www.tgrthaber.com\/mavikadin\/wp-content\/uploads\/Ekran-Resmi-2025-07-15-19.44.44-1024x660.png\" alt=\"\" width=\"1024\" height=\"660\" title=\"\" srcset=\"https:\/\/www.tgrthaber.com\/mavikadin\/wp-content\/uploads\/Ekran-Resmi-2025-07-15-19.44.44-1024x660.png 1024w, https:\/\/www.tgrthaber.com\/mavikadin\/wp-content\/uploads\/Ekran-Resmi-2025-07-15-19.44.44-300x193.png 300w, https:\/\/www.tgrthaber.com\/mavikadin\/wp-content\/uploads\/Ekran-Resmi-2025-07-15-19.44.44-768x495.png 768w, https:\/\/www.tgrthaber.com\/mavikadin\/wp-content\/uploads\/Ekran-Resmi-2025-07-15-19.44.44.png 1042w\" sizes=\"(max-width: 1024px) 100vw, 1024px\" \/><\/p>\n<hr \/>\n<p>2021 \u2013 Menajerimi Ara (Konuk Oyuncu)<\/p>\n<p>2020-2021 \u2013 Sol Yan\u0131m (Burak)<\/p>\n<p>2018-2019 \u2013 Elimi B\u0131rakma (Arda)<\/p>\n<p>2017 \u2013 Ad\u0131 Efsane (K\u0131van\u00e7)<\/p>\n<p>2015 \u2013 A\u015fk Zaman\u0131 (Can)<b><\/b><\/p>\n","protected":false},"excerpt":{"rendered":"<p>Kurulu\u015f Osman dizisinde Orhan Bey&#8217;i oynayan Emre Bey&#8217;in yeni projesi belli oldu. Yak\u0131\u015f\u0131kl\u0131 oyuncu 1974 K\u0131br\u0131s Bar\u0131\u015f Hareket\u0131\u2019n\u0131n ya\u015fand\u0131\u011f\u0131 d\u00f6nemde ge\u00e7en Ay\u015fe Tatile \u00c7\u0131kt\u0131 filminin ba\u015frol oyuncusu oldu. <\/p>\n","protected":false},"author":16,"featured_media":205584,"comment_status":"closed","ping_status":"closed","sticky":false,"template":"","format":"standard","meta":{"rank_math_lock_modified_date":false,"footnotes":""},"categories":[602],"tags":[2628,3602,28246,28248,28247],"class_list":["post-205572","post","type-post","status-publish","format-standard","has-post-thumbnail","hentry","category-diziler","tag-dizi-haberleri","tag-diziler","tag-emre-bey-ayse-tatile-filmi-basrolde","tag-emre-bey-kimdir","tag-kurulus-osman-emre-bey-ayse-tatile-cikti-filmi-basrol"],"_links":{"self":[{"href":"https:\/\/www.tgrthaber.com\/mavikadin\/wp-json\/wp\/v2\/posts\/205572"}],"collection":[{"href":"https:\/\/www.tgrthaber.com\/mavikadin\/wp-json\/wp\/v2\/posts"}],"about":[{"href":"https:\/\/www.tgrthaber.com\/mavikadin\/wp-json\/wp\/v2\/types\/post"}],"author":[{"embeddable":true,"href":"https:\/\/www.tgrthaber.com\/mavikadin\/wp-json\/wp\/v2\/users\/16"}],"replies":[{"embeddable":true,"href":"https:\/\/www.tgrthaber.com\/mavikadin\/wp-json\/wp\/v2\/comments?post=205572"}],"version-history":[{"count":2,"href":"https:\/\/www.tgrthaber.com\/mavikadin\/wp-json\/wp\/v2\/posts\/205572\/revisions"}],"predecessor-version":[{"id":205587,"href":"https:\/\/www.tgrthaber.com\/mavikadin\/wp-json\/wp\/v2\/posts\/205572\/revisions\/205587"}],"wp:featuredmedia":[{"embeddable":true,"href":"https:\/\/www.tgrthaber.com\/mavikadin\/wp-json\/wp\/v2\/media\/205584"}],"wp:attachment":[{"href":"https:\/\/www.tgrthaber.com\/mavikadin\/wp-json\/wp\/v2\/media?parent=205572"}],"wp:term":[{"taxonomy":"category","embeddable":true,"href":"https:\/\/www.tgrthaber.com\/mavikadin\/wp-json\/wp\/v2\/categories?post=205572"},{"taxonomy":"post_tag","embeddable":true,"href":"https:\/\/www.tgrthaber.com\/mavikadin\/wp-json\/wp\/v2\/tags?post=205572"}],"curies":[{"name":"wp","href":"https:\/\/api.w.org\/{rel}","templated":true}]}}