{"id":205613,"date":"2025-07-15T21:50:53","date_gmt":"2025-07-15T18:50:53","guid":{"rendered":"https:\/\/www.tgrthaber.com\/mavikadin\/?p=205613"},"modified":"2025-07-15T21:50:53","modified_gmt":"2025-07-15T18:50:53","slug":"kizil-goncalarin-zeynepi-mina-demirtastan-surpriz-proje-yeni-rolu-sasirtti","status":"publish","type":"post","link":"https:\/\/www.tgrthaber.com\/mavikadin\/kizil-goncalarin-zeynepi-mina-demirtastan-surpriz-proje-yeni-rolu-sasirtti\/","title":{"rendered":"K\u0131z\u0131l Goncalar&#8217;\u0131n Zeynep&#8217;i Mina Demirta\u015f&#8217;tan s\u00fcrpriz proje! Yeni rol\u00fc \u015fa\u015f\u0131rtt\u0131"},"content":{"rendered":"<p>\u0130ki sezon K\u0131z\u0131l Goncalar&#8217;\u0131n Zeynep&#8217;i olan Mina Demirta\u015f, s\u00fcrpriz bir geli\u015fmeyle g\u00fcndeme geldi. Gazeteci Birsen Altunta\u015f&#8217;\u0131n haberine g\u00f6re, gen ya\u015f\u0131na ra\u011fmen oyunculu\u011fyla takdir toplayan Demirta\u015f, \u015fimdi de G\u00fczelk\u00f6y dizisi i\u00e7in kollar\u0131 s\u0131v\u0131yor. Edinilen bilgilere g\u00f6re, g\u00fczel oyuncu Mina Demirta\u015f hen\u00fcz imzalar at\u0131lmasa bile, NTC Medya&#8217;n\u0131n oyuncu se\u00e7imlerinde \u00f6ne \u00e7\u0131kan isimler aras\u0131nda yer al\u0131yor. Yani G\u00fczelk\u00f6y i\u00e7in gen\u00e7 isimle g\u00f6r\u00fc\u015fmeler h\u0131z kazanm\u0131\u015f durumda. Detaylar haberimizde&#8230;<\/p>\n<h3>KIZIL GONCALAR&#8217;IN ZEYNEP&#8217;\u0130 M\u0130NA DEM\u0130RTA\u015e&#8217;TAN S\u00dcRPR\u0130Z PROJE! YEN\u0130 ROL\u00dc \u015eA\u015eIRTTI<\/h3>\n<p>K\u0131z\u0131l Goncalar Zeynep rol\u00fcyle haf\u0131zalarda yer eden gen\u00e7 oyuncu Mina Demirta\u015f, NTC Medya imzas\u0131 ta\u015f\u0131yan G\u00fczelk\u00f6y adl\u0131 yeni diziyle g\u00fcndemde. Gen\u00e7 ismin diziyle ciddi g\u00f6r\u00fc\u015fmeler yapt\u0131\u011f\u0131 ve se\u00e7meler s\u00fcrerken o rol i\u00e7in d\u00fc\u015f\u00fcn\u00fclen ilk isim oldu\u011fu \u00f6\u011frenildi.<\/p>\n<p><img loading=\"lazy\" decoding=\"async\" class=\"alignnone wp-image-205617\" src=\"https:\/\/www.tgrthaber.com\/mavikadin\/wp-content\/uploads\/677286637bc14285-300x169.webp\" alt=\"\" width=\"1208\" height=\"680\" title=\"\" srcset=\"https:\/\/www.tgrthaber.com\/mavikadin\/wp-content\/uploads\/677286637bc14285-300x169.webp 300w, https:\/\/www.tgrthaber.com\/mavikadin\/wp-content\/uploads\/677286637bc14285-1024x576.webp 1024w, https:\/\/www.tgrthaber.com\/mavikadin\/wp-content\/uploads\/677286637bc14285-768x432.webp 768w, https:\/\/www.tgrthaber.com\/mavikadin\/wp-content\/uploads\/677286637bc14285.webp 1200w\" sizes=\"(max-width: 1208px) 100vw, 1208px\" \/><\/p>\n<hr \/>\n<p>G\u00f6r\u00fc\u015fmelerde anla\u015fma sa\u011fland\u0131\u011f\u0131 takdirde, Mina Demirta\u015f&#8217;\u0131n oynayaca\u011f\u0131 rol de \u015fimdiden merak uyand\u0131rd\u0131. Gen\u00e7 oyuncunun, dizideki \u015eahika ve G\u00fcney&#8217;in k\u0131z\u0131 olan Ada&#8217;y\u0131 oynayaca\u011f\u0131 konu\u015fulanlar aras\u0131nda yer al\u0131yor.<\/p>\n<p><img loading=\"lazy\" decoding=\"async\" class=\"alignnone wp-image-205619\" src=\"https:\/\/www.tgrthaber.com\/mavikadin\/wp-content\/uploads\/taIHU_1708933102_4435-300x169.webp\" alt=\"\" width=\"1208\" height=\"680\" title=\"\" srcset=\"https:\/\/www.tgrthaber.com\/mavikadin\/wp-content\/uploads\/taIHU_1708933102_4435-300x169.webp 300w, https:\/\/www.tgrthaber.com\/mavikadin\/wp-content\/uploads\/taIHU_1708933102_4435-1024x576.webp 1024w, https:\/\/www.tgrthaber.com\/mavikadin\/wp-content\/uploads\/taIHU_1708933102_4435-768x432.webp 768w, https:\/\/www.tgrthaber.com\/mavikadin\/wp-content\/uploads\/taIHU_1708933102_4435.webp 1280w\" sizes=\"(max-width: 1208px) 100vw, 1208px\" \/><\/p>\n<hr \/>\n<h3>G\u00dcZELK\u00d6Y D\u0130Z\u0130S\u0130 KONUSUYLA \u015e\u0130MD\u0130DEN MERAK UYANDIRDI<\/h3>\n<p>Herkesin \u00f6erakla bekledi\u011fi G\u00fczelk\u00f6y dizisi 4 kad\u0131n\u0131n ilgin\u00e7 hikayesini anlatacak. Ekipte Bur\u00e7in Terzio\u011flu Leman rol\u00fcnde, G\u00f6k\u00e7e Ey\u00fcbo\u011flu da Suzi rol\u00fcnde izleyici kar\u015f\u0131s\u0131na \u00e7\u0131kacak. \u0130simleri ge\u00e7en \u015eahika ve Mine rollerinde kimi g\u00f6rece\u011fimiz ise \u015fu an i\u00e7in netle\u015fmedi. Semih Ba\u011fc\u0131 y\u00f6netmen koltu\u011funda yer al\u0131yor ve dizinin \u00e7ekimlerine de yak\u0131n zamanda ba\u015flanmas\u0131 bekleniyor. Mina Demirta\u015f&#8217;\u0131n teklifi kabul edip etmeyece\u011fi ise merak konusu.<\/p>\n<p><img loading=\"lazy\" decoding=\"async\" class=\"alignnone wp-image-205621\" src=\"https:\/\/www.tgrthaber.com\/mavikadin\/wp-content\/uploads\/i-5-8-300x169.webp\" alt=\"\" width=\"1208\" height=\"680\" title=\"\" srcset=\"https:\/\/www.tgrthaber.com\/mavikadin\/wp-content\/uploads\/i-5-8-300x169.webp 300w, https:\/\/www.tgrthaber.com\/mavikadin\/wp-content\/uploads\/i-5-8.webp 480w\" sizes=\"(max-width: 1208px) 100vw, 1208px\" \/><\/p>\n<hr \/>\n<h3>M\u0130NA DEM\u0130RTA\u015e K\u0130MD\u0130R KA\u00c7 YA\u015eINDA?<\/h3>\n<p>Gen\u00e7 oyuncu Mina Demita\u015f \u0130stanbul&#8217;da 2008 y\u0131l\u0131nda do\u011fdu. Oyunculu\u011fa ilk olarak Akif filmiyle ba\u015flayan isim, 2022 y\u0131l\u0131 projelerinden Kabahat ile b\u00fcy\u00fck \u00e7\u0131k\u0131\u015f yakalad\u0131. Hatta bu performans\u0131yla Adana Alt\u0131n Koza Film Festivali&#8217;nde &#8216;T\u00fcrkan \u015eoray Umut Veren Kad\u0131n Oyuncu&#8217; \u00f6d\u00fcl\u00fcn\u00fc kazand\u0131.<\/p>\n<p>Beraber adl\u0131 yap\u0131mda da ba\u015far\u0131l\u0131 performans g\u00f6steren Demirta\u015f, son olarak K\u0131z\u0131l Goncalar dizisinde oynad\u0131\u011f\u0131 Zeynep rol\u00fcyle milyonlar\u0131n be\u011fenisini kazand\u0131. Mina Demirta\u015f, \u015fimdi NTC Medya imzal\u0131 G\u00fczelk\u00f6y i\u00e7in d\u00fc\u015f\u00fcn\u00fcl\u00fcyor.<\/p>\n","protected":false},"excerpt":{"rendered":"<p>K\u0131z\u0131l Goncalar dizisinde oynad\u0131\u011f\u0131 Zeynep rol\u00fcyle milyonlar\u0131 kendine hayran b\u0131rakan Mina Demirta\u015f, yepyeni bir projeyle ekranlara \u00e7\u0131kmaya haz\u0131rlan\u0131yor. \u0130ki sezon boyunca s\u00fcren ba\u015far\u0131l\u0131 performans\u0131n\u0131n ard\u0131ndan izleyiciyle bulu\u015facak olan Demirta\u015f&#8217;\u0131n yeni rol\u00fc ise \u015fa\u015f\u0131rtt\u0131. \u0130\u015fte detaylar&#8230;<\/p>\n","protected":false},"author":35,"featured_media":205614,"comment_status":"closed","ping_status":"closed","sticky":false,"template":"","format":"standard","meta":{"rank_math_lock_modified_date":false,"footnotes":""},"categories":[602],"tags":[3602,28256,5762,2863,13844],"class_list":["post-205613","post","type-post","status-publish","format-standard","has-post-thumbnail","hentry","category-diziler","tag-diziler","tag-guzelkoy-dizisi","tag-kizil-goncalar-zeynep","tag-mina-demirtas","tag-mina-demirtas-kimdir"],"_links":{"self":[{"href":"https:\/\/www.tgrthaber.com\/mavikadin\/wp-json\/wp\/v2\/posts\/205613"}],"collection":[{"href":"https:\/\/www.tgrthaber.com\/mavikadin\/wp-json\/wp\/v2\/posts"}],"about":[{"href":"https:\/\/www.tgrthaber.com\/mavikadin\/wp-json\/wp\/v2\/types\/post"}],"author":[{"embeddable":true,"href":"https:\/\/www.tgrthaber.com\/mavikadin\/wp-json\/wp\/v2\/users\/35"}],"replies":[{"embeddable":true,"href":"https:\/\/www.tgrthaber.com\/mavikadin\/wp-json\/wp\/v2\/comments?post=205613"}],"version-history":[{"count":2,"href":"https:\/\/www.tgrthaber.com\/mavikadin\/wp-json\/wp\/v2\/posts\/205613\/revisions"}],"predecessor-version":[{"id":205624,"href":"https:\/\/www.tgrthaber.com\/mavikadin\/wp-json\/wp\/v2\/posts\/205613\/revisions\/205624"}],"wp:featuredmedia":[{"embeddable":true,"href":"https:\/\/www.tgrthaber.com\/mavikadin\/wp-json\/wp\/v2\/media\/205614"}],"wp:attachment":[{"href":"https:\/\/www.tgrthaber.com\/mavikadin\/wp-json\/wp\/v2\/media?parent=205613"}],"wp:term":[{"taxonomy":"category","embeddable":true,"href":"https:\/\/www.tgrthaber.com\/mavikadin\/wp-json\/wp\/v2\/categories?post=205613"},{"taxonomy":"post_tag","embeddable":true,"href":"https:\/\/www.tgrthaber.com\/mavikadin\/wp-json\/wp\/v2\/tags?post=205613"}],"curies":[{"name":"wp","href":"https:\/\/api.w.org\/{rel}","templated":true}]}}