{"id":205638,"date":"2025-07-16T00:20:57","date_gmt":"2025-07-15T21:20:57","guid":{"rendered":"https:\/\/www.tgrthaber.com\/mavikadin\/?p=205638"},"modified":"2025-07-16T00:20:57","modified_gmt":"2025-07-15T21:20:57","slug":"masterchef-ana-kadroya-giren-5-yarismaci-hilal-agca-kimdir-kac-yasinda-ne-is-yapiyor","status":"publish","type":"post","link":"https:\/\/www.tgrthaber.com\/mavikadin\/masterchef-ana-kadroya-giren-5-yarismaci-hilal-agca-kimdir-kac-yasinda-ne-is-yapiyor\/","title":{"rendered":"MasterChef ana kadroya giren 5. yar\u0131\u015fmac\u0131 Hilal A\u011fca kimdir ka\u00e7 ya\u015f\u0131nda ne i\u015f yap\u0131yor?"},"content":{"rendered":"<p>TV8 ekranlar\u0131n\u0131n sevilerek seyredilen yar\u0131\u015fma program\u0131 MasterChef T\u00fcrkiye&#8217;de bu ak\u015fam ana kadronun 5. ve son ismi a\u00e7\u0131kland\u0131. \u015eeflerin verdi\u011fi taba\u011f\u0131 en g\u00fczel \u015fekilde yapan ve ana kadroya girmeye hak kazanan Hilal A\u011fca,\u00a0 MasterChef&#8217;in bu grup i\u00e7erisinde ana kadroya giren son ismi oldu. Hilal A\u011fca&#8217;n\u0131n 5. yar\u0131\u015fmac\u0131 olmas\u0131yla birlikte hayat\u0131 da merak edildi. Peki Hilal A\u011fca kimdir, ka\u00e7 ya\u015f\u0131nda? Aslen nereli, ne i\u015f yap\u0131yor? \u0130\u015fte Hilal A\u011fca&#8217;n\u0131n hayat\u0131na dair t\u00fcm merak edilenler&#8230;<\/p>\n<h3>MASTERCHEF ANA KADRO HEYECANINDA SON DURAK!<\/h3>\n<p>Ekranlar\u0131n sevilerek seyredilen yemek yar\u0131\u015fmas\u0131 program\u0131 MasterChef T\u00fcrkiye yeni sezonu bomba gibi ilerliyor. \u00dc\u00e7l\u00fc d\u00fcellolar\u0131n bitti\u011fi yar\u0131\u015fmada \u015fimdi ana kadro heyecan\u0131 ya\u015fan\u0131yor. Danillo Zanna, Mehmet Yal\u00e7\u0131nkaya ve Somer Sivrio\u011flu&#8217;nun j\u00fcri \u00fcyeli\u011fini yapt\u0131\u011f\u0131 programda yar\u0131\u015fmac\u0131lar her ak\u015fam birbirinden lezzetli yemekler haz\u0131rlayarak ana kadroya girmek i\u00e7in sava\u015f\u0131yor.<\/p>\n<p><img loading=\"lazy\" decoding=\"async\" class=\"alignnone wp-image-205642 \" src=\"https:\/\/www.tgrthaber.com\/mavikadin\/wp-content\/uploads\/Ekran-Resmi-2025-07-15-22.16.09.png\" alt=\"\" width=\"988\" height=\"732\" title=\"\" srcset=\"https:\/\/www.tgrthaber.com\/mavikadin\/wp-content\/uploads\/Ekran-Resmi-2025-07-15-22.16.09.png 956w, https:\/\/www.tgrthaber.com\/mavikadin\/wp-content\/uploads\/Ekran-Resmi-2025-07-15-22.16.09-300x222.png 300w, https:\/\/www.tgrthaber.com\/mavikadin\/wp-content\/uploads\/Ekran-Resmi-2025-07-15-22.16.09-768x569.png 768w\" sizes=\"(max-width: 988px) 100vw, 988px\" \/><\/p>\n<hr \/>\n<p>Yar\u0131\u015fmada sadece lezzetli yemekler yapabilme \u00f6nem ta\u015f\u0131m\u0131yor. Bask\u0131 alt\u0131nda \u00e7al\u0131\u015fabilme, teknik beceri ve el lezzetinin \u00f6nem ta\u015f\u0131d\u0131\u011f\u0131 formatta ana kadro yava\u015f yava\u015f olu\u015fmaya ba\u015flad\u0131. 1.2.3.4. ismin a\u00e7\u0131kland\u0131\u011f\u0131 programda g\u00f6zler \u015fimdi grubun 5. yar\u0131\u015fmac\u0131s\u0131na \u00e7evrildi. Hilal A\u011fca&#8217; n\u0131n ana kadroya giren 5. yar\u0131\u015fmac\u0131 olarak a\u00e7\u0131klanmas\u0131n\u0131n ard\u0131ndan hayat\u0131 merak konusu oldu.<\/p>\n<h3>MASTERCHEF ANA KADRO 5. YARI\u015eMACISI &#8230; K\u0130MD\u0130R KA\u00c7 YA\u015eINDA ASLEN NEREL\u0130 NE \u0130\u015e YAPIYOR?<\/h3>\n<p class=\"p1\">Hilal A\u011fca 24 ya\u015f\u0131ndad\u0131r. \u0130stanbul\u2019da ya\u015fayan Hilal daha 14 ya\u015f\u0131ndayken mutfa\u011fa ad\u0131m atm\u0131\u015ft\u0131r. K\u00fc\u00e7\u00fck ya\u015flardan itibaren sekt\u00f6rde aktif olarak \u00e7al\u0131\u015fan yar\u0131\u015fmac\u0131 7 y\u0131ld\u0131r profesyonel olarak yemek yapmaktad\u0131r. A\u011fca, 3 y\u0131ld\u0131r bir restoranda sushi \u015fefi olarak \u00e7al\u0131\u015fmaktad\u0131r. Akdeniz, Asya, \u0130talyan ve Japon mutfa\u011f\u0131 \u00fczerine deneyim kazanan yar\u0131\u015fmac\u0131, ana kadroya giren 5.ve son isim olarak dikkat \u00e7ekmi\u015ftir.<\/p>\n<h3 class=\"p1\">MASTERCHEF ANA KADROYA G\u0130REN 1. \u0130S\u0130M K\u0130M OLDU?<\/h3>\n<p class=\"p1\">MasterChef ana kadroya giren 1. isim Furkan Kahraman olmu\u015ftu. Kahraman, \u015feflerin verdi\u011fi duvakl\u0131 pilav\u0131 en g\u00fczel \u015fekilde haz\u0131rlayarak ana kadroya girmeye hak kazanan 1. yar\u0131\u015fmac\u0131 olmu\u015ftu. Aslen Konyal\u0131 olan Kahraman, do\u011fma b\u00fcy\u00fcme Ankaral\u0131d\u0131r.<\/p>\n<p><img loading=\"lazy\" decoding=\"async\" class=\"alignnone wp-image-205643 \" src=\"https:\/\/www.tgrthaber.com\/mavikadin\/wp-content\/uploads\/Ekran-Resmi-2025-07-15-22.39.03.png\" alt=\"\" width=\"995\" height=\"647\" title=\"\" srcset=\"https:\/\/www.tgrthaber.com\/mavikadin\/wp-content\/uploads\/Ekran-Resmi-2025-07-15-22.39.03.png 938w, https:\/\/www.tgrthaber.com\/mavikadin\/wp-content\/uploads\/Ekran-Resmi-2025-07-15-22.39.03-300x195.png 300w, https:\/\/www.tgrthaber.com\/mavikadin\/wp-content\/uploads\/Ekran-Resmi-2025-07-15-22.39.03-768x499.png 768w\" sizes=\"(max-width: 995px) 100vw, 995px\" \/><\/p>\n<hr \/>\n<h3>MASTERCHEF ANA KADROYA G\u0130REN 2. \u0130S\u0130M K\u0130M OLDU?<\/h3>\n<p>MasterChef ana kadroya giren 2. isim Eyl\u00fcl Azra Soysal oldu. Eyl\u00fcl Azra Sosyal MasterChef\u2019e Mersin\u2019den kat\u0131lmaktad\u0131r. Aslen Konyal\u0131 olan isim 8 y\u0131ld\u0131r a\u015f\u00e7\u0131 olarak \u00e7al\u0131\u015f\u0131yor. Eyl\u00fcl 27 ya\u015f\u0131ndad\u0131r.<\/p>\n<p><img loading=\"lazy\" decoding=\"async\" class=\"alignnone wp-image-205644 size-full\" src=\"https:\/\/www.tgrthaber.com\/mavikadin\/wp-content\/uploads\/Ekran-Resmi-2025-07-15-22.40.03.png\" alt=\"\" width=\"992\" height=\"568\" title=\"\" srcset=\"https:\/\/www.tgrthaber.com\/mavikadin\/wp-content\/uploads\/Ekran-Resmi-2025-07-15-22.40.03.png 992w, https:\/\/www.tgrthaber.com\/mavikadin\/wp-content\/uploads\/Ekran-Resmi-2025-07-15-22.40.03-300x172.png 300w, https:\/\/www.tgrthaber.com\/mavikadin\/wp-content\/uploads\/Ekran-Resmi-2025-07-15-22.40.03-768x440.png 768w\" sizes=\"(max-width: 992px) 100vw, 992px\" \/><\/p>\n<hr \/>\n<h3>MASTERCHEF ANA KADROYA KATILAN 3. \u0130S\u0130M K\u0130M OLDU?<\/h3>\n<p>MasterChef ana kadroya kat\u0131lan 3. isim \u00c7a\u011fatay oldu. \u00c7a\u011fatay Do\u011fanay Private Chef olarak \u00e7al\u0131\u015f\u0131yor. Afrika\u2019da madende a\u015f\u00e7\u0131l\u0131k yapm\u0131\u015f bir isimdir.<\/p>\n<p><img loading=\"lazy\" decoding=\"async\" class=\"alignnone wp-image-205645 \" src=\"https:\/\/www.tgrthaber.com\/mavikadin\/wp-content\/uploads\/Ekran-Resmi-2025-07-15-22.40.47.png\" alt=\"\" width=\"983\" height=\"606\" title=\"\" srcset=\"https:\/\/www.tgrthaber.com\/mavikadin\/wp-content\/uploads\/Ekran-Resmi-2025-07-15-22.40.47.png 964w, https:\/\/www.tgrthaber.com\/mavikadin\/wp-content\/uploads\/Ekran-Resmi-2025-07-15-22.40.47-300x185.png 300w, https:\/\/www.tgrthaber.com\/mavikadin\/wp-content\/uploads\/Ekran-Resmi-2025-07-15-22.40.47-768x473.png 768w\" sizes=\"(max-width: 983px) 100vw, 983px\" \/><\/p>\n<hr \/>\n<h3>MASTERCHEF ANA KADROYA KATILAN 4. \u0130S\u0130M K\u0130M OLDU?<\/h3>\n<p>MasterChef ana kadroya kat\u0131lan 4. isim Onur Dikba\u015f olmu\u015ftur. Onur, \u00e7ikolatal\u0131 ek taba\u011f\u0131 ile \u015fefleri etkilemi\u015f ve MasterChef tarihinde en g\u00fczel ekleri yapan ki\u015fi \u00fcnvan\u0131n\u0131 kazanm\u0131\u015ft\u0131r.<\/p>\n<p>&nbsp;<\/p>\n<p>&nbsp;<\/p>\n","protected":false},"excerpt":{"rendered":"<p>MasterChef ana kadroya giren 5. yar\u0131\u015fmac\u0131 Hilal A\u011fca&#8217;n\u0131n hayat\u0131 merak edilip ara\u015ft\u0131r\u0131lmaya ba\u015fland\u0131. Peki MasterChef&#8217;te ana kadroya giren 5. ve son yar\u0131\u015fmac\u0131 Hilal A\u011fca kimdir, ka\u00e7 ya\u015f\u0131nda, aslen nereli? \u0130\u015fte merak edilen sorular\u0131n cevaplar\u0131&#8230; <\/p>\n","protected":false},"author":16,"featured_media":205689,"comment_status":"closed","ping_status":"closed","sticky":false,"template":"","format":"standard","meta":{"rank_math_lock_modified_date":false,"footnotes":""},"categories":[491],"tags":[3374,16521,28277,28276,28278],"class_list":["post-205638","post","type-post","status-publish","format-standard","has-post-thumbnail","hentry","category-biyografi","tag-biyografi","tag-biyografi-haberleri","tag-masterchef-ana-kadroya-giren-5-yarismaci-hilal-agca-kac-yasinda","tag-masterchef-ana-kadroya-giren-5-yarismaci-hilal-agca-kimdir","tag-masterchef-ana-kadroya-giren-5-yarismaci-hilal-agca-ne-is-yapiyor"],"_links":{"self":[{"href":"https:\/\/www.tgrthaber.com\/mavikadin\/wp-json\/wp\/v2\/posts\/205638"}],"collection":[{"href":"https:\/\/www.tgrthaber.com\/mavikadin\/wp-json\/wp\/v2\/posts"}],"about":[{"href":"https:\/\/www.tgrthaber.com\/mavikadin\/wp-json\/wp\/v2\/types\/post"}],"author":[{"embeddable":true,"href":"https:\/\/www.tgrthaber.com\/mavikadin\/wp-json\/wp\/v2\/users\/16"}],"replies":[{"embeddable":true,"href":"https:\/\/www.tgrthaber.com\/mavikadin\/wp-json\/wp\/v2\/comments?post=205638"}],"version-history":[{"count":1,"href":"https:\/\/www.tgrthaber.com\/mavikadin\/wp-json\/wp\/v2\/posts\/205638\/revisions"}],"predecessor-version":[{"id":205690,"href":"https:\/\/www.tgrthaber.com\/mavikadin\/wp-json\/wp\/v2\/posts\/205638\/revisions\/205690"}],"wp:featuredmedia":[{"embeddable":true,"href":"https:\/\/www.tgrthaber.com\/mavikadin\/wp-json\/wp\/v2\/media\/205689"}],"wp:attachment":[{"href":"https:\/\/www.tgrthaber.com\/mavikadin\/wp-json\/wp\/v2\/media?parent=205638"}],"wp:term":[{"taxonomy":"category","embeddable":true,"href":"https:\/\/www.tgrthaber.com\/mavikadin\/wp-json\/wp\/v2\/categories?post=205638"},{"taxonomy":"post_tag","embeddable":true,"href":"https:\/\/www.tgrthaber.com\/mavikadin\/wp-json\/wp\/v2\/tags?post=205638"}],"curies":[{"name":"wp","href":"https:\/\/api.w.org\/{rel}","templated":true}]}}