{"id":205675,"date":"2025-07-16T00:31:06","date_gmt":"2025-07-15T21:31:06","guid":{"rendered":"https:\/\/www.tgrthaber.com\/mavikadin\/?p=205675"},"modified":"2025-07-16T00:31:07","modified_gmt":"2025-07-15T21:31:07","slug":"fenomen-dilan-polatin-yardimcisi-sule-hakkinda-sok-karar-10-gun-sure-verildi","status":"publish","type":"post","link":"https:\/\/www.tgrthaber.com\/mavikadin\/fenomen-dilan-polatin-yardimcisi-sule-hakkinda-sok-karar-10-gun-sure-verildi\/","title":{"rendered":"Fenomen Dilan Polat&#8217;\u0131n yard\u0131mc\u0131s\u0131 \u015eule hakk\u0131nda \u015fok karar! 10 g\u00fcn s\u00fcre verildi"},"content":{"rendered":"<p>Dilan Polat&#8217;\u0131n uzun s\u00fcre yan\u0131nda olan yard\u0131mc\u0131s\u0131 \u015eule evin aile \u00fcyelerinden biri olarak biliniyor. \u015eu g\u00fcne kadar ad\u0131 bir\u00e7ok olayda ge\u00e7en \u015eule hakk\u0131nda ya\u015fanan son dakika geli\u015fmesi g\u00fcndeme bomba gibi d\u00fc\u015ft\u00fc. \u0130ddialara g\u00f6re, Dilan Polat&#8217;\u0131n yard\u0131mc\u0131s\u0131 \u015eule, yabanc\u0131lar \u015fubesine yap\u0131lan bir \u015fikayet sonras\u0131, T\u00fcrkiye&#8217;den \u00e7\u0131kar\u0131lma tehlikesiyle kar\u015f\u0131 kar\u015f\u0131ya. Sosyal medyadan payla\u015f\u0131lan g\u00f6r\u00fcnt\u00fclere g\u00f6re, T\u00fcrkiye&#8217;de kalma konusunda daha \u00f6ncede s\u0131k\u0131nt\u0131lar ya\u015fayan \u015eule&#8217;nin ba\u015fvurusu reddedildi. Merak edilen detaylar haberimizde&#8230;<\/p>\n<h3>FENOMEN D\u0130LAN POLAT&#8217;IN YANINDAK\u0130 \u0130SME \u015eOK KARAR! 10 G\u00dcN S\u00dcRE VER\u0130LD\u0130<\/h3>\n<p>Fenomen Dilan Polat&#8217;\u0131n her daim yan\u0131nda olan yard\u0131mc\u0131s\u0131 \u015eule hakk\u0131nda ortaya at\u0131lan iddialar, sosyal medyan\u0131n merkezine oturdu. Dilan Polat&#8217;\u0131n yard\u0131mc\u0131s\u0131 \u015eule,&#8217;nin 10 g\u00fcn i\u00e7erisinde T\u00fcrkiye&#8217;yi terketmesi gerekebilir. Bu karar\u0131n ard\u0131ndan ise Dilan Polat sosyal medyada g\u00f6zya\u015flar\u0131na bo\u011fuldu.<\/p>\n<p><img loading=\"lazy\" decoding=\"async\" class=\"alignnone wp-image-205698\" src=\"https:\/\/www.tgrthaber.com\/mavikadin\/wp-content\/uploads\/1200x627-son-dakika-dilan-polatin-yardimcisi-suleden-aciklama-geldi-altinlar-verilirken-buradaydim-simdi-de-1699189735478-300x157.webp\" alt=\"\" width=\"1208\" height=\"631\" title=\"\" srcset=\"https:\/\/www.tgrthaber.com\/mavikadin\/wp-content\/uploads\/1200x627-son-dakika-dilan-polatin-yardimcisi-suleden-aciklama-geldi-altinlar-verilirken-buradaydim-simdi-de-1699189735478-300x157.webp 300w, https:\/\/www.tgrthaber.com\/mavikadin\/wp-content\/uploads\/1200x627-son-dakika-dilan-polatin-yardimcisi-suleden-aciklama-geldi-altinlar-verilirken-buradaydim-simdi-de-1699189735478-1024x535.webp 1024w, https:\/\/www.tgrthaber.com\/mavikadin\/wp-content\/uploads\/1200x627-son-dakika-dilan-polatin-yardimcisi-suleden-aciklama-geldi-altinlar-verilirken-buradaydim-simdi-de-1699189735478-768x401.webp 768w, https:\/\/www.tgrthaber.com\/mavikadin\/wp-content\/uploads\/1200x627-son-dakika-dilan-polatin-yardimcisi-suleden-aciklama-geldi-altinlar-verilirken-buradaydim-simdi-de-1699189735478.webp 1200w\" sizes=\"(max-width: 1208px) 100vw, 1208px\" \/><\/p>\n<hr \/>\n<p>\u0130ddiaya g\u00f6re kimli\u011fi belli olmayan biri taraf\u0131ndan \u015eule hakk\u0131nda yap\u0131lan \u015fikayet sonras\u0131, Dilan Polat&#8217;\u0131n yard\u0131mc\u0131s\u0131 \u015eule&#8217;nin ba\u015fvurusu Yabanc\u0131lar \u015eubesi taraf\u0131ndan incelenmeye al\u0131narak, reddedildi.\u00a0 \u015euleye yap\u0131ln tebligatta 10 g\u00fcnl\u00fck s\u00fcre verildi. Bu s\u00fcre dolduktan sonra da \u00fclkeyi terk etmesi gerekti\u011fi bildirildi. Karar sonras\u0131 Polat ailesi tam bir y\u0131k\u0131m ya\u015farken, Dilan Polat sosyal medya hesab\u0131ndan durumu anlatarak, yard\u0131mc\u0131s\u0131 \u015eule ile birlikte g\u00f6zya\u015flar\u0131na hakim olamad\u0131.<\/p>\n<p><img loading=\"lazy\" decoding=\"async\" class=\"alignnone wp-image-205700\" src=\"https:\/\/www.tgrthaber.com\/mavikadin\/wp-content\/uploads\/Adsiz-tasarim-7-35-300x169.png\" alt=\"\" width=\"1208\" height=\"680\" title=\"\" srcset=\"https:\/\/www.tgrthaber.com\/mavikadin\/wp-content\/uploads\/Adsiz-tasarim-7-35-300x169.png 300w, https:\/\/www.tgrthaber.com\/mavikadin\/wp-content\/uploads\/Adsiz-tasarim-7-35-1024x576.png 1024w, https:\/\/www.tgrthaber.com\/mavikadin\/wp-content\/uploads\/Adsiz-tasarim-7-35-768x432.png 768w, https:\/\/www.tgrthaber.com\/mavikadin\/wp-content\/uploads\/Adsiz-tasarim-7-35-1536x864.png 1536w, https:\/\/www.tgrthaber.com\/mavikadin\/wp-content\/uploads\/Adsiz-tasarim-7-35.png 1920w\" sizes=\"(max-width: 1208px) 100vw, 1208px\" \/><\/p>\n<hr \/>\n<h3>SOSYAL MEDYADA PAYLA\u015eIM V\u0130RAL OLDU<\/h3>\n<p>Ya\u015fanan son geli\u015fmelerden haberdar olan Dilan Polat, \u00e7ekti\u011fi videoda yard\u0131mc\u0131s\u0131 \u015eule&#8217;ye sar\u0131larak \u00fcz\u00fcnt\u00fcs\u00fcn\u00fc dile getirdi. \u0130ki ismin de birbirlerine sar\u0131larak a\u011flamas\u0131 sosyal medya kullan\u0131c\u0131lar\u0131 aras\u0131nda &#8216;Acaba ger\u00e7ekten s\u0131n\u0131r d\u0131\u015f\u0131 m\u0131 edildi?&#8217; &#8216;Dilan Polat \u015eulesiz yapamaz&#8221; gibi yorumlar\u0131n gelmesine neden oldu.<\/p>\n<p><img loading=\"lazy\" decoding=\"async\" class=\"alignnone wp-image-205704\" src=\"https:\/\/www.tgrthaber.com\/mavikadin\/wp-content\/uploads\/s-88282aa02d1809dcac29d4f1cd8378980b9b56f6-300x169.jpg\" alt=\"\" width=\"1208\" height=\"680\" title=\"\" srcset=\"https:\/\/www.tgrthaber.com\/mavikadin\/wp-content\/uploads\/s-88282aa02d1809dcac29d4f1cd8378980b9b56f6-300x169.jpg 300w, https:\/\/www.tgrthaber.com\/mavikadin\/wp-content\/uploads\/s-88282aa02d1809dcac29d4f1cd8378980b9b56f6-1024x576.jpg 1024w, https:\/\/www.tgrthaber.com\/mavikadin\/wp-content\/uploads\/s-88282aa02d1809dcac29d4f1cd8378980b9b56f6-768x432.jpg 768w, https:\/\/www.tgrthaber.com\/mavikadin\/wp-content\/uploads\/s-88282aa02d1809dcac29d4f1cd8378980b9b56f6.jpg 1200w\" sizes=\"(max-width: 1208px) 100vw, 1208px\" \/><\/p>\n<hr \/>\n<h3>HEN\u00dcZ RESM\u0130 B\u0130R A\u00c7IKLAMA YOK<\/h3>\n<p>T\u00fcm bu geli\u015fmeler sosyal medyada k\u0131sa s\u00fcre de yankl\u0131 bulmas\u0131na ra\u011fmen, hen\u00fcz resmi makamlardan bir a\u00e7\u0131klama gelmedi\u011fi biliniyor. S\u00fcrecin nas\u0131l ilerleyece\u011fi, ve hukuki ad\u0131mlar\u0131n ba\u015flan\u0131l\u0131p ba\u015flan\u0131lmayaca\u011f\u0131 merak konusu olurken, s\u0131n\u0131r d\u0131\u015f\u0131 karar\u0131n\u0131n ger\u00e7ekli\u011fi sosyal medyada en \u00e7ok aran\u0131lan konular\u0131n ba\u015f\u0131nda yer al\u0131yor.<\/p>\n","protected":false},"excerpt":{"rendered":"<p>Dilan Polat&#8217;\u0131n resmen eli kolu olarak tan\u0131nan yard\u0131mc\u0131s\u0131 \u015eule hakk\u0131nda \u00e7\u0131kan bir iddia sosyal medyay\u0131 kar\u0131\u015ft\u0131rd\u0131. Dilan Polat yard\u0131mc\u0131s\u0131na verilen \u015fok karar\u0131n ard\u0131ndan sosyal medyada yapt\u0131\u011f\u0131 payla\u015f\u0131mla g\u00f6zya\u015flar\u0131na hakim olamad\u0131. \u0130\u015fte detaylar&#8230;<\/p>\n","protected":false},"author":35,"featured_media":205688,"comment_status":"closed","ping_status":"closed","sticky":false,"template":"","format":"standard","meta":{"rank_math_lock_modified_date":false,"footnotes":""},"categories":[76],"tags":[2715,28282,2908,133,28283],"class_list":["post-205675","post","type-post","status-publish","format-standard","has-post-thumbnail","hentry","category-magazin","tag-dilan-polat","tag-dilan-polat-yardimcisi-sule","tag-engin-polat","tag-magazin","tag-sule-sinir-disi"],"_links":{"self":[{"href":"https:\/\/www.tgrthaber.com\/mavikadin\/wp-json\/wp\/v2\/posts\/205675"}],"collection":[{"href":"https:\/\/www.tgrthaber.com\/mavikadin\/wp-json\/wp\/v2\/posts"}],"about":[{"href":"https:\/\/www.tgrthaber.com\/mavikadin\/wp-json\/wp\/v2\/types\/post"}],"author":[{"embeddable":true,"href":"https:\/\/www.tgrthaber.com\/mavikadin\/wp-json\/wp\/v2\/users\/35"}],"replies":[{"embeddable":true,"href":"https:\/\/www.tgrthaber.com\/mavikadin\/wp-json\/wp\/v2\/comments?post=205675"}],"version-history":[{"count":2,"href":"https:\/\/www.tgrthaber.com\/mavikadin\/wp-json\/wp\/v2\/posts\/205675\/revisions"}],"predecessor-version":[{"id":205706,"href":"https:\/\/www.tgrthaber.com\/mavikadin\/wp-json\/wp\/v2\/posts\/205675\/revisions\/205706"}],"wp:featuredmedia":[{"embeddable":true,"href":"https:\/\/www.tgrthaber.com\/mavikadin\/wp-json\/wp\/v2\/media\/205688"}],"wp:attachment":[{"href":"https:\/\/www.tgrthaber.com\/mavikadin\/wp-json\/wp\/v2\/media?parent=205675"}],"wp:term":[{"taxonomy":"category","embeddable":true,"href":"https:\/\/www.tgrthaber.com\/mavikadin\/wp-json\/wp\/v2\/categories?post=205675"},{"taxonomy":"post_tag","embeddable":true,"href":"https:\/\/www.tgrthaber.com\/mavikadin\/wp-json\/wp\/v2\/tags?post=205675"}],"curies":[{"name":"wp","href":"https:\/\/api.w.org\/{rel}","templated":true}]}}