{"id":205708,"date":"2025-07-16T01:06:39","date_gmt":"2025-07-15T22:06:39","guid":{"rendered":"https:\/\/www.tgrthaber.com\/mavikadin\/?p=205708"},"modified":"2025-07-16T01:06:39","modified_gmt":"2025-07-15T22:06:39","slug":"hudutsuz-sevdanin-serefi-emre-torun-neden-oldu-emre-torunun-hastaligi-neydi","status":"publish","type":"post","link":"https:\/\/www.tgrthaber.com\/mavikadin\/hudutsuz-sevdanin-serefi-emre-torun-neden-oldu-emre-torunun-hastaligi-neydi\/","title":{"rendered":"Hudutsuz Sevda\u2019n\u0131n \u015eeref\u2019i Emre T\u00f6r\u00fcn neden \u00f6ld\u00fc? Emre T\u00f6r\u00fcn\u2019\u00fcn hastal\u0131\u011f\u0131 neydi?"},"content":{"rendered":"<p>\u00dc\u00e7 k\u0131z karde\u015f, Arka sokaklar ve G\u00fcne\u015fi beklerken gibi projelerde yer alan usta isim Emre T\u00f6r\u00fcn, 53 ya\u015f\u0131nda hayata veda etti. Usta sanat\u00e7\u0131 Emre T\u00f6r\u00fcn\u2019\u00fcn \u00f6l\u00fcm haberi sinema ve dizi sekt\u00f6r\u00fcn\u00fc h\u00fczne bo\u011fdu. \u00dcnl\u00fc oyuncu, kanser h\u00fccrelerinin karaci\u011ferine s\u0131\u00e7ramas\u0131 sonucunda 16 Temmuz 2025 g\u00fcn\u00fc Bal\u0131kesir\u2019de hayata veda etti.<\/p>\n<h3>EMRE T\u00d6R\u00dcN NEDEN \u00d6LD\u00dc?<\/h3>\n<p>1995 y\u0131l\u0131ndan beri sinema ve dizi sekt\u00f6r\u00fcnde oynad\u0131\u011f\u0131 yap\u0131mlarla ad\u0131ndan s\u00f6z ettiren usta isim Emre T\u00f6r\u00fcn, seslendirmede yapmaktayd\u0131. Usta isim Hudutsuz Sevda dizisinde oynad\u0131\u011f\u0131 \u015eeref karakteriyle seyirci kar\u015f\u0131s\u0131na \u00e7\u0131km\u0131\u015ft\u0131.<\/p>\n<p><img loading=\"lazy\" decoding=\"async\" class=\"alignnone wp-image-205710 size-full\" src=\"https:\/\/www.tgrthaber.com\/mavikadin\/wp-content\/uploads\/emre-torun-oldu.jpg\" alt=\"\" width=\"1208\" height=\"680\" title=\"\" srcset=\"https:\/\/www.tgrthaber.com\/mavikadin\/wp-content\/uploads\/emre-torun-oldu.jpg 1208w, https:\/\/www.tgrthaber.com\/mavikadin\/wp-content\/uploads\/emre-torun-oldu-300x169.jpg 300w, https:\/\/www.tgrthaber.com\/mavikadin\/wp-content\/uploads\/emre-torun-oldu-1024x576.jpg 1024w, https:\/\/www.tgrthaber.com\/mavikadin\/wp-content\/uploads\/emre-torun-oldu-768x432.jpg 768w\" sizes=\"(max-width: 1208px) 100vw, 1208px\" \/><\/p>\n<hr \/>\n<p>Emre T\u00f6r\u00fcn, uzun zamand\u0131r tedavi g\u00f6rd\u00fc\u011f\u00fc Pankreas kanseriyle sava\u015f\u0131yordu. Hastal\u0131\u011f\u0131n\u0131n karaci\u011ferine s\u0131\u00e7ramas\u0131 sonucunda Emre T\u00f6r\u00fcn, yap\u0131lan t\u00fcm m\u00fcdahalelere ra\u011fmen hayata g\u00f6zlerini yumdu. Usta ismin \u00f6l\u00fcm haberi sanat d\u00fcnyas\u0131nda bir\u00e7ok ismi h\u00fczne bo\u011fdu. Emre T\u00f6z\u00fcn\u2019\u00fcn cenazesi ne zaman olaca\u011f\u0131 konusunda yak\u0131n \u00e7evrelerinden herhangi bir a\u00e7\u0131klama yap\u0131lmad\u0131.<\/p>\n<p><img loading=\"lazy\" decoding=\"async\" class=\"alignnone wp-image-205709 size-full\" src=\"https:\/\/www.tgrthaber.com\/mavikadin\/wp-content\/uploads\/Adsiz-tasarim-5-43.jpg\" alt=\"\" width=\"1208\" height=\"680\" title=\"\" srcset=\"https:\/\/www.tgrthaber.com\/mavikadin\/wp-content\/uploads\/Adsiz-tasarim-5-43.jpg 1208w, https:\/\/www.tgrthaber.com\/mavikadin\/wp-content\/uploads\/Adsiz-tasarim-5-43-300x169.jpg 300w, https:\/\/www.tgrthaber.com\/mavikadin\/wp-content\/uploads\/Adsiz-tasarim-5-43-1024x576.jpg 1024w, https:\/\/www.tgrthaber.com\/mavikadin\/wp-content\/uploads\/Adsiz-tasarim-5-43-768x432.jpg 768w\" sizes=\"(max-width: 1208px) 100vw, 1208px\" \/><\/p>\n<hr \/>\n<h3>EMRE T\u00d6R\u00dcN\u2019\u00dcN HASTALI\u011eI NEYD\u0130?<\/h3>\n<p>Emre T\u00f6r\u00fcn\u2019\u00fcn \u00f6l\u00fcm\u00fcn ard\u0131ndan usta oyuncunun hangi hastal\u0131ktan \u00f6ld\u00fc\u011f\u00fc merak konusu oldu. \u00dcnl\u00fc oyuncu Emre T\u00f6r\u00fcn, uzun zaman \u00f6nce pankreas kanseri oldu\u011funu \u00f6\u011frendi. Uzun ge\u00e7en tedavi s\u00fcre\u00e7lerine ra\u011fmen usta isim \u00e7al\u0131\u015fmaya devam ediyordu. Ge\u00e7ti\u011fimiz aylarda pankreas kanserinin karaci\u011ferine s\u0131\u00e7rad\u0131\u011f\u0131n\u0131 \u00f6\u011frenen Emre T\u00f6r\u00fcn, tedavi alt\u0131na al\u0131nd\u0131. Yap\u0131lan tedavi ve m\u00fcdahalelere ra\u011fmen \u00fcnl\u00fc oyuncu Emre T\u00f6r\u00fcn, hayata veda etti.<\/p>\n<p><img loading=\"lazy\" decoding=\"async\" class=\"alignnone wp-image-205711 size-full\" src=\"https:\/\/www.tgrthaber.com\/mavikadin\/wp-content\/uploads\/emre-torun-hastaligi-neydi.jpg\" alt=\"\" width=\"1208\" height=\"680\" title=\"\" srcset=\"https:\/\/www.tgrthaber.com\/mavikadin\/wp-content\/uploads\/emre-torun-hastaligi-neydi.jpg 1208w, https:\/\/www.tgrthaber.com\/mavikadin\/wp-content\/uploads\/emre-torun-hastaligi-neydi-300x169.jpg 300w, https:\/\/www.tgrthaber.com\/mavikadin\/wp-content\/uploads\/emre-torun-hastaligi-neydi-1024x576.jpg 1024w, https:\/\/www.tgrthaber.com\/mavikadin\/wp-content\/uploads\/emre-torun-hastaligi-neydi-768x432.jpg 768w\" sizes=\"(max-width: 1208px) 100vw, 1208px\" \/><\/p>\n<hr \/>\n<h3>EMRE T\u00d6R\u00dcN&#8217;\u00dcN CENAZE NAMAZI NE ZAMAN?<\/h3>\n<p>\u00dcnl\u00fc oyuncu Emre T\u00f6r\u00fcn\u2019\u00fcn vefat\u0131yla birlikte sanat camias\u0131 ve yak\u0131n arkada\u015flar\u0131, ailesi yasa bo\u011fuldu. Usta isim Emre T\u00f6r\u00fcn\u2019\u00fcn cenaze namaz\u0131n\u0131n ne zaman yap\u0131laca\u011f\u0131yla ilgili herhangi bir a\u00e7\u0131klama yak\u0131n \u00e7evresinden gelmedi. Sanat\u00e7\u0131n\u0131n cenaze t\u00f6reni hakk\u0131nda geli\u015fmeler geldik\u00e7e haberin i\u00e7eri\u011fi g\u00fcncellenecektir.<\/p>\n","protected":false},"excerpt":{"rendered":"<p>Hudutsuz Sevda\u2019n\u0131n \u015eerif\u2019i Emre T\u00f6r\u00fcn uzun s\u00fcredir pankreas kanseriyle m\u00fccadele ediyordu. 53 ya\u015f\u0131ndaki Emre T\u00f6r\u00fcn, hastal\u0131\u011f\u0131n karaci\u011ferine s\u0131\u00e7ramas\u0131 sonucu hayat\u0131n\u0131 kaybetti. <\/p>\n","protected":false},"author":10,"featured_media":205712,"comment_status":"closed","ping_status":"closed","sticky":false,"template":"","format":"standard","meta":{"rank_math_lock_modified_date":false,"footnotes":""},"categories":[76],"tags":[28285,28286,28284,133,2218],"class_list":["post-205708","post","type-post","status-publish","format-standard","has-post-thumbnail","hentry","category-magazin","tag-emre-torun-cenaze","tag-emre-torun-hastaligi","tag-emre-torun-oldu","tag-magazin","tag-magazin-haberleri"],"_links":{"self":[{"href":"https:\/\/www.tgrthaber.com\/mavikadin\/wp-json\/wp\/v2\/posts\/205708"}],"collection":[{"href":"https:\/\/www.tgrthaber.com\/mavikadin\/wp-json\/wp\/v2\/posts"}],"about":[{"href":"https:\/\/www.tgrthaber.com\/mavikadin\/wp-json\/wp\/v2\/types\/post"}],"author":[{"embeddable":true,"href":"https:\/\/www.tgrthaber.com\/mavikadin\/wp-json\/wp\/v2\/users\/10"}],"replies":[{"embeddable":true,"href":"https:\/\/www.tgrthaber.com\/mavikadin\/wp-json\/wp\/v2\/comments?post=205708"}],"version-history":[{"count":1,"href":"https:\/\/www.tgrthaber.com\/mavikadin\/wp-json\/wp\/v2\/posts\/205708\/revisions"}],"predecessor-version":[{"id":205713,"href":"https:\/\/www.tgrthaber.com\/mavikadin\/wp-json\/wp\/v2\/posts\/205708\/revisions\/205713"}],"wp:featuredmedia":[{"embeddable":true,"href":"https:\/\/www.tgrthaber.com\/mavikadin\/wp-json\/wp\/v2\/media\/205712"}],"wp:attachment":[{"href":"https:\/\/www.tgrthaber.com\/mavikadin\/wp-json\/wp\/v2\/media?parent=205708"}],"wp:term":[{"taxonomy":"category","embeddable":true,"href":"https:\/\/www.tgrthaber.com\/mavikadin\/wp-json\/wp\/v2\/categories?post=205708"},{"taxonomy":"post_tag","embeddable":true,"href":"https:\/\/www.tgrthaber.com\/mavikadin\/wp-json\/wp\/v2\/tags?post=205708"}],"curies":[{"name":"wp","href":"https:\/\/api.w.org\/{rel}","templated":true}]}}