{"id":205754,"date":"2025-07-16T02:53:16","date_gmt":"2025-07-15T23:53:16","guid":{"rendered":"https:\/\/www.tgrthaber.com\/mavikadin\/?p=205754"},"modified":"2025-07-16T02:53:16","modified_gmt":"2025-07-15T23:53:16","slug":"3-yil-aranin-ardindan-yeniden-zeynep-demirhan-eski-sevgilisi-cagan-sengul-ile-goruntulendi","status":"publish","type":"post","link":"https:\/\/www.tgrthaber.com\/mavikadin\/3-yil-aranin-ardindan-yeniden-zeynep-demirhan-eski-sevgilisi-cagan-sengul-ile-goruntulendi\/","title":{"rendered":"3 y\u0131l aran\u0131n ard\u0131ndan yeniden! Zeynep Demirhan eski sevgilisi \u00c7a\u011fan \u015eeng\u00fcl ile g\u00f6r\u00fcnt\u00fclendi!"},"content":{"rendered":"<p>1,5 y\u0131l boyunca Alp Hayalo\u011flu ile birlikte olan Zeynep Demirhan aralar\u0131nda ya\u015fad\u0131klar\u0131 anla\u015fmazl\u0131klardan dolay\u0131 ayr\u0131lm\u0131\u015flard\u0131. \u0130kili sosyal mecralardan ayr\u0131ld\u0131klar\u0131na dair a\u00e7\u0131klamalarda bulunmu\u015flard\u0131. Sosyal medya fenomeni olan Zeynep Demirhan eski sevgilisi \u00c7a\u011fan \u015eeng\u00fcl ile birlikte objektiflere yakaland\u0131. \u0130kilinin lunapark\u2019taki halleri oradaki bir ki\u015fi taraf\u0131ndan \u00e7ekilerek sosyal medyada viral oldu.<\/p>\n<h3>ZEYNEP DEM\u0130RHAN VE \u00c7A\u011eAN \u015eENG\u00dcL YEN\u0130DEN SEVG\u0130L\u0130 M\u0130?<\/h3>\n<p>Tiktok uygulamas\u0131 \u00fczerinden canl\u0131 yay\u0131nlar yaparak ve i\u00e7erik videolar\u0131 atarak tan\u0131nan Zeynep Demirhan ve \u00c7a\u011fan \u015eeng\u00fcl 3 y\u0131l aran\u0131n ard\u0131ndan yeniden bir araya geldi. \u0130kili bir lunapark\u2019ta bir \u015feyler al\u0131rken habersiz \u015fekilde objektiflere yakaland\u0131. Zeynep Demirhan ve \u00c7a\u011fan \u015eeng\u00fcl\u2019\u00fc birlikte oldu\u011funun g\u00f6ren sosyal medya takip\u00e7ileri yeniden sevgili mi oldular sorular\u0131n\u0131 sormaya ba\u015flad\u0131lar. Sosyal medya fenomenlerinin o anlar\u0131 sosyal medyada saniyeler i\u00e7erisinde viral oldu.<\/p>\n<p><img loading=\"lazy\" decoding=\"async\" class=\"alignnone wp-image-205755 size-full\" src=\"https:\/\/www.tgrthaber.com\/mavikadin\/wp-content\/uploads\/zeynep-dermirhan-ve-cagan-sengul-yeniden-sevgil-mi.jpg\" alt=\"\" width=\"1208\" height=\"680\" title=\"\" srcset=\"https:\/\/www.tgrthaber.com\/mavikadin\/wp-content\/uploads\/zeynep-dermirhan-ve-cagan-sengul-yeniden-sevgil-mi.jpg 1208w, https:\/\/www.tgrthaber.com\/mavikadin\/wp-content\/uploads\/zeynep-dermirhan-ve-cagan-sengul-yeniden-sevgil-mi-300x169.jpg 300w, https:\/\/www.tgrthaber.com\/mavikadin\/wp-content\/uploads\/zeynep-dermirhan-ve-cagan-sengul-yeniden-sevgil-mi-1024x576.jpg 1024w, https:\/\/www.tgrthaber.com\/mavikadin\/wp-content\/uploads\/zeynep-dermirhan-ve-cagan-sengul-yeniden-sevgil-mi-768x432.jpg 768w\" sizes=\"(max-width: 1208px) 100vw, 1208px\" \/><\/p>\n<hr \/>\n<h3>ZEYNEP DEM\u0130RHAN VE ALP HAYALO\u011eLU NEDEN AYRILMI\u015eTI?<\/h3>\n<p>Tiktok\u2019ta birlikte yay\u0131n yapan Alp Hayalo\u011flu ile Zeynep Demirhan 1,5 y\u0131l sevgililerdi. Aralar\u0131nda ya\u015fan\u0131lan anla\u015fmazl\u0131klar sonucunda ayr\u0131lma karar\u0131 alm\u0131\u015flard\u0131. Aldatmadan kaynakl\u0131 olarak ayr\u0131ld\u0131klar\u0131 d\u00fc\u015f\u00fcn\u00fclen Zeynep Demirhan ve Alp Hayalo\u011flu sosyal medyalar\u0131ndan takip\u00e7ilerine a\u00e7\u0131klama yaparak aldatma olay\u0131n\u0131 yalanlam\u0131\u015flard\u0131. Kar\u015f\u0131l\u0131kl\u0131 olarak anla\u015famad\u0131klar\u0131 i\u00e7in iki medeni insan gibi ayr\u0131ld\u0131klar\u0131n\u0131 dile getirmi\u015flerdi.<\/p>\n<p><img loading=\"lazy\" decoding=\"async\" class=\"alignnone wp-image-205756 size-full\" src=\"https:\/\/www.tgrthaber.com\/mavikadin\/wp-content\/uploads\/zeynep-dermihan-kimdir.jpg\" alt=\"\" width=\"1208\" height=\"680\" title=\"\" srcset=\"https:\/\/www.tgrthaber.com\/mavikadin\/wp-content\/uploads\/zeynep-dermihan-kimdir.jpg 1208w, https:\/\/www.tgrthaber.com\/mavikadin\/wp-content\/uploads\/zeynep-dermihan-kimdir-300x169.jpg 300w, https:\/\/www.tgrthaber.com\/mavikadin\/wp-content\/uploads\/zeynep-dermihan-kimdir-1024x576.jpg 1024w, https:\/\/www.tgrthaber.com\/mavikadin\/wp-content\/uploads\/zeynep-dermihan-kimdir-768x432.jpg 768w\" sizes=\"(max-width: 1208px) 100vw, 1208px\" \/><\/p>\n<hr \/>\n<h3>ZEYNEP DEM\u0130RHAN K\u0130MD\u0130R KA\u00c7 YA\u015eINDADIR?<\/h3>\n<p>Zeynep Demirhan, 19 Eyl\u00fcl 1999 tarihinde Ankara\u2019da d\u00fcnyaya geldi. Ba\u015fak burcu olan Zeynep Demirhan Mimar Sinan G\u00fczel Sanatlar \u00dcniversitesi Sosyoloji B\u00f6l\u00fcm\u00fc\u2019nde e\u011fitimine ba\u015flad\u0131ktan sonra yatay ge\u00e7i\u015f yaparak Ankara \u00dcniversitesi Sosyoloji B\u00f6l\u00fcm\u00fc\u2019nde okudu. 2018 y\u0131l\u0131nda YouTube kanal\u0131 ile sosyal medya i\u00e7erik \u00fcretici olarak aktif g\u00f6rev almaya ba\u015flad\u0131. Sonras\u0131nda ise TikTok platformuna ge\u00e7erek video i\u00e7eriklerini oradaki takip\u00e7ileriyle payla\u015ft\u0131.<\/p>\n<p><img loading=\"lazy\" decoding=\"async\" class=\"alignnone wp-image-205758 size-full\" src=\"https:\/\/www.tgrthaber.com\/mavikadin\/wp-content\/uploads\/cagan-sengul-kimdir.jpg\" alt=\"\" width=\"1208\" height=\"680\" title=\"\" srcset=\"https:\/\/www.tgrthaber.com\/mavikadin\/wp-content\/uploads\/cagan-sengul-kimdir.jpg 1208w, https:\/\/www.tgrthaber.com\/mavikadin\/wp-content\/uploads\/cagan-sengul-kimdir-300x169.jpg 300w, https:\/\/www.tgrthaber.com\/mavikadin\/wp-content\/uploads\/cagan-sengul-kimdir-1024x576.jpg 1024w, https:\/\/www.tgrthaber.com\/mavikadin\/wp-content\/uploads\/cagan-sengul-kimdir-768x432.jpg 768w\" sizes=\"(max-width: 1208px) 100vw, 1208px\" \/><\/p>\n<hr \/>\n<h3>\u00c7A\u011eAN \u015eENG\u00dcL K\u0130MD\u0130R KA\u00c7 YA\u015eINDADIR?<\/h3>\n<p>\u00c7a\u011fan \u015eeng\u00fcl 16 Kas\u0131m 1996&#8217;da d\u00fcnyaya geldi. \u015eark\u0131c\u0131, m\u00fczisyen, besteci, s\u00f6z yazar\u0131 olan \u00c7a\u011fan, 14 ya\u015f\u0131nda m\u00fczik ile tan\u0131\u015ft\u0131. E\u011fitimini ve kariyerini m\u00fczik alan\u0131nda ilerleten gen\u00e7 sanat\u00e7\u0131 Cem Adrian ve Halil Sezai gibi \u00fcnl\u00fclerle de \u00e7al\u0131\u015ft\u0131. \u00c7a\u011fan \u015eeng\u00fcl Cem Adrian ile birlikte &#8216;Helal&#8217; isimli \u015fark\u0131y\u0131 seslendirdi.<\/p>\n","protected":false},"excerpt":{"rendered":"<p>Alp Hayalo\u011flu ile birka\u00e7 y\u0131l \u00f6nce sevgili olan Zeynep Demirhan eski a\u015fk\u0131na geri d\u00f6nd\u00fc. \u00c7a\u011fan \u015eeng\u00fcl\u2019\u00fcnde k\u0131z arkada\u015f\u0131ndan ayr\u0131lmas\u0131ndan sonra eski a\u015fk\u0131 Zeynep Demirhan ile lunapark\u2019ta g\u00f6r\u00fcnt\u00fclendi. \u0130kilinin o anlar\u0131 bir hayran taraf\u0131ndan de\u015fifre oldu. <\/p>\n","protected":false},"author":10,"featured_media":205757,"comment_status":"closed","ping_status":"closed","sticky":false,"template":"","format":"standard","meta":{"rank_math_lock_modified_date":false,"footnotes":""},"categories":[76],"tags":[28306,28305,133,2218,28304],"class_list":["post-205754","post","type-post","status-publish","format-standard","has-post-thumbnail","hentry","category-magazin","tag-alp-hayaloglu","tag-cagan-sengul","tag-magazin","tag-magazin-haberleri","tag-zeynep-demirhan"],"_links":{"self":[{"href":"https:\/\/www.tgrthaber.com\/mavikadin\/wp-json\/wp\/v2\/posts\/205754"}],"collection":[{"href":"https:\/\/www.tgrthaber.com\/mavikadin\/wp-json\/wp\/v2\/posts"}],"about":[{"href":"https:\/\/www.tgrthaber.com\/mavikadin\/wp-json\/wp\/v2\/types\/post"}],"author":[{"embeddable":true,"href":"https:\/\/www.tgrthaber.com\/mavikadin\/wp-json\/wp\/v2\/users\/10"}],"replies":[{"embeddable":true,"href":"https:\/\/www.tgrthaber.com\/mavikadin\/wp-json\/wp\/v2\/comments?post=205754"}],"version-history":[{"count":1,"href":"https:\/\/www.tgrthaber.com\/mavikadin\/wp-json\/wp\/v2\/posts\/205754\/revisions"}],"predecessor-version":[{"id":205759,"href":"https:\/\/www.tgrthaber.com\/mavikadin\/wp-json\/wp\/v2\/posts\/205754\/revisions\/205759"}],"wp:featuredmedia":[{"embeddable":true,"href":"https:\/\/www.tgrthaber.com\/mavikadin\/wp-json\/wp\/v2\/media\/205757"}],"wp:attachment":[{"href":"https:\/\/www.tgrthaber.com\/mavikadin\/wp-json\/wp\/v2\/media?parent=205754"}],"wp:term":[{"taxonomy":"category","embeddable":true,"href":"https:\/\/www.tgrthaber.com\/mavikadin\/wp-json\/wp\/v2\/categories?post=205754"},{"taxonomy":"post_tag","embeddable":true,"href":"https:\/\/www.tgrthaber.com\/mavikadin\/wp-json\/wp\/v2\/tags?post=205754"}],"curies":[{"name":"wp","href":"https:\/\/api.w.org\/{rel}","templated":true}]}}