{"id":205785,"date":"2025-07-16T09:24:52","date_gmt":"2025-07-16T06:24:52","guid":{"rendered":"https:\/\/www.tgrthaber.com\/mavikadin\/?p=205785"},"modified":"2025-07-16T09:24:52","modified_gmt":"2025-07-16T06:24:52","slug":"emre-torun-evli-miydi-emre-torun-esi-kimdir","status":"publish","type":"post","link":"https:\/\/www.tgrthaber.com\/mavikadin\/emre-torun-evli-miydi-emre-torun-esi-kimdir\/","title":{"rendered":"Emre T\u00f6r\u00fcn evli miydi? Emre T\u00f6r\u00fcn e\u015fi kimdir?"},"content":{"rendered":"<p>Vefat\u0131yla magazin d\u00fcnyas\u0131n\u0131 h\u00fczne bo\u011fan Emre T\u00f6r\u00fcn\u2019\u00fcn hayat\u0131 merak ediliyor. Son olarak Hudutsuz Sevda dizisiyle g\u00fcndeme gelen T\u00f6r\u00fcn bir s\u00fcredir kanserle m\u00fccadele ediyordu.<\/p>\n<h3>EMRE T\u00d6R\u00dcN EVL\u0130 M\u0130YD\u0130?<\/h3>\n<p>11 Mart 1972 tarihinde \u0130stanbul\u2019da d\u00fcnyaya gelen Emre T\u00f6r\u00fcn, \u00a0Nurkan T\u00f6r\u00fcn ile evliydi.<\/p>\n<p>Oyunculu\u011fa Kara Melek dizisiyle ba\u015flayan Emre T\u00f6r\u00fcn, Be\u015finci Boyut, Doktorlar, Bulutlar\u0131n \u00d6tesinde, \u00c7ocuklar Duymas\u0131n, G\u00fcne\u015fi Beklerken, Kod Ad\u0131: Reaksiyon gibi dizilerde oynad\u0131.<\/p>\n<p>\u00d6zellikle ATV ekranlar\u0131nda yay\u0131nlanan E\u015fk\u0131ya D\u00fcnyaya H\u00fck\u00fcmdar Olmaz adl\u0131 diziyle b\u00fcy\u00fck bir ba\u015far\u0131 elde eden T\u00f6r\u00fcn ayr\u0131ca Arka Sokaklar ald\u0131 dizide Civan rol\u00fcnde oynam\u0131\u015ft\u0131r.<\/p>\n<p><img loading=\"lazy\" decoding=\"async\" class=\"alignnone size-full wp-image-205789\" src=\"https:\/\/www.tgrthaber.com\/mavikadin\/wp-content\/uploads\/Emre-Torun-2-1.png\" alt=\"\" width=\"1208\" height=\"680\" title=\"\" srcset=\"https:\/\/www.tgrthaber.com\/mavikadin\/wp-content\/uploads\/Emre-Torun-2-1.png 1208w, https:\/\/www.tgrthaber.com\/mavikadin\/wp-content\/uploads\/Emre-Torun-2-1-300x169.png 300w, https:\/\/www.tgrthaber.com\/mavikadin\/wp-content\/uploads\/Emre-Torun-2-1-1024x576.png 1024w, https:\/\/www.tgrthaber.com\/mavikadin\/wp-content\/uploads\/Emre-Torun-2-1-768x432.png 768w\" sizes=\"(max-width: 1208px) 100vw, 1208px\" \/><\/p>\n<hr \/>\n<h3>EMRE T\u00d6R\u00dcN OYNADI\u011eI D\u0130Z\u0130LER<\/h3>\n<p>2016 \u2013 Frontier (Greg Bryk Seslendirmesi)<\/p>\n<p>2015 \u2013 E\u015fkiya D\u00fcnyaya H\u00fck\u00fcmdar Olmaz (Nevzat \u00c7ank\u0131r\u0131l\u0131)<\/p>\n<p>2014 \u2013 Kod Ad\u0131 Reaksiyon (Savc\u0131)<\/p>\n<p>2013 \u2013 G\u00fcne\u015fi Beklerken (Mehmet Varol)<\/p>\n<p>2012 \u2013 Bulutlar\u0131n \u00d6tesi (Nusret)<\/p>\n<p>2008 \u2013 Pepee (Baba seslendirme)<\/p>\n<p>2006 \u2013 Doktorlar (Savc\u0131) (B\u00f6l\u00fcm)<\/p>\n<p>2005 \u2013 Be\u015finci Boyut (Murat\/Mesut)<\/p>\n<p>2004 \u2013 B\u00fcy\u00fck Umutlar (Cevat)<\/p>\n<p>2004 \u2013 B\u00fcy\u00fck Bulu\u015fma<\/p>\n<p>2003 \u2013 Umutlar\u0131n \u00d6tesi<\/p>\n<p>2003 \u2013 Hayat A.\u015e.2002 \u2013 \u00c7ocuklar Duymas\u0131n<\/p>\n<p>2002 \u2013 Ko\u00e7um Benim<\/p>\n<p><img loading=\"lazy\" decoding=\"async\" class=\"alignnone size-full wp-image-205790\" src=\"https:\/\/www.tgrthaber.com\/mavikadin\/wp-content\/uploads\/Emre-Torun-3-1.png\" alt=\"\" width=\"1208\" height=\"680\" title=\"\" srcset=\"https:\/\/www.tgrthaber.com\/mavikadin\/wp-content\/uploads\/Emre-Torun-3-1.png 1208w, https:\/\/www.tgrthaber.com\/mavikadin\/wp-content\/uploads\/Emre-Torun-3-1-300x169.png 300w, https:\/\/www.tgrthaber.com\/mavikadin\/wp-content\/uploads\/Emre-Torun-3-1-1024x576.png 1024w, https:\/\/www.tgrthaber.com\/mavikadin\/wp-content\/uploads\/Emre-Torun-3-1-768x432.png 768w\" sizes=\"(max-width: 1208px) 100vw, 1208px\" \/><\/p>\n<hr \/>\n<p>2000 \u2013 Ona Bakma Bana Bak<\/p>\n<p>1998 \u2013 \u015eeytan\u0131n G\u00f6zya\u015flar\u0131 (Tolga)<\/p>\n<p>1996 \u2013 Kara Melek<\/p>\n<p>Oynad\u0131\u011f\u0131 Filmler?<\/p>\n<p>2016 \u2013 Para Tuza\u011f\u0131 (Dominic West Seslendirmesi)<\/p>\n<p>2014 \u2013 \u0130n\u015faat 2 (Mafya)<\/p>\n<p>2013 \u2013 Do\u011fal Kahramanlar 3D (T\u00fcrk\u00e7e seslendirme)<\/p>\n<p>2013 \u2013 Ayas (Seslendirme)<\/p>\n<p>2007 \u2013 120 (Keri)<\/p>\n<p>2004 \u2013 Zor Adam<\/p>\n<p>2004 \u2013 Halk D\u00fc\u015fman\u0131 (Alper)<\/p>\n<p>Boyu ve Kilosu?<\/p>\n<p>Ba\u015far\u0131l\u0131 oyuncu Emre T\u00f6r\u00fcn 1.76 m boyundad\u0131r ve 75 kilodur.<\/p>\n<p><img loading=\"lazy\" decoding=\"async\" class=\"alignnone size-full wp-image-205791\" src=\"https:\/\/www.tgrthaber.com\/mavikadin\/wp-content\/uploads\/Emre-Torun-5.png\" alt=\"\" width=\"1208\" height=\"680\" title=\"\" srcset=\"https:\/\/www.tgrthaber.com\/mavikadin\/wp-content\/uploads\/Emre-Torun-5.png 1208w, https:\/\/www.tgrthaber.com\/mavikadin\/wp-content\/uploads\/Emre-Torun-5-300x169.png 300w, https:\/\/www.tgrthaber.com\/mavikadin\/wp-content\/uploads\/Emre-Torun-5-1024x576.png 1024w, https:\/\/www.tgrthaber.com\/mavikadin\/wp-content\/uploads\/Emre-Torun-5-768x432.png 768w\" sizes=\"(max-width: 1208px) 100vw, 1208px\" \/><\/p>\n<hr \/>\n<h3>NURKAN T\u00d6R\u00dcN K\u0130MD\u0130R?<\/h3>\n<p>Nurkan T\u00f6r\u00fcn 30 A\u011fustos 1977 tarihinde Almanya\u2019da d\u00fcnyaya geldi.<\/p>\n<p>Ba\u015fak burcu olan Nurkan T\u00f6r\u00fcn Emre T\u00f6r\u00fcn ile evlidir.<\/p>\n<p>G\u00fczel Sanatlar Fak\u00fcltesi mezunu olan T\u00f6r\u00fcn, \u0130kizler Memo Can dizisinde Perihan rol\u00fcyle be\u011feni toplam\u0131\u015ft\u0131r.<\/p>\n<p><img loading=\"lazy\" decoding=\"async\" class=\"alignnone size-full wp-image-205792\" src=\"https:\/\/www.tgrthaber.com\/mavikadin\/wp-content\/uploads\/Nurkan-Torun.png\" alt=\"\" width=\"1208\" height=\"680\" title=\"\" srcset=\"https:\/\/www.tgrthaber.com\/mavikadin\/wp-content\/uploads\/Nurkan-Torun.png 1208w, https:\/\/www.tgrthaber.com\/mavikadin\/wp-content\/uploads\/Nurkan-Torun-300x169.png 300w, https:\/\/www.tgrthaber.com\/mavikadin\/wp-content\/uploads\/Nurkan-Torun-1024x576.png 1024w, https:\/\/www.tgrthaber.com\/mavikadin\/wp-content\/uploads\/Nurkan-Torun-768x432.png 768w\" sizes=\"(max-width: 1208px) 100vw, 1208px\" \/><\/p>\n<hr \/>\n<p><strong>Nurkan T\u00f6r\u00fcn&#8217;\u00fcn seslendirdi\u011fi projeler \u015fu \u015fekildedir:<\/strong><\/p>\n<p>Barbie: Uzay Maceras\u0131<\/p>\n<p>Pepee<\/p>\n<p>Ay\u0131 Teddy 2<\/p>\n<p>Bakugan: Mechtanium Surge<\/p>\n<p>Pepee<\/p>\n<p>\u00d6l\u00fcmc\u00fcl Deney 3: \u0130nsanl\u0131\u011f\u0131n Sonu<\/p>\n","protected":false},"excerpt":{"rendered":"<p>Ani vefat\u0131yla magazin d\u00fcnyas\u0131n\u0131 h\u00fczne bo\u011fan oyuncu Emre T\u00f6r\u00fcn\u2019\u00fcn hayat\u0131 merak konusu oldu. \u00a0Ba\u015far\u0131l\u0131 oyuncu Emre T\u00f6r\u00fcn\u2019\u00fcn evli olup olmad\u0131\u011f\u0131 ara\u015ft\u0131r\u0131l\u0131yor.<\/p>\n","protected":false},"author":5,"featured_media":205788,"comment_status":"closed","ping_status":"closed","sticky":false,"template":"","format":"standard","meta":{"rank_math_lock_modified_date":false,"footnotes":""},"categories":[491],"tags":[3374,28321,28323,28322],"class_list":["post-205785","post","type-post","status-publish","format-standard","has-post-thumbnail","hentry","category-biyografi","tag-biyografi","tag-emre-torun","tag-emre-torun-oldu-mu","tag-nurkan-torun"],"_links":{"self":[{"href":"https:\/\/www.tgrthaber.com\/mavikadin\/wp-json\/wp\/v2\/posts\/205785"}],"collection":[{"href":"https:\/\/www.tgrthaber.com\/mavikadin\/wp-json\/wp\/v2\/posts"}],"about":[{"href":"https:\/\/www.tgrthaber.com\/mavikadin\/wp-json\/wp\/v2\/types\/post"}],"author":[{"embeddable":true,"href":"https:\/\/www.tgrthaber.com\/mavikadin\/wp-json\/wp\/v2\/users\/5"}],"replies":[{"embeddable":true,"href":"https:\/\/www.tgrthaber.com\/mavikadin\/wp-json\/wp\/v2\/comments?post=205785"}],"version-history":[{"count":2,"href":"https:\/\/www.tgrthaber.com\/mavikadin\/wp-json\/wp\/v2\/posts\/205785\/revisions"}],"predecessor-version":[{"id":205794,"href":"https:\/\/www.tgrthaber.com\/mavikadin\/wp-json\/wp\/v2\/posts\/205785\/revisions\/205794"}],"wp:featuredmedia":[{"embeddable":true,"href":"https:\/\/www.tgrthaber.com\/mavikadin\/wp-json\/wp\/v2\/media\/205788"}],"wp:attachment":[{"href":"https:\/\/www.tgrthaber.com\/mavikadin\/wp-json\/wp\/v2\/media?parent=205785"}],"wp:term":[{"taxonomy":"category","embeddable":true,"href":"https:\/\/www.tgrthaber.com\/mavikadin\/wp-json\/wp\/v2\/categories?post=205785"},{"taxonomy":"post_tag","embeddable":true,"href":"https:\/\/www.tgrthaber.com\/mavikadin\/wp-json\/wp\/v2\/tags?post=205785"}],"curies":[{"name":"wp","href":"https:\/\/api.w.org\/{rel}","templated":true}]}}