{"id":205796,"date":"2025-07-16T09:45:23","date_gmt":"2025-07-16T06:45:23","guid":{"rendered":"https:\/\/www.tgrthaber.com\/mavikadin\/?p=205796"},"modified":"2025-07-16T19:18:18","modified_gmt":"2025-07-16T16:18:18","slug":"emre-torun-cenazesi-nerede-emre-torun-cenaze-programi-belli-oldu-mu","status":"publish","type":"post","link":"https:\/\/www.tgrthaber.com\/mavikadin\/emre-torun-cenazesi-nerede-emre-torun-cenaze-programi-belli-oldu-mu\/","title":{"rendered":"Emre T\u00f6r\u00fcn cenazesi nerede? Emre T\u00f6r\u00fcn cenaze program\u0131 belli oldu mu?"},"content":{"rendered":"<p>Hudutsuz Sevda dizisinde \u2018\u015eeref\u2019 karakteriyle haf\u0131zalara kaz\u0131nan Emre T\u00f6r\u00fcn, kansere yenik d\u00fc\u015ferek hayat\u0131n\u0131 kaybetti. Uzun s\u00fcredir pankreas kanseri tedavisi g\u00f6ren Emre T\u00f6r\u00fcn\u2019\u00fcn ac\u0131 haberi ge\u00e7ti\u011fimiz ak\u015fam geldi. Vefat haberiyle sevenlerini derin bir h\u00fczne bo\u011fan Emre T\u00f6r\u00fcn\u2019\u00fcn cenaze program\u0131 merak edildi. Peki, Emre T\u00f6r\u00fcn cenazesi nerede? Emre T\u00f6r\u00fcn cenaze program\u0131 belli oldu mu? Emre T\u00f6r\u00fcn\u2019\u00fcn cenaze program\u0131na dair merak edilenleri sizin i\u00e7in ara\u015ft\u0131rd\u0131k. \u0130\u015fte Emre T\u00f6r\u00fcn\u2019\u00fcn cenaze t\u00f6renine ili\u015fkin detaylar\u2026<\/p>\n<h3>EMRE T\u00d6R\u00dcN CENAZES\u0130 NEREDE?<\/h3>\n<p>T\u00fcrk dizi tarihinin \u00f6nemli isimleri aras\u0131nda yer alan Emre T\u00f6r\u00fcn, ge\u00e7ti\u011fimiz ak\u015fam hayat\u0131n\u0131 kaybetti. Uzun s\u00fcredir pankreas kanseri tedavisi g\u00f6ren T\u00f6r\u00fcn, m\u00fccadelesine yenik d\u00fc\u015ferek hayata g\u00f6zlerini yumdu. Hen\u00fcz 53 ya\u015f\u0131nda hayat\u0131n\u0131 kaybeden T\u00f6r\u00fcn\u2019\u00fcn vefat haberi t\u00fcm sanat camias\u0131n\u0131 derin bir h\u00fczne bo\u011fdu.<\/p>\n<p><img loading=\"lazy\" decoding=\"async\" class=\"alignnone wp-image-205799\" src=\"https:\/\/www.tgrthaber.com\/mavikadin\/wp-content\/uploads\/Emre-Torun-cenaze-3-1024x576.jpg\" alt=\"Emre T\u00f6r\u00fcn cenazesi nerede? Emre T\u00f6r\u00fcn cenaze program\u0131 belli oldu mu?\" width=\"1208\" height=\"680\" title=\"\" srcset=\"https:\/\/www.tgrthaber.com\/mavikadin\/wp-content\/uploads\/Emre-Torun-cenaze-3-1024x576.jpg 1024w, https:\/\/www.tgrthaber.com\/mavikadin\/wp-content\/uploads\/Emre-Torun-cenaze-3-300x169.jpg 300w, https:\/\/www.tgrthaber.com\/mavikadin\/wp-content\/uploads\/Emre-Torun-cenaze-3-768x432.jpg 768w, https:\/\/www.tgrthaber.com\/mavikadin\/wp-content\/uploads\/Emre-Torun-cenaze-3.jpg 1208w\" sizes=\"(max-width: 1208px) 100vw, 1208px\" \/><\/p>\n<hr \/>\n<p>Oyuncu, y\u00f6netmen ve seslendirme sanat\u00e7\u0131s\u0131 Emre T\u00f6r\u00fcn\u2019\u00fcn, yendi\u011fi kanser hastal\u0131\u011f\u0131 tekrarlad\u0131 ve karaci\u011ferine s\u0131\u00e7rad\u0131. Tekrar bu hastal\u0131kla m\u00fccadele etmek zorunda kalan T\u00f6r\u00fcn\u2019den ge\u00e7ti\u011fimiz ak\u015fam ac\u0131 haber geldi. T\u00f6r\u00fcn\u2019\u00fcn vefat haberini alan dostlar\u0131 sosyal medya hesaplar\u0131ndan payla\u015f\u0131m yaparak \u00fcnl\u00fc oyuncunun hayat\u0131n\u0131 kaybetti\u011fini duyurdu.<\/p>\n<p>Son d\u00f6nemde olduk\u00e7a a\u011f\u0131rla\u015fan Emre T\u00f6r\u00fcn\u2019\u00fcn son iste\u011fi yerine getirildi. Yak\u0131nlar\u0131 ba\u015far\u0131l\u0131 sanat\u00e7\u0131n\u0131n son iste\u011fini yerine getirerek T\u00f6r\u00fcn\u2019\u00fc Bal\u0131kesir\u2019e g\u00f6t\u00fcrd\u00fc. Ge\u00e7ti\u011fimiz ak\u015fam kanserle m\u00fccadelesine yenik d\u00fc\u015fen T\u00f6r\u00fcn\u2019\u00fcn cenaze t\u00f6reninin \u0130stanbul\u2019da yap\u0131laca\u011f\u0131 duyuruldu.<\/p>\n<p><img loading=\"lazy\" decoding=\"async\" class=\"alignnone wp-image-205800\" src=\"https:\/\/www.tgrthaber.com\/mavikadin\/wp-content\/uploads\/Emre-Torun-cenaze-1-1024x576.jpg\" alt=\"Emre T\u00f6r\u00fcn cenazesi nerede? Emre T\u00f6r\u00fcn cenaze program\u0131 belli oldu mu?\" width=\"1208\" height=\"680\" title=\"\" srcset=\"https:\/\/www.tgrthaber.com\/mavikadin\/wp-content\/uploads\/Emre-Torun-cenaze-1-1024x576.jpg 1024w, https:\/\/www.tgrthaber.com\/mavikadin\/wp-content\/uploads\/Emre-Torun-cenaze-1-300x169.jpg 300w, https:\/\/www.tgrthaber.com\/mavikadin\/wp-content\/uploads\/Emre-Torun-cenaze-1-768x432.jpg 768w, https:\/\/www.tgrthaber.com\/mavikadin\/wp-content\/uploads\/Emre-Torun-cenaze-1.jpg 1208w\" sizes=\"(max-width: 1208px) 100vw, 1208px\" \/><\/p>\n<hr \/>\n<h3>EMRE T\u00d6R\u00dcN CENAZE PROGRAMI BELL\u0130 OLDU MU?<\/h3>\n<p>Oyunculuk kariyeri boyunca bir\u00e7ok ba\u015far\u0131l\u0131 projede yer alan Emre T\u00f6r\u00fcn, ge\u00e7ti\u011fimiz ak\u015fam m\u00fccadele etti\u011fi kanser hastal\u0131\u011f\u0131na yenik d\u00fc\u015ferek hayat\u0131n\u0131 kaybetti. Emre T\u00f6r\u00fcn\u2019\u00fcn ac\u0131 haberi hem yak\u0131nlar\u0131n\u0131 hem sevenlerini hem de sanat camias\u0131n\u0131 derin bir \u00fcz\u00fcnt\u00fcye bo\u011fdu. T\u00fcrk televizyon tarihinde \u00f6nemli i\u015flere imza atan T\u00f6r\u00fcn\u2019\u00fcn cenaze program\u0131 merak edildi.<\/p>\n<p><img loading=\"lazy\" decoding=\"async\" class=\"alignnone wp-image-205801\" src=\"https:\/\/www.tgrthaber.com\/mavikadin\/wp-content\/uploads\/Emre-Torun-cenaze-2-1024x576.jpg\" alt=\"Emre T\u00f6r\u00fcn cenazesi nerede? Emre T\u00f6r\u00fcn cenaze program\u0131 belli oldu mu?\" width=\"1208\" height=\"680\" title=\"\" srcset=\"https:\/\/www.tgrthaber.com\/mavikadin\/wp-content\/uploads\/Emre-Torun-cenaze-2-1024x576.jpg 1024w, https:\/\/www.tgrthaber.com\/mavikadin\/wp-content\/uploads\/Emre-Torun-cenaze-2-300x169.jpg 300w, https:\/\/www.tgrthaber.com\/mavikadin\/wp-content\/uploads\/Emre-Torun-cenaze-2-768x432.jpg 768w, https:\/\/www.tgrthaber.com\/mavikadin\/wp-content\/uploads\/Emre-Torun-cenaze-2.jpg 1208w\" sizes=\"(max-width: 1208px) 100vw, 1208px\" \/><\/p>\n<hr \/>\n<p>Son olarak fenomen dizi Hudutsuz Sevda\u2019da \u2018\u015eeref\u2019 rol\u00fcyle izleyici kar\u015f\u0131s\u0131na \u00e7\u0131kan T\u00f6r\u00fcn, 53 ya\u015f\u0131nda hayata g\u00f6zlerini yumdu. T\u00f6r\u00fcn\u2019\u00fcn cenaze program\u0131na dair detaylar hen\u00fcz yay\u0131nlanmad\u0131. Oyuncunun vefat haberinin ard\u0131ndan sanat camias\u0131ndan dostlar\u0131 Umut O\u011fuz ve Caner Kurtaran sosyal medyadan payla\u015f\u0131m yapt\u0131.<\/p>\n<p class=\"p2\">Emre T\u00f6r\u00fcn\u2019\u00fcn cenazesi \u0130stanbul\u2019a getirildi. Yar\u0131n saat 15:00\u2019da<span class=\"Apple-converted-space\">\u00a0 <\/span>\u00dcsk\u00fcdar M\u00fcsahipzade Celal Sahnesi\u2019nde veda t\u00f6reni yap\u0131lacak. T\u00f6renin ard\u0131ndan T\u00f6r\u00fcn ikindi namaz\u0131na m\u00fcteakip \u201c\u015eakirin Camisi\u201dnde k\u0131l\u0131nacak namazdan sonra Karacaahmet Mezarl\u0131\u011f\u0131\u2019nda son yolculu\u011funa u\u011furlanacak.<\/p>\n","protected":false},"excerpt":{"rendered":"<p>Vefat haberiyle t\u00fcm sanat camias\u0131n\u0131 derin bir h\u00fczne bo\u011fan Emre T\u00f6r\u00fcn\u2019\u00fcn cenazesinin nerede olaca\u011f\u0131 merak ediliyor. Peki, Emre T\u00f6r\u00fcn cenazesi nerede? Emre T\u00f6r\u00fcn cenaze program\u0131 belli oldu mu? \u0130\u015fte ayr\u0131nt\u0131lar\u2026<\/p>\n","protected":false},"author":26,"featured_media":205798,"comment_status":"closed","ping_status":"closed","sticky":false,"template":"","format":"standard","meta":{"rank_math_lock_modified_date":false,"footnotes":""},"categories":[76],"tags":[28321,28285,28324,133,2218],"class_list":["post-205796","post","type-post","status-publish","format-standard","has-post-thumbnail","hentry","category-magazin","tag-emre-torun","tag-emre-torun-cenaze","tag-emre-torun-vefat","tag-magazin","tag-magazin-haberleri"],"_links":{"self":[{"href":"https:\/\/www.tgrthaber.com\/mavikadin\/wp-json\/wp\/v2\/posts\/205796"}],"collection":[{"href":"https:\/\/www.tgrthaber.com\/mavikadin\/wp-json\/wp\/v2\/posts"}],"about":[{"href":"https:\/\/www.tgrthaber.com\/mavikadin\/wp-json\/wp\/v2\/types\/post"}],"author":[{"embeddable":true,"href":"https:\/\/www.tgrthaber.com\/mavikadin\/wp-json\/wp\/v2\/users\/26"}],"replies":[{"embeddable":true,"href":"https:\/\/www.tgrthaber.com\/mavikadin\/wp-json\/wp\/v2\/comments?post=205796"}],"version-history":[{"count":3,"href":"https:\/\/www.tgrthaber.com\/mavikadin\/wp-json\/wp\/v2\/posts\/205796\/revisions"}],"predecessor-version":[{"id":206225,"href":"https:\/\/www.tgrthaber.com\/mavikadin\/wp-json\/wp\/v2\/posts\/205796\/revisions\/206225"}],"wp:featuredmedia":[{"embeddable":true,"href":"https:\/\/www.tgrthaber.com\/mavikadin\/wp-json\/wp\/v2\/media\/205798"}],"wp:attachment":[{"href":"https:\/\/www.tgrthaber.com\/mavikadin\/wp-json\/wp\/v2\/media?parent=205796"}],"wp:term":[{"taxonomy":"category","embeddable":true,"href":"https:\/\/www.tgrthaber.com\/mavikadin\/wp-json\/wp\/v2\/categories?post=205796"},{"taxonomy":"post_tag","embeddable":true,"href":"https:\/\/www.tgrthaber.com\/mavikadin\/wp-json\/wp\/v2\/tags?post=205796"}],"curies":[{"name":"wp","href":"https:\/\/api.w.org\/{rel}","templated":true}]}}