{"id":205797,"date":"2025-07-16T10:14:47","date_gmt":"2025-07-16T07:14:47","guid":{"rendered":"https:\/\/www.tgrthaber.com\/mavikadin\/?p=205797"},"modified":"2025-07-16T10:14:47","modified_gmt":"2025-07-16T07:14:47","slug":"zafer-algoz-son-sefer-filminde-rol-almasi-hakkinda-konustu-unlu-oyuncu-gelen-elestirilere-cevap-verdi","status":"publish","type":"post","link":"https:\/\/www.tgrthaber.com\/mavikadin\/zafer-algoz-son-sefer-filminde-rol-almasi-hakkinda-konustu-unlu-oyuncu-gelen-elestirilere-cevap-verdi\/","title":{"rendered":"Zafer Alg\u00f6z Son Sefer filminde rol almas\u0131 hakk\u0131nda konu\u015ftu! \u00dcnl\u00fc oyuncu gelen ele\u015ftirilere cevap verdi"},"content":{"rendered":"<p>TRT, Fethullah\u00e7\u0131 Ter\u00f6r \u00d6rg\u00fct\u00fc\u2019n\u00fcn (FET\u00d6) 15 Temmuz 2016 y\u0131l\u0131ndaki darbe giri\u015fiminin \u00fczerinden ge\u00e7en 9 y\u0131l\u0131n ard\u0131ndan \u2018Son Sefer\u2019 adl\u0131 bir filme imza att\u0131. Filmin oyuncular\u0131ndan olan Zafer Alg\u00f6z, rol almas\u0131 \u00fczerine gelen yorumlar hakk\u0131nda konu\u015ftu. \u0130\u015fte detaylar\u2026<\/p>\n<h3>ZAFER ALG\u00d6Z SON SEFER F\u0130LM\u0130NDE ROL ALMASI HAKKINDA KONU\u015eTU!<\/h3>\n<p>15 Temmuz 2016 y\u0131l\u0131nda Fethullah\u00e7\u0131 Ter\u00f6r \u00d6rg\u00fct\u00fc\u2019n\u00fcn (FET\u00d6) darbe giri\u015fiminin \u00fczerinden 9 y\u0131l ge\u00e7ti. Darbe giri\u015fiminin \u00fczerinden 9 y\u0131l ge\u00e7erken, TRT izleyicilerine 15 Temmuz\u2019u konu alan \u2018Son Sefer\u2019 isimli filmi TRT1 ekranlar\u0131nda seyircisi ile bulu\u015fturdu.<\/p>\n<p><img loading=\"lazy\" decoding=\"async\" class=\"alignnone size-full wp-image-205826\" src=\"https:\/\/www.tgrthaber.com\/mavikadin\/wp-content\/uploads\/ARZU-86-5.jpg\" alt=\"Zafer Alg\u00f6z Son Sefer filminde rol almas\u0131 hakk\u0131nda konu\u015ftu! \u00dcnl\u00fc oyuncu gelen ele\u015ftirilere cevap verdi \" width=\"1208\" height=\"680\" title=\"\" srcset=\"https:\/\/www.tgrthaber.com\/mavikadin\/wp-content\/uploads\/ARZU-86-5.jpg 1208w, https:\/\/www.tgrthaber.com\/mavikadin\/wp-content\/uploads\/ARZU-86-5-300x169.jpg 300w, https:\/\/www.tgrthaber.com\/mavikadin\/wp-content\/uploads\/ARZU-86-5-1024x576.jpg 1024w, https:\/\/www.tgrthaber.com\/mavikadin\/wp-content\/uploads\/ARZU-86-5-768x432.jpg 768w\" sizes=\"(max-width: 1208px) 100vw, 1208px\" \/><\/p>\n<hr \/>\n<p>TRT\u2019nin 15 Temmuz Darbe Giri\u015fimi\u2019ni anlatt\u0131\u011f\u0131 yeni filmi \u2018Son Sefer\u2019 ge\u00e7ti\u011fimiz ak\u015fam TRT1 ekranlar\u0131na geldi. U\u011fur Uzunok\u2019un yap\u0131mc\u0131l\u0131\u011f\u0131n\u0131 \u00fcstlendi\u011fi film, g\u00fc\u00e7l\u00fc oyuncu kadrosu dikkat \u00e7ekti. \u2018Son Sefer\u2019 filminde S\u00fcmeyye Aydo\u011fan ve Caner Top\u00e7u\u2019nun ba\u015frol olmas\u0131n\u0131n yan\u0131nda Zafer Alg\u00f6z, Cem \u00d6zer, Adnan Biricik, H\u00fclya \u015een, Murat Danac\u0131, Berke \u00dczrek, Asl\u0131han Karalar, Kaan Y\u0131lmaz, Ecem Simge Yurdatapan, O\u011fuzhan Karci, \u00c7a\u011fla Naz Karg\u0131, Alperen \u00c7avdar ve Elena Hakg\u00f6ze gibi isimler de yer al\u0131yor.<\/p>\n<p><img loading=\"lazy\" decoding=\"async\" class=\"alignnone size-full wp-image-205824\" src=\"https:\/\/www.tgrthaber.com\/mavikadin\/wp-content\/uploads\/ARZU-88-5.jpg\" alt=\"Zafer Alg\u00f6z Son Sefer filminde rol almas\u0131 hakk\u0131nda konu\u015ftu! \u00dcnl\u00fc oyuncu gelen ele\u015ftirilere cevap verdi \" width=\"1208\" height=\"680\" title=\"\" srcset=\"https:\/\/www.tgrthaber.com\/mavikadin\/wp-content\/uploads\/ARZU-88-5.jpg 1208w, https:\/\/www.tgrthaber.com\/mavikadin\/wp-content\/uploads\/ARZU-88-5-300x169.jpg 300w, https:\/\/www.tgrthaber.com\/mavikadin\/wp-content\/uploads\/ARZU-88-5-1024x576.jpg 1024w, https:\/\/www.tgrthaber.com\/mavikadin\/wp-content\/uploads\/ARZU-88-5-768x432.jpg 768w\" sizes=\"(max-width: 1208px) 100vw, 1208px\" \/><\/p>\n<hr \/>\n<p>Berat \u00d6zda\u011f\u0131n\u2019\u0131n y\u00f6netmen koltu\u011funda oturdu\u011fu filimde, 15 Temmuz 2016 gecesinde ya\u015fanan darbe giri\u015fimi, T\u00fcrkiye\u2019nin d\u00f6rt bir yan\u0131nda vatan i\u00e7in m\u00fccadele eden asker, polis ve sivillerin hikayesini konu al\u0131yor. Emekli olmaya haz\u0131rlanan otob\u00fcs \u015fof\u00f6r\u00fc Ercan\u2019\u0131n son seferine \u00e7\u0131kt\u0131\u011f\u0131 gece ger\u00e7ekle\u015fen bu darbe giri\u015fimi, aralar\u0131nda k\u0131z\u0131n\u0131n sevdi\u011fi adam Kerem\u2019inde bulundu\u011fu yolcular ile Atat\u00fcrk Havaliman\u0131na do\u011fru yol al\u0131r. Ancak darbe giri\u015fimi ile bu yolculuk direni\u015f hikayesine d\u00f6n\u00fc\u015f\u00fcr.<\/p>\n<p><img loading=\"lazy\" decoding=\"async\" class=\"alignnone size-full wp-image-205822\" src=\"https:\/\/www.tgrthaber.com\/mavikadin\/wp-content\/uploads\/ARZU-90-3.jpg\" alt=\"Zafer Alg\u00f6z Son Sefer filminde rol almas\u0131 hakk\u0131nda konu\u015ftu! \u00dcnl\u00fc oyuncu gelen ele\u015ftirilere cevap verdi \" width=\"1208\" height=\"680\" title=\"\" srcset=\"https:\/\/www.tgrthaber.com\/mavikadin\/wp-content\/uploads\/ARZU-90-3.jpg 1208w, https:\/\/www.tgrthaber.com\/mavikadin\/wp-content\/uploads\/ARZU-90-3-300x169.jpg 300w, https:\/\/www.tgrthaber.com\/mavikadin\/wp-content\/uploads\/ARZU-90-3-1024x576.jpg 1024w, https:\/\/www.tgrthaber.com\/mavikadin\/wp-content\/uploads\/ARZU-90-3-768x432.jpg 768w\" sizes=\"(max-width: 1208px) 100vw, 1208px\" \/><\/p>\n<hr \/>\n<p>TRT1 ekranlar\u0131nda izleyici ile bulu\u015fan film de \u00fcnl\u00fc oyuncu Zafer Alg\u00f6z, rol almas\u0131 \u00fczerine gelen yorumlara cevap verdi. Ald\u0131\u011f\u0131 \u2018Ercan\u2019 rol\u00fc ile yorum ya\u011fmuruna tutulan Zafer Alg\u00f6z, filimle alakal\u0131 Sanob Magazin\u2019e konu\u015ftu.<\/p>\n<h3><img loading=\"lazy\" decoding=\"async\" class=\"alignnone size-full wp-image-205825\" src=\"https:\/\/www.tgrthaber.com\/mavikadin\/wp-content\/uploads\/ARZU-87-6.jpg\" alt=\"Zafer Alg\u00f6z Son Sefer filminde rol almas\u0131 hakk\u0131nda konu\u015ftu! \u00dcnl\u00fc oyuncu gelen ele\u015ftirilere cevap verdi \" width=\"1208\" height=\"680\" title=\"\" srcset=\"https:\/\/www.tgrthaber.com\/mavikadin\/wp-content\/uploads\/ARZU-87-6.jpg 1208w, https:\/\/www.tgrthaber.com\/mavikadin\/wp-content\/uploads\/ARZU-87-6-300x169.jpg 300w, https:\/\/www.tgrthaber.com\/mavikadin\/wp-content\/uploads\/ARZU-87-6-1024x576.jpg 1024w, https:\/\/www.tgrthaber.com\/mavikadin\/wp-content\/uploads\/ARZU-87-6-768x432.jpg 768w\" sizes=\"(max-width: 1208px) 100vw, 1208px\" \/><\/h3>\n<hr \/>\n<h3>\u00dcNL\u00dc OYUNCU GELEN ELE\u015eT\u0130R\u0130LERE CEVAP VERD\u0130<\/h3>\n<p>TRT 1 ekranlar\u0131nda seyirci ile bulu\u015fan \u2018Son Sefer\u2019 filminde rol alan Zafer Alg\u00f6z, hakk\u0131nda \u00e7\u0131kan yorumlara cevap verdi. Ald\u0131\u011f\u0131 rol ile \u00e7ok konu\u015fulan konular aras\u0131nda yer ald\u0131. \u00dcnl\u00fc oyuncu bu yorumlara Snob Magazin\u2019ine verdi\u011fi r\u00f6portaj ile hakk\u0131nda yap\u0131lan yorumlara cevap verdi.<\/p>\n<p><img loading=\"lazy\" decoding=\"async\" class=\"alignnone size-full wp-image-205821\" src=\"https:\/\/www.tgrthaber.com\/mavikadin\/wp-content\/uploads\/ARZU-91-2.jpg\" alt=\"Zafer Alg\u00f6z Son Sefer filminde rol almas\u0131 hakk\u0131nda konu\u015ftu! \u00dcnl\u00fc oyuncu gelen ele\u015ftirilere cevap verdi \" width=\"1208\" height=\"680\" title=\"\" srcset=\"https:\/\/www.tgrthaber.com\/mavikadin\/wp-content\/uploads\/ARZU-91-2.jpg 1208w, https:\/\/www.tgrthaber.com\/mavikadin\/wp-content\/uploads\/ARZU-91-2-300x169.jpg 300w, https:\/\/www.tgrthaber.com\/mavikadin\/wp-content\/uploads\/ARZU-91-2-1024x576.jpg 1024w, https:\/\/www.tgrthaber.com\/mavikadin\/wp-content\/uploads\/ARZU-91-2-768x432.jpg 768w\" sizes=\"(max-width: 1208px) 100vw, 1208px\" \/><\/p>\n<hr \/>\n<p>Zafer Alg\u00f6z, \u201cNiye ele\u015ftiri geldi anlamad\u0131m. Ben alt\u0131 sene \u00f6nce de B\u00f6r\u00fc diye bir i\u015f yapt\u0131m. Bence \u00e7ok g\u00fczel bir film oldu.\u201d s\u00f6zlerini kulland\u0131. Muhabirin \u2018T\u00fcrkiye\u2019de herkesi memnun etmek zordur yani\u2019 s\u00f6z\u00fcne ek olarak Zafer Alg\u00f6z de \u201cTabi, tabi.\u201d s\u00f6zlerini ifade etti.<\/p>\n","protected":false},"excerpt":{"rendered":"<p>\u00dcnl\u00fc oyuncu Zafer Alg\u00f6z, 15 Temmuz \u2018u anlatan \u2018Son Sefer\u2019 adl\u0131 film de rol almas\u0131 \u00fczerine gelen yorumlara cevap verdi. \u0130\u015fte detaylar\u2026<\/p>\n","protected":false},"author":34,"featured_media":205823,"comment_status":"closed","ping_status":"closed","sticky":false,"template":"","format":"standard","meta":{"rank_math_lock_modified_date":false,"footnotes":""},"categories":[76],"tags":[2218,3437,27548,27549],"class_list":["post-205797","post","type-post","status-publish","format-standard","has-post-thumbnail","hentry","category-magazin","tag-magazin-haberleri","tag-zafer-algoz","tag-zafer-algoz-15-temmuz-filmi","tag-zafer-algoz-son-sefer"],"_links":{"self":[{"href":"https:\/\/www.tgrthaber.com\/mavikadin\/wp-json\/wp\/v2\/posts\/205797"}],"collection":[{"href":"https:\/\/www.tgrthaber.com\/mavikadin\/wp-json\/wp\/v2\/posts"}],"about":[{"href":"https:\/\/www.tgrthaber.com\/mavikadin\/wp-json\/wp\/v2\/types\/post"}],"author":[{"embeddable":true,"href":"https:\/\/www.tgrthaber.com\/mavikadin\/wp-json\/wp\/v2\/users\/34"}],"replies":[{"embeddable":true,"href":"https:\/\/www.tgrthaber.com\/mavikadin\/wp-json\/wp\/v2\/comments?post=205797"}],"version-history":[{"count":1,"href":"https:\/\/www.tgrthaber.com\/mavikadin\/wp-json\/wp\/v2\/posts\/205797\/revisions"}],"predecessor-version":[{"id":205829,"href":"https:\/\/www.tgrthaber.com\/mavikadin\/wp-json\/wp\/v2\/posts\/205797\/revisions\/205829"}],"wp:featuredmedia":[{"embeddable":true,"href":"https:\/\/www.tgrthaber.com\/mavikadin\/wp-json\/wp\/v2\/media\/205823"}],"wp:attachment":[{"href":"https:\/\/www.tgrthaber.com\/mavikadin\/wp-json\/wp\/v2\/media?parent=205797"}],"wp:term":[{"taxonomy":"category","embeddable":true,"href":"https:\/\/www.tgrthaber.com\/mavikadin\/wp-json\/wp\/v2\/categories?post=205797"},{"taxonomy":"post_tag","embeddable":true,"href":"https:\/\/www.tgrthaber.com\/mavikadin\/wp-json\/wp\/v2\/tags?post=205797"}],"curies":[{"name":"wp","href":"https:\/\/api.w.org\/{rel}","templated":true}]}}