{"id":205827,"date":"2025-07-16T10:16:12","date_gmt":"2025-07-16T07:16:12","guid":{"rendered":"https:\/\/www.tgrthaber.com\/mavikadin\/?p=205827"},"modified":"2025-09-19T16:17:35","modified_gmt":"2025-09-19T13:17:35","slug":"cem-yigit-uzumoglu-hapse-mi-girecek-cem-yigit-uzumoglu-mesajlarinda-ne-var","status":"publish","type":"post","link":"https:\/\/www.tgrthaber.com\/mavikadin\/cem-yigit-uzumoglu-hapse-mi-girecek-cem-yigit-uzumoglu-mesajlarinda-ne-var\/","title":{"rendered":"Cem Yi\u011fit \u00dcz\u00fcmo\u011flu hapse mi girecek? Cem Yi\u011fit \u00dcz\u00fcmo\u011flu mesajlar\u0131nda ne var?"},"content":{"rendered":"<p>Cem Yi\u011fit \u00dcz\u00fcmo\u011flu hapse mi girecek? Ara\u015ft\u0131r\u0131l\u0131yor. Sosyal medyadan \u00fclke genelindeki t\u00fcm ticari faaliyetlerin durdurulmas\u0131na ili\u015fkin \u2018boykot&#8217; \u00e7a\u011fr\u0131lar\u0131 yapmas\u0131na y\u00f6nelik y\u00fcr\u00fct\u00fclen soru\u015fturma bitti.<\/p>\n<h3>CEM Y\u0130\u011e\u0130T \u00dcZ\u00dcMO\u011eLU HAPSE M\u0130 G\u0130RECEK?<\/h3>\n<p>Cem Yi\u011fit \u00dcz\u00fcmo\u011flu&#8217;nun da aralar\u0131nda yer ald\u0131\u011f\u0131 21 \u015f\u00fcphelinin sosyal medyadan \u00fclke genelindeki t\u00fcm ticari faaliyetlerin durdurulmas\u0131na ili\u015fkin \u2018boykot&#8217; \u00e7a\u011fr\u0131lar\u0131 yapmas\u0131na y\u00f6nelik yap\u0131lan soru\u015fturma tamamland\u0131.<\/p>\n<p>\u0130ddianameye \u015f\u00fcphelilerin ayr\u0131 ayr\u0131 7 y\u0131l 6 aya kadar hapis cezas\u0131na \u00e7arpt\u0131r\u0131lmas\u0131 talep edildi.<\/p>\n<p><img loading=\"lazy\" decoding=\"async\" class=\"alignnone size-full wp-image-205828\" src=\"https:\/\/www.tgrthaber.com\/mavikadin\/wp-content\/uploads\/Cem-Yigit-Uzumoglu-1.png\" alt=\"\" width=\"1208\" height=\"680\" title=\"\" srcset=\"https:\/\/www.tgrthaber.com\/mavikadin\/wp-content\/uploads\/Cem-Yigit-Uzumoglu-1.png 1208w, https:\/\/www.tgrthaber.com\/mavikadin\/wp-content\/uploads\/Cem-Yigit-Uzumoglu-1-300x169.png 300w, https:\/\/www.tgrthaber.com\/mavikadin\/wp-content\/uploads\/Cem-Yigit-Uzumoglu-1-1024x576.png 1024w, https:\/\/www.tgrthaber.com\/mavikadin\/wp-content\/uploads\/Cem-Yigit-Uzumoglu-1-768x432.png 768w\" sizes=\"(max-width: 1208px) 100vw, 1208px\" \/><\/p>\n<hr \/>\n<h3>CEM Y\u0130\u011e\u0130T \u00dcZ\u00dcMO\u011eLU MESAJLARINDA NE VAR?<\/h3>\n<p>\u015e\u00fcpheli isimler aras\u0131nda yer alan \u00dcz\u00fcmo\u011flu&#8217;nun cep telefonu incelemesinde ise \u2018Te\u015fkilat setinin nerede oldu\u011funu \u00f6\u011freniyorum, basal\u0131m m\u0131?&#8217; ve \u2018Set durdural\u0131m&#8217; gibi mesajlar payla\u015ft\u0131\u011f\u0131n\u0131n g\u00f6r\u00fcld\u00fc\u011f\u00fc ortaya \u00e7\u0131kt\u0131.<\/p>\n<p>\u0130stanbul Cumhuriyet Ba\u015fsavc\u0131l\u0131\u011f\u0131&#8217;nca haz\u0131rlanan iddianamede, 21 ki\u015fi &#8216;\u015f\u00fcpheli&#8217; s\u0131fat\u0131yla yer ald\u0131. \u0130ddianamede, \u0130stanbul B\u00fcy\u00fck\u015fehir Belediyesi ve baz\u0131 il\u00e7e belediyelerine y\u00f6nelik y\u00fcr\u00fct\u00fclen soru\u015fturmalarla ilgili olarak sosyal medyada boykot \u00e7a\u011fr\u0131lar\u0131n\u0131n yap\u0131ld\u0131\u011f\u0131n\u0131n ve \u00fclke genelinde t\u00fcm ticari faaliyetlerin durdurulmas\u0131na y\u00f6nelik payla\u015f\u0131mlar yap\u0131ld\u0131\u011f\u0131n\u0131n tespit edilmesi \u00fczerine soru\u015fturmaya ba\u015fland\u0131\u011f\u0131 aktar\u0131ld\u0131.<\/p>\n<p><img loading=\"lazy\" decoding=\"async\" class=\"alignnone size-full wp-image-205831\" src=\"https:\/\/www.tgrthaber.com\/mavikadin\/wp-content\/uploads\/Cem-Yigit-Uzumoglu-2-1.png\" alt=\"\" width=\"1208\" height=\"680\" title=\"\" srcset=\"https:\/\/www.tgrthaber.com\/mavikadin\/wp-content\/uploads\/Cem-Yigit-Uzumoglu-2-1.png 1208w, https:\/\/www.tgrthaber.com\/mavikadin\/wp-content\/uploads\/Cem-Yigit-Uzumoglu-2-1-300x169.png 300w, https:\/\/www.tgrthaber.com\/mavikadin\/wp-content\/uploads\/Cem-Yigit-Uzumoglu-2-1-1024x576.png 1024w, https:\/\/www.tgrthaber.com\/mavikadin\/wp-content\/uploads\/Cem-Yigit-Uzumoglu-2-1-768x432.png 768w\" sizes=\"(max-width: 1208px) 100vw, 1208px\" \/><\/p>\n<hr \/>\n<p>Yap\u0131lan boykot temal\u0131 payla\u015f\u0131mlar\u0131n toplumun i\u00e7inde bulundu\u011fu birlik ve beraberlik i\u00e7eren ortak de\u011ferlerin hilaf\u0131na, halk\u0131n sosyal s\u0131n\u0131f bak\u0131m\u0131ndan farkl\u0131 \u00f6zelliklere sahip bir kesiminin di\u011fer bir kesimi aleyhine kin ve d\u00fc\u015fmanl\u0131\u011fa alenen tahrik edilmesine sebebiyet verdi\u011finin aktar\u0131ld\u0131\u011f\u0131 iddianamede, s\u00f6ylenen s\u00f6zlerin toplumun geli\u015fmesine katk\u0131 sa\u011flamaktan uzak ayr\u0131\u015ft\u0131r\u0131c\u0131 oldu\u011fu kamu g\u00fcvenli\u011fini bozma a\u00e7\u0131s\u0131ndan tehlike olu\u015fturdu\u011fu vurguland\u0131.<\/p>\n<p>\u00dcz\u00fcmo\u011flu&#8217;nun mesajlar\u0131n TRT&#8217;de yay\u0131nlanan Te\u015fkilat isimli dizideki bir oyuncunun i\u015f akdinin feshedilmesinden hemen sonra payla\u015f\u0131ld\u0131\u011f\u0131 bu ba\u011flamda \u015f\u00fcpheli \u00dcz\u00fcmo\u011flu&#8217;nun ayr\u0131\u015ft\u0131r\u0131c\u0131 ve \u015fiddetli nefrete y\u00f6nlendirici nitelikte eylemler sergiledi\u011fi ifade edildi.<\/p>\n<p><img loading=\"lazy\" decoding=\"async\" class=\"alignnone size-full wp-image-205832\" src=\"https:\/\/www.tgrthaber.com\/mavikadin\/wp-content\/uploads\/Cem-Yigit-Uzumoglu-5.png\" alt=\"\" width=\"1208\" height=\"680\" title=\"\" srcset=\"https:\/\/www.tgrthaber.com\/mavikadin\/wp-content\/uploads\/Cem-Yigit-Uzumoglu-5.png 1208w, https:\/\/www.tgrthaber.com\/mavikadin\/wp-content\/uploads\/Cem-Yigit-Uzumoglu-5-300x169.png 300w, https:\/\/www.tgrthaber.com\/mavikadin\/wp-content\/uploads\/Cem-Yigit-Uzumoglu-5-1024x576.png 1024w, https:\/\/www.tgrthaber.com\/mavikadin\/wp-content\/uploads\/Cem-Yigit-Uzumoglu-5-768x432.png 768w\" sizes=\"(max-width: 1208px) 100vw, 1208px\" \/><\/p>\n<hr \/>\n<h3>7&#8217;\u015eER YIL 6&#8217;\u015eAR AYA KADAR HAP\u0130S \u0130STEND\u0130<\/h3>\n<p>\u015e\u00fcpheliler Cem Yi\u011fit \u00dcz\u00fcmo\u011flu, Asl\u0131 Yirsutimur, Bekir Aslan, Berna G\u00fcneri Kutlu, Buse Vatansever, Ceren \u00d6rnek, Bur\u00e7in Erol, Damla K\u0131rali, Deniz Bulutsuz, Muhammet Enes \u00d6zel, \u00d6mer \u00c7ift\u00e7i, Seren Ayd\u0131n, Serta\u00e7 Do\u011fanay, Mehmet Erdem Cevahirefendio\u011flu, Seyda Murat Germen, \u015eenay A\u011fgez, Tunahan Mert Topuz, U\u011fur Yang\u0131n, Yeliz A\u011fdemir, Zeynep Ocak ve Zeynep Sena Altan&#8217;\u0131n &#8216;ki\u015filer aras\u0131nda ayr\u0131mc\u0131l\u0131k yaparak bir ki\u015finin ola\u011fan bir ekonomik etkinlikte bulunmas\u0131n\u0131 engelleme&#8217; ve &#8216;bas\u0131n ve yay\u0131n yoluyla halk\u0131 kin ve d\u00fc\u015fmanl\u0131\u011fa alenen tahrik etme&#8217; su\u00e7lar\u0131ndan toplamda ayr\u0131 ayr\u0131 2 y\u0131l 6 aydan 7 y\u0131l 6 aya kadar hapis cezas\u0131na \u00e7arpt\u0131r\u0131lmas\u0131 talep edildi.<\/p>\n","protected":false},"excerpt":{"rendered":"<p>Cem Yi\u011fit \u00dcz\u00fcmo\u011flu hapse mi girecek? Merak ediliyor. Sosyal medyadan \u00fclke genelindeki t\u00fcm ticari faaliyetlerin durdurulmas\u0131na ili\u015fkin \u2018boykot&#8217; \u00e7a\u011fr\u0131lar\u0131 yapmas\u0131na y\u00f6nelik y\u00fcr\u00fct\u00fclen soru\u015fturma tamamland\u0131.<\/p>\n","protected":false},"author":5,"featured_media":205833,"comment_status":"closed","ping_status":"closed","sticky":false,"template":"","format":"standard","meta":{"rank_math_lock_modified_date":false,"footnotes":""},"categories":[76],"tags":[28328,3370,133],"class_list":["post-205827","post","type-post","status-publish","format-standard","has-post-thumbnail","hentry","category-magazin","tag-boykot-sorusturmasi","tag-cem-yigit-uzumoglu","tag-magazin"],"_links":{"self":[{"href":"https:\/\/www.tgrthaber.com\/mavikadin\/wp-json\/wp\/v2\/posts\/205827"}],"collection":[{"href":"https:\/\/www.tgrthaber.com\/mavikadin\/wp-json\/wp\/v2\/posts"}],"about":[{"href":"https:\/\/www.tgrthaber.com\/mavikadin\/wp-json\/wp\/v2\/types\/post"}],"author":[{"embeddable":true,"href":"https:\/\/www.tgrthaber.com\/mavikadin\/wp-json\/wp\/v2\/users\/5"}],"replies":[{"embeddable":true,"href":"https:\/\/www.tgrthaber.com\/mavikadin\/wp-json\/wp\/v2\/comments?post=205827"}],"version-history":[{"count":2,"href":"https:\/\/www.tgrthaber.com\/mavikadin\/wp-json\/wp\/v2\/posts\/205827\/revisions"}],"predecessor-version":[{"id":205835,"href":"https:\/\/www.tgrthaber.com\/mavikadin\/wp-json\/wp\/v2\/posts\/205827\/revisions\/205835"}],"wp:featuredmedia":[{"embeddable":true,"href":"https:\/\/www.tgrthaber.com\/mavikadin\/wp-json\/wp\/v2\/media\/205833"}],"wp:attachment":[{"href":"https:\/\/www.tgrthaber.com\/mavikadin\/wp-json\/wp\/v2\/media?parent=205827"}],"wp:term":[{"taxonomy":"category","embeddable":true,"href":"https:\/\/www.tgrthaber.com\/mavikadin\/wp-json\/wp\/v2\/categories?post=205827"},{"taxonomy":"post_tag","embeddable":true,"href":"https:\/\/www.tgrthaber.com\/mavikadin\/wp-json\/wp\/v2\/tags?post=205827"}],"curies":[{"name":"wp","href":"https:\/\/api.w.org\/{rel}","templated":true}]}}