{"id":205830,"date":"2025-07-16T10:20:26","date_gmt":"2025-07-16T07:20:26","guid":{"rendered":"https:\/\/www.tgrthaber.com\/mavikadin\/?p=205830"},"modified":"2025-07-16T10:20:26","modified_gmt":"2025-07-16T07:20:26","slug":"arda-edeoglu-gercek-adi-nedir-arda-edeoglu-meslegi-nedir","status":"publish","type":"post","link":"https:\/\/www.tgrthaber.com\/mavikadin\/arda-edeoglu-gercek-adi-nedir-arda-edeoglu-meslegi-nedir\/","title":{"rendered":"Arda Edeo\u011flu ger\u00e7ek ad\u0131 nedir? Arda Edeo\u011flu mesle\u011fi nedir?"},"content":{"rendered":"<p>Ge\u00e7ti\u011fimiz g\u00fcnlerde 3 \u00e7ocu\u011fuyla birlikte silahl\u0131 sald\u0131r\u0131ya u\u011frayan ve t\u00fcm m\u00fcdahalelere ra\u011fmen hayat\u0131n\u0131 kaybeden Arda Edeo\u011flu\u2019nun ger\u00e7ek ad\u0131n\u0131n\u0131n ne oldu\u011fu merak edildi. Sosyal medya payla\u015f\u0131mlar\u0131yla ad\u0131ndan s\u00f6z ettiren Arda Edeo\u011flu, TikTok ve Instagram platformu \u00fczerinden yapt\u0131\u011f\u0131 payla\u015f\u0131mlarla pop\u00fclerli\u011fini art\u0131rm\u0131\u015ft\u0131. Sosyal medyada da \u2018Arda Edeo\u011flu\u2019 ad\u0131yla varl\u0131\u011f\u0131n\u0131 g\u00f6steren \u00fcnl\u00fc fenomenin ger\u00e7ek ad\u0131n\u0131n ne oldu\u011fu ara\u015ft\u0131r\u0131l\u0131yor. Peki, Arda Edeo\u011flu ger\u00e7ek ad\u0131 nedir? Arda Edeo\u011flu mesle\u011fi nedir? Arda Edeo\u011flu hakk\u0131nda merak edilenleri sizin i\u00e7in ara\u015ft\u0131rd\u0131k. \u0130\u015fte Arda Edeo\u011flu hakk\u0131nda merak edilenler\u2026<\/p>\n<h3>ARDA EDEO\u011eLU GER\u00c7EK ADI NED\u0130R?<\/h3>\n<p>Arda Edeo\u011flu, 14 Temmuz 2025 tarihinde saat 22.00 s\u0131ralar\u0131nda Van\u2019\u0131n \u0130pekyolu il\u00e7esine ba\u011fl\u0131 Selimbey Mahallesi\u2019nde bir araca uzun namlulu kala\u015fnikof tipi otomatik silahla yap\u0131lan silahl\u0131 sald\u0131r\u0131da a\u011f\u0131r yaraland\u0131.<\/p>\n<p><img loading=\"lazy\" decoding=\"async\" class=\"alignnone wp-image-205837\" src=\"https:\/\/www.tgrthaber.com\/mavikadin\/wp-content\/uploads\/Arda-Edeoglu-4-1-1024x576.jpg\" alt=\"Arda Edeo\u011flu ger\u00e7ek ad\u0131 nedir? Arda Edeo\u011flu mesle\u011fi nedir?\" width=\"1208\" height=\"680\" title=\"\" srcset=\"https:\/\/www.tgrthaber.com\/mavikadin\/wp-content\/uploads\/Arda-Edeoglu-4-1-1024x576.jpg 1024w, https:\/\/www.tgrthaber.com\/mavikadin\/wp-content\/uploads\/Arda-Edeoglu-4-1-300x169.jpg 300w, https:\/\/www.tgrthaber.com\/mavikadin\/wp-content\/uploads\/Arda-Edeoglu-4-1-768x432.jpg 768w, https:\/\/www.tgrthaber.com\/mavikadin\/wp-content\/uploads\/Arda-Edeoglu-4-1.jpg 1208w\" sizes=\"(max-width: 1208px) 100vw, 1208px\" \/><\/p>\n<hr \/>\n<p>3 \u00e7ocu\u011fu ile evine giderken sitenin otopark\u0131nda kimli\u011fi belirsiz ki\u015fi ya da ki\u015filerin silahl\u0131 sald\u0131r\u0131s\u0131na u\u011frayan Edeo\u011flu, t\u00fcm m\u00fcdahalelere ra\u011fmen kurtar\u0131lamad\u0131. Sosyal medya fenomeninin vefat haberi sevenlerini derin bir h\u00fczne bo\u011fdu.<\/p>\n<p>Vefat\u0131yla sevenlerini derin bir h\u00fczne bo\u011fan \u00fcnl\u00fc sosyal medya fenomeninin ger\u00e7ek ad\u0131n\u0131n ne oldu\u011fu da ortaya \u00e7\u0131kt\u0131. Sosyal medya platformlar\u0131nda \u2018Arda Edeo\u011flu\u2019 takma ad\u0131yla payla\u015f\u0131mlar yapan \u00fcnl\u00fc fenomenin ger\u00e7ek ad\u0131 Onur Karael \u00e7\u0131kt\u0131.<\/p>\n<p><img loading=\"lazy\" decoding=\"async\" class=\"alignnone wp-image-205838\" src=\"https:\/\/www.tgrthaber.com\/mavikadin\/wp-content\/uploads\/Arda-Edeoglu-7-1-1024x576.jpg\" alt=\"Arda Edeo\u011flu ger\u00e7ek ad\u0131 nedir? Arda Edeo\u011flu mesle\u011fi nedir?\" width=\"1208\" height=\"680\" title=\"\" srcset=\"https:\/\/www.tgrthaber.com\/mavikadin\/wp-content\/uploads\/Arda-Edeoglu-7-1-1024x576.jpg 1024w, https:\/\/www.tgrthaber.com\/mavikadin\/wp-content\/uploads\/Arda-Edeoglu-7-1-300x169.jpg 300w, https:\/\/www.tgrthaber.com\/mavikadin\/wp-content\/uploads\/Arda-Edeoglu-7-1-768x432.jpg 768w, https:\/\/www.tgrthaber.com\/mavikadin\/wp-content\/uploads\/Arda-Edeoglu-7-1.jpg 1208w\" sizes=\"(max-width: 1208px) 100vw, 1208px\" \/><\/p>\n<hr \/>\n<p>Arda Edeo\u011flu takma ad\u0131yla sosyal medyada tan\u0131nan \u00fcnl\u00fc fenomen Onur Karael, ge\u00e7ti\u011fimiz g\u00fcn memleketi Y\u00fcksekova\u2019da Esenyurt TOK\u0130 Mezarl\u0131\u011f\u0131\u2019nda d\u00fczenlenen cenaze t\u00f6reniyle son yolculu\u011funa u\u011furland\u0131.<\/p>\n<h3>ARDA EDEO\u011eLU MESLE\u011e\u0130 NED\u0130R?<\/h3>\n<p>Hen\u00fcz 36 ya\u015f\u0131nda hayata g\u00f6zlerini yuman Arda Edeo\u011flu, evli ve 3 \u00e7ocuk babas\u0131yd\u0131. Ger\u00e7ek ad\u0131 Onur Karael olan Arda Edeo\u011flu,\u00a0Hakkari\u2019nin Y\u00fcksekova il\u00e7esinde do\u011fdu. Aslen Hakkari Y\u00fcksekoval\u0131 olan \u00fcnl\u00fc fenomen hayat\u0131n\u0131 Van\u2019da s\u00fcrd\u00fcr\u00fcyordu. \u00d6zellikle TikTok ve Instagram platformunda yapt\u0131\u011f\u0131 payla\u015f\u0131mlarla ad\u0131ndan s\u00f6z ettiren Edeo\u011flu, sosyal medya fenomeni ve i\u00e7erik \u00fcreticisiydi.<\/p>\n<p><img loading=\"lazy\" decoding=\"async\" class=\"alignnone wp-image-205839\" src=\"https:\/\/www.tgrthaber.com\/mavikadin\/wp-content\/uploads\/Arda-Edeoglu-1-1024x576.jpg\" alt=\"Arda Edeo\u011flu ger\u00e7ek ad\u0131 nedir? Arda Edeo\u011flu mesle\u011fi nedir?\" width=\"1208\" height=\"680\" title=\"\" srcset=\"https:\/\/www.tgrthaber.com\/mavikadin\/wp-content\/uploads\/Arda-Edeoglu-1-1024x576.jpg 1024w, https:\/\/www.tgrthaber.com\/mavikadin\/wp-content\/uploads\/Arda-Edeoglu-1-300x169.jpg 300w, https:\/\/www.tgrthaber.com\/mavikadin\/wp-content\/uploads\/Arda-Edeoglu-1-768x432.jpg 768w, https:\/\/www.tgrthaber.com\/mavikadin\/wp-content\/uploads\/Arda-Edeoglu-1.jpg 1208w\" sizes=\"(max-width: 1208px) 100vw, 1208px\" \/><\/p>\n<hr \/>\n<p>Sosyal medya fenomenli\u011finin yan\u0131 s\u0131ra Van\u2019da ticaretle u\u011fra\u015fan Arda Edeo\u011flu, ticari kariyerinin yan\u0131 s\u0131ra modellik ge\u00e7mi\u015fiyle de b\u00fcy\u00fck ilgi g\u00f6r\u00fcyordu. \u00c7e\u015fitli televizyon projelerinde yer alan ve ad\u0131n\u0131 geni\u015f kitlelere duyuran Edeo\u011flu, Tiktok ve Instagram\u2019daki e\u011flenceli i\u00e7erikleri ve giyim tarz\u0131yla dikkat \u00e7ekiyordu. Edeo\u011flu, ayn\u0131 zamanda sosyal medyada daha \u00e7ok g\u00fcnl\u00fck ya\u015fant\u0131s\u0131n\u0131 ve aile hayat\u0131n\u0131 ele alan payla\u015f\u0131mlar\u0131yla geni\u015f bir takip\u00e7i kitlesine sahipti.<\/p>\n<p><img loading=\"lazy\" decoding=\"async\" class=\"alignnone wp-image-205840\" src=\"https:\/\/www.tgrthaber.com\/mavikadin\/wp-content\/uploads\/Arda-Edeoglu-8-1024x576.jpg\" alt=\"Arda Edeo\u011flu ger\u00e7ek ad\u0131 nedir? Arda Edeo\u011flu mesle\u011fi nedir?\" width=\"1208\" height=\"680\" title=\"\" srcset=\"https:\/\/www.tgrthaber.com\/mavikadin\/wp-content\/uploads\/Arda-Edeoglu-8-1024x576.jpg 1024w, https:\/\/www.tgrthaber.com\/mavikadin\/wp-content\/uploads\/Arda-Edeoglu-8-300x169.jpg 300w, https:\/\/www.tgrthaber.com\/mavikadin\/wp-content\/uploads\/Arda-Edeoglu-8-768x432.jpg 768w, https:\/\/www.tgrthaber.com\/mavikadin\/wp-content\/uploads\/Arda-Edeoglu-8.jpg 1208w\" sizes=\"(max-width: 1208px) 100vw, 1208px\" \/><\/p>\n","protected":false},"excerpt":{"rendered":"<p>Sosyal medyada \u00e7ekti\u011fi videolarla pop\u00fclerli\u011fini art\u0131ran Arda Edeo\u011flu, ge\u00e7ti\u011fimiz g\u00fcnlerde u\u011frad\u0131\u011f\u0131 silahl\u0131 sald\u0131r\u0131 sonucu hayat\u0131n\u0131 kaybetmi\u015fti. Arda Edeo\u011flu\u2019nun ger\u00e7ek ad\u0131n\u0131n ne oldu\u011fu merak edildi. \u0130\u015fte detaylar\u2026<\/p>\n","protected":false},"author":26,"featured_media":205836,"comment_status":"closed","ping_status":"closed","sticky":false,"template":"","format":"standard","meta":{"rank_math_lock_modified_date":false,"footnotes":""},"categories":[491],"tags":[28220,28329,28222,3374,16521,28221,28330],"class_list":["post-205830","post","type-post","status-publish","format-standard","has-post-thumbnail","hentry","category-biyografi","tag-arda-edeoglu","tag-arda-edeoglu-gercek-adi","tag-arda-edeoglu-kimdir","tag-biyografi","tag-biyografi-haberleri","tag-onur-karael","tag-onur-karael-kimdir"],"_links":{"self":[{"href":"https:\/\/www.tgrthaber.com\/mavikadin\/wp-json\/wp\/v2\/posts\/205830"}],"collection":[{"href":"https:\/\/www.tgrthaber.com\/mavikadin\/wp-json\/wp\/v2\/posts"}],"about":[{"href":"https:\/\/www.tgrthaber.com\/mavikadin\/wp-json\/wp\/v2\/types\/post"}],"author":[{"embeddable":true,"href":"https:\/\/www.tgrthaber.com\/mavikadin\/wp-json\/wp\/v2\/users\/26"}],"replies":[{"embeddable":true,"href":"https:\/\/www.tgrthaber.com\/mavikadin\/wp-json\/wp\/v2\/comments?post=205830"}],"version-history":[{"count":1,"href":"https:\/\/www.tgrthaber.com\/mavikadin\/wp-json\/wp\/v2\/posts\/205830\/revisions"}],"predecessor-version":[{"id":205841,"href":"https:\/\/www.tgrthaber.com\/mavikadin\/wp-json\/wp\/v2\/posts\/205830\/revisions\/205841"}],"wp:featuredmedia":[{"embeddable":true,"href":"https:\/\/www.tgrthaber.com\/mavikadin\/wp-json\/wp\/v2\/media\/205836"}],"wp:attachment":[{"href":"https:\/\/www.tgrthaber.com\/mavikadin\/wp-json\/wp\/v2\/media?parent=205830"}],"wp:term":[{"taxonomy":"category","embeddable":true,"href":"https:\/\/www.tgrthaber.com\/mavikadin\/wp-json\/wp\/v2\/categories?post=205830"},{"taxonomy":"post_tag","embeddable":true,"href":"https:\/\/www.tgrthaber.com\/mavikadin\/wp-json\/wp\/v2\/tags?post=205830"}],"curies":[{"name":"wp","href":"https:\/\/api.w.org\/{rel}","templated":true}]}}