{"id":205854,"date":"2025-07-16T11:20:54","date_gmt":"2025-07-16T08:20:54","guid":{"rendered":"https:\/\/www.tgrthaber.com\/mavikadin\/?p=205854"},"modified":"2025-07-16T11:20:54","modified_gmt":"2025-07-16T08:20:54","slug":"unutulmaz-dizilerin-yonetmeni-mahkemelik-oldu-uluc-bayraktar-kiracisina-dava-acti","status":"publish","type":"post","link":"https:\/\/www.tgrthaber.com\/mavikadin\/unutulmaz-dizilerin-yonetmeni-mahkemelik-oldu-uluc-bayraktar-kiracisina-dava-acti\/","title":{"rendered":"Unutulmaz dizilerin y\u00f6netmeni mahkemelik oldu! Ulu\u00e7 Bayraktar kirac\u0131s\u0131na dava a\u00e7t\u0131"},"content":{"rendered":"<p>Y\u00f6netmen Ulu\u00e7 Bayraktar, kirac\u0131s\u0131 ile anla\u015famay\u0131nca mahkemelik oldu. 105 bin liraya kirada oturdu\u011fu evinden \u00e7\u0131k\u0131p kendi evine ge\u00e7mek isteyen Ulu\u00e7 Bayraktar, kirac\u0131s\u0131 evden \u00e7\u0131kmay\u0131nca mahkemelik olmu\u015ftu. Mahkeme, Ulu\u00e7 Bayraktar\u2019\u0131 hakl\u0131 bularak evine ta\u015f\u0131nmas\u0131na karar verdi. \u0130\u015fte detaylar\u2026<\/p>\n<h3>UNUTULMAZ D\u0130Z\u0130LER\u0130N Y\u00d6NETMEN\u0130 MAHKEMEL\u0130K OLDU!<\/h3>\n<p>\u201c\u0130\u00e7erde\u201d, \u201cEzel\u201d, \u201cKaraday\u0131\u201d gibi unutulmaz dizilerin y\u00f6netmenli\u011fini yapan Ulu\u00e7 Bayraktar, g\u00fcndeme geldi. \u00dcnl\u00fc y\u00f6netmen, \u015fubat ay\u0131nda kirac\u0131s\u0131 ile mahkemelik olmu\u015ftu. Ulu\u00e7 Bayraktar, kendine ait olan Beyo\u011flu\u2019ndaki ev dairesini 2016 y\u0131l\u0131nda kiraya vermi\u015fti. Ge\u00e7ti\u011fimiz aylarda ise kirac\u0131s\u0131n\u0131n evi tahliye etmesini istemesi \u00fczerine mahkemelik oldu.<\/p>\n<p>Daireden \u00e7\u0131kmak istemeyen kirac\u0131 Ulu\u00e7 Bayraktar\u2019a y\u00fczde 25 zam yaparak 20 bin lira kira \u00f6demeyi s\u00fcrd\u00fcrd\u00fc. Ulu\u00e7 Bayraktar, kirac\u0131s\u0131n\u0131n evi bo\u015faltmamas\u0131 \u00fczerine \u00fcnl\u00fc y\u00f6netmen tahliye davas\u0131 a\u00e7t\u0131.<\/p>\n<h3><img loading=\"lazy\" decoding=\"async\" class=\"alignnone size-full wp-image-205877\" src=\"https:\/\/www.tgrthaber.com\/mavikadin\/wp-content\/uploads\/ARZU-92-2.jpg\" alt=\"Unutulmaz dizilerin y\u00f6netmeni mahkemelik oldu! Ulu\u00e7 Bayraktar kirac\u0131s\u0131na dava a\u00e7t\u0131\" width=\"1208\" height=\"680\" title=\"\" srcset=\"https:\/\/www.tgrthaber.com\/mavikadin\/wp-content\/uploads\/ARZU-92-2.jpg 1208w, https:\/\/www.tgrthaber.com\/mavikadin\/wp-content\/uploads\/ARZU-92-2-300x169.jpg 300w, https:\/\/www.tgrthaber.com\/mavikadin\/wp-content\/uploads\/ARZU-92-2-1024x576.jpg 1024w, https:\/\/www.tgrthaber.com\/mavikadin\/wp-content\/uploads\/ARZU-92-2-768x432.jpg 768w\" sizes=\"(max-width: 1208px) 100vw, 1208px\" \/><\/h3>\n<hr \/>\n<h3>ULU\u00c7 BAYRAKTAR K\u0130RACISINA DAVA A\u00c7TI<\/h3>\n<p>\u00dcnl\u00fc y\u00f6netmen Ulu\u00e7 Bayraktar, kendisinin de kirada oturdu\u011funu ve ba\u015fka bir dairesinin de bulunmad\u0131\u011f\u0131n\u0131 o y\u00fczden de kirac\u0131s\u0131n\u0131n evden \u00e7\u0131kmad\u0131\u011f\u0131n\u0131 ifade etti.<\/p>\n<p>Sabah Gazetesi\u2019nin haberine g\u00f6re, ayl\u0131k 105 bin lira kira \u00fccretiyle ma\u011fdur durumuna d\u00fc\u015ft\u00fc\u011f\u00fcn\u00fc s\u00f6yledi. \u0130htiya\u00e7 durumundan dolay\u0131 dava a\u00e7maya mecbur b\u0131rak\u0131ld\u0131\u011f\u0131n\u0131 anlatan Ulu\u00e7 Bayraktar, mahkeme taraf\u0131nda verilen karar da art\u0131k evine ta\u015f\u0131nabilecek.<\/p>\n<h3><img loading=\"lazy\" decoding=\"async\" class=\"alignnone size-full wp-image-205875\" src=\"https:\/\/www.tgrthaber.com\/mavikadin\/wp-content\/uploads\/ARZU-94-2.jpg\" alt=\"Unutulmaz dizilerin y\u00f6netmeni mahkemelik oldu! Ulu\u00e7 Bayraktar kirac\u0131s\u0131na dava a\u00e7t\u0131Unutulmaz dizilerin y\u00f6netmeni mahkemelik oldu! Ulu\u00e7 Bayraktar kirac\u0131s\u0131na dava a\u00e7t\u0131\" width=\"1208\" height=\"680\" title=\"\" srcset=\"https:\/\/www.tgrthaber.com\/mavikadin\/wp-content\/uploads\/ARZU-94-2.jpg 1208w, https:\/\/www.tgrthaber.com\/mavikadin\/wp-content\/uploads\/ARZU-94-2-300x169.jpg 300w, https:\/\/www.tgrthaber.com\/mavikadin\/wp-content\/uploads\/ARZU-94-2-1024x576.jpg 1024w, https:\/\/www.tgrthaber.com\/mavikadin\/wp-content\/uploads\/ARZU-94-2-768x432.jpg 768w\" sizes=\"(max-width: 1208px) 100vw, 1208px\" \/><\/h3>\n<hr \/>\n<h3>ULU\u00c7 BAYRAKTAR K\u0130MD\u0130R?<\/h3>\n<p>\u00dcnl\u00fc y\u00f6netmen Ulu\u00e7 Bayraktar, 14 Haziran 1974 y\u0131l\u0131nda \u00c7anakkale\u2019de d\u00fcnyaya geldi. Dizi y\u00f6netmeni olan Ulu\u00e7 Bayraktar, 2001 y\u0131l\u0131nda Ege \u00dcniversitesi \u0130leti\u015fim Fak\u00fcltesi Radyo Televizyon ve Sinema B\u00f6l\u00fcm\u00fc\u2019nden mezun olmu\u015ftur. TRT\u2019de yay\u0131nlanan ve y\u00f6netmenli\u011fini \u00c7a\u011fan Irmak\u2019\u0131n yapt\u0131\u011f\u0131 \u201c\u015ea\u015f\u0131felek \u00c7\u0131kmaz\u0131\u201d dizisi ile y\u00f6netmen yard\u0131mc\u0131l\u0131\u011f\u0131 yaparak dizi sekt\u00f6r\u00fcne ad\u0131m att\u0131.<\/p>\n<p><img loading=\"lazy\" decoding=\"async\" class=\"alignnone size-full wp-image-205874\" src=\"https:\/\/www.tgrthaber.com\/mavikadin\/wp-content\/uploads\/ARZU-95-2.jpg\" alt=\"Unutulmaz dizilerin y\u00f6netmeni mahkemelik oldu! Ulu\u00e7 Bayraktar kirac\u0131s\u0131na dava a\u00e7t\u0131\" width=\"1208\" height=\"680\" title=\"\" srcset=\"https:\/\/www.tgrthaber.com\/mavikadin\/wp-content\/uploads\/ARZU-95-2.jpg 1208w, https:\/\/www.tgrthaber.com\/mavikadin\/wp-content\/uploads\/ARZU-95-2-300x169.jpg 300w, https:\/\/www.tgrthaber.com\/mavikadin\/wp-content\/uploads\/ARZU-95-2-1024x576.jpg 1024w, https:\/\/www.tgrthaber.com\/mavikadin\/wp-content\/uploads\/ARZU-95-2-768x432.jpg 768w\" sizes=\"(max-width: 1208px) 100vw, 1208px\" \/><\/p>\n<hr \/>\n<p>Ard\u0131ndan 2002 y\u0131l\u0131nda Ziya \u00d6ztan\u2019\u0131n y\u00f6netmenli\u011fini yapt\u0131\u011f\u0131 \u201cAbd\u00fclhamid\u201d d\u00fc\u015ferken isimli dizi de ayn\u0131 \u015fekilde y\u00f6netmen yard\u0131mc\u0131s\u0131 olarak \u00e7al\u0131\u015ft\u0131. Ezel dizisi ile 2010 y\u0131l\u0131nda 1. \u0130smail Cem Televizyon \u00d6d\u00fclleri\u2019nde \u201cEn \u0130yi Y\u00f6netmen\u201d \u00f6d\u00fcl\u00fcn\u00fc ald\u0131.<\/p>\n<p>Ezel, \u0130\u00e7erde, \u00c7arp\u0131\u015fma, Babil, E\u015fref R\u00fcya, Karaday\u0131 ve El Turco gibi yap\u0131mlar\u0131n y\u00f6netmenli\u011fini yapan Ulu\u00e7 Bayraktar, dizi ve film sekt\u00f6r\u00fcnde ad\u0131 bilindik bir isim olarak kar\u015f\u0131m\u0131za \u00e7\u0131k\u0131yor.<\/p>\n","protected":false},"excerpt":{"rendered":"<p>\u00dcnl\u00fc y\u00f6netmen Ulu\u00e7 Bayraktar, 105 bin liraya kiraya oturdu\u011fu i\u00e7in kendi evine ge\u00e7mek isteyince kirac\u0131s\u0131 ile mahkemelik oldu. \u0130\u015fte detaylar\u2026<\/p>\n","protected":false},"author":34,"featured_media":205876,"comment_status":"closed","ping_status":"closed","sticky":false,"template":"","format":"standard","meta":{"rank_math_lock_modified_date":false,"footnotes":""},"categories":[76],"tags":[2218,27691,27693,28335],"class_list":["post-205854","post","type-post","status-publish","format-standard","has-post-thumbnail","hentry","category-magazin","tag-magazin-haberleri","tag-uluc-bayraktar","tag-uluc-bayraktar-kiraci","tag-uluc-bayraktar-mahkeme"],"_links":{"self":[{"href":"https:\/\/www.tgrthaber.com\/mavikadin\/wp-json\/wp\/v2\/posts\/205854"}],"collection":[{"href":"https:\/\/www.tgrthaber.com\/mavikadin\/wp-json\/wp\/v2\/posts"}],"about":[{"href":"https:\/\/www.tgrthaber.com\/mavikadin\/wp-json\/wp\/v2\/types\/post"}],"author":[{"embeddable":true,"href":"https:\/\/www.tgrthaber.com\/mavikadin\/wp-json\/wp\/v2\/users\/34"}],"replies":[{"embeddable":true,"href":"https:\/\/www.tgrthaber.com\/mavikadin\/wp-json\/wp\/v2\/comments?post=205854"}],"version-history":[{"count":2,"href":"https:\/\/www.tgrthaber.com\/mavikadin\/wp-json\/wp\/v2\/posts\/205854\/revisions"}],"predecessor-version":[{"id":205880,"href":"https:\/\/www.tgrthaber.com\/mavikadin\/wp-json\/wp\/v2\/posts\/205854\/revisions\/205880"}],"wp:featuredmedia":[{"embeddable":true,"href":"https:\/\/www.tgrthaber.com\/mavikadin\/wp-json\/wp\/v2\/media\/205876"}],"wp:attachment":[{"href":"https:\/\/www.tgrthaber.com\/mavikadin\/wp-json\/wp\/v2\/media?parent=205854"}],"wp:term":[{"taxonomy":"category","embeddable":true,"href":"https:\/\/www.tgrthaber.com\/mavikadin\/wp-json\/wp\/v2\/categories?post=205854"},{"taxonomy":"post_tag","embeddable":true,"href":"https:\/\/www.tgrthaber.com\/mavikadin\/wp-json\/wp\/v2\/tags?post=205854"}],"curies":[{"name":"wp","href":"https:\/\/api.w.org\/{rel}","templated":true}]}}