{"id":206005,"date":"2025-07-16T14:39:03","date_gmt":"2025-07-16T11:39:03","guid":{"rendered":"https:\/\/www.tgrthaber.com\/mavikadin\/?p=206005"},"modified":"2025-07-16T14:39:02","modified_gmt":"2025-07-16T11:39:02","slug":"testo-taylan-kimdir-kac-yasinda-testo-taylan-neden-gozaltina-alindi","status":"publish","type":"post","link":"https:\/\/www.tgrthaber.com\/mavikadin\/testo-taylan-kimdir-kac-yasinda-testo-taylan-neden-gozaltina-alindi\/","title":{"rendered":"Testo Taylan kimdir ka\u00e7 ya\u015f\u0131nda? Testo Taylan neden g\u00f6zalt\u0131na al\u0131nd\u0131?"},"content":{"rendered":"<p>Sosyal medyada k\u0131sa s\u00fcrede b\u00fcy\u00fck bir hayran kitlesi edinen Testo Taylan, son g\u00fcnlerde ya\u015fad\u0131\u011f\u0131 olaylarla g\u00fcndemden d\u00fc\u015fm\u00fcyor. Gen\u00e7 fenomenin, k\u00fc\u00e7\u00fck bir hayran\u0131yla ya\u015fad\u0131\u011f\u0131 tart\u0131\u015fma sonras\u0131 g\u00f6zalt\u0131na al\u0131nmas\u0131 sosyal medyada b\u00fcy\u00fck yank\u0131 uyand\u0131rd\u0131. Peki, Testo Taylan kimdir, ka\u00e7 ya\u015f\u0131nda ve neden g\u00f6zalt\u0131na al\u0131nd\u0131? \u0130\u015fte t\u00fcm detaylar\u2026<\/p>\n<h3>TESTO TAYLAN K\u0130MD\u0130R KA\u00c7 YA\u015eINDA?<\/h3>\n<p>As\u0131l ad\u0131 Taylan \u00d6zg\u00fc\u00e7 Dany\u0131ld\u0131z olan Testo Taylan, 30 Ekim 1997 y\u0131l\u0131nda \u0130zmir\u2019de d\u00fcnyaya geldi. E\u011fitim hayat\u0131na \u0130zmir\u2019de ba\u015flayan Taylan, daha sonra ODT\u00dc\u2019de Bilgisayar M\u00fchendisli\u011fi e\u011fitimi ald\u0131. Ancak Testo Taylan as\u0131l sosyal medya kariyeriyle b\u00fcy\u00fck ilgi g\u00f6rd\u00fc. Powerlifting sporu yapmas\u0131n\u0131n yan\u0131nda \u00f6zellikle YouTube ve Instagram\u2019da mizahi ve samimi i\u00e7eriklerle k\u0131sa zamanda milyonlarca takip\u00e7iye ula\u015ft\u0131. YouTube kanal\u0131nda payla\u015ft\u0131\u011f\u0131 sokak r\u00f6portajlar\u0131, ev ziyaretleri ve g\u00fcnl\u00fck hayat\u0131ndan kesitler geni\u015f kitlelerce sevildi. Bug\u00fcn 25 ya\u015f\u0131nda olan Taylan, 1,4 milyon YouTube abonesi ve 930 binin \u00fczerinde Instagram takip\u00e7isiyle sosyal medya d\u00fcnyas\u0131n\u0131n \u00f6nemli isimlerinden biri.<\/p>\n<p><img loading=\"lazy\" decoding=\"async\" class=\"alignnone size-full wp-image-206009\" src=\"https:\/\/www.tgrthaber.com\/mavikadin\/wp-content\/uploads\/3-1513.png\" alt=\"\" width=\"1208\" height=\"680\" title=\"\" srcset=\"https:\/\/www.tgrthaber.com\/mavikadin\/wp-content\/uploads\/3-1513.png 1208w, https:\/\/www.tgrthaber.com\/mavikadin\/wp-content\/uploads\/3-1513-300x169.png 300w, https:\/\/www.tgrthaber.com\/mavikadin\/wp-content\/uploads\/3-1513-1024x576.png 1024w, https:\/\/www.tgrthaber.com\/mavikadin\/wp-content\/uploads\/3-1513-768x432.png 768w\" sizes=\"(max-width: 1208px) 100vw, 1208px\" \/><\/p>\n<hr \/>\n<h3>TESTO TAYLAN NEDEN G\u00d6ZALTINA ALINDI?<\/h3>\n<p>\u00dcnl\u00fc YouTuber ve sosyal medya fenomeni Testo Taylan, Kocaeli\u2019nin K\u00f6rfez il\u00e7esinde 13 ya\u015f\u0131ndaki bir hayran\u0131na y\u00f6nelik sald\u0131r\u0131 iddias\u0131yla g\u00fcndeme geldi. \u0130ddiaya g\u00f6re, uzun s\u00fcredir kendisiyle ileti\u015fim kurmaya \u00e7al\u0131\u015fan k\u00fc\u00e7\u00fck hayran\u0131yla kar\u015f\u0131la\u015fan Taylan \u00d6zg\u00fc\u00e7 Dany\u0131ld\u0131z, \u00e7ocu\u011fa sald\u0131rd\u0131.<\/p>\n<p><img loading=\"lazy\" decoding=\"async\" class=\"alignnone size-full wp-image-206008\" src=\"https:\/\/www.tgrthaber.com\/mavikadin\/wp-content\/uploads\/2-1542.png\" alt=\"\" width=\"1208\" height=\"680\" title=\"\" srcset=\"https:\/\/www.tgrthaber.com\/mavikadin\/wp-content\/uploads\/2-1542.png 1208w, https:\/\/www.tgrthaber.com\/mavikadin\/wp-content\/uploads\/2-1542-300x169.png 300w, https:\/\/www.tgrthaber.com\/mavikadin\/wp-content\/uploads\/2-1542-1024x576.png 1024w, https:\/\/www.tgrthaber.com\/mavikadin\/wp-content\/uploads\/2-1542-768x432.png 768w\" sizes=\"(max-width: 1208px) 100vw, 1208px\" \/><\/p>\n<hr \/>\n<p>Olay, gece saatlerinde ger\u00e7ekle\u015fti ve 13 ya\u015f\u0131ndaki \u00e7ocuk darp edilince ailesi durumu polise bildirdi. Kocaeli Emniyet M\u00fcd\u00fcrl\u00fc\u011f\u00fc ekipleri, gelen \u015fikayet \u00fczerine Testo Taylan\u2019\u0131 g\u00f6zalt\u0131na ald\u0131.<\/p>\n<div style=\"width: 640px;\" class=\"wp-video\"><!--[if lt IE 9]><script>document.createElement('video');<\/script><![endif]-->\n<video class=\"wp-video-shortcode\" id=\"video-206005-1\" width=\"640\" height=\"1138\" preload=\"metadata\" controls=\"controls\"><source type=\"video\/mp4\" src=\"https:\/\/www.tgrthaber.com\/mavikadin\/wp-content\/uploads\/Instagram-testotaylan-stories-3677865896060126976.mp4?_=1\" \/><a href=\"https:\/\/www.tgrthaber.com\/mavikadin\/wp-content\/uploads\/Instagram-testotaylan-stories-3677865896060126976.mp4\">https:\/\/www.tgrthaber.com\/mavikadin\/wp-content\/uploads\/Instagram-testotaylan-stories-3677865896060126976.mp4<\/a><\/video><\/div>\n<hr \/>\n<h3>OLAYIN DETAYLARI VE TEPK\u0130LER<\/h3>\n<p>Testo Taylan\u2019\u0131n, hayran\u0131na sald\u0131rd\u0131\u011f\u0131 anlarda \u00e7evresindekilerin tepki g\u00f6sterdi\u011fi ancak sald\u0131r\u0131n\u0131n devam etti\u011fi belirtildi. Sald\u0131r\u0131ya u\u011frayan \u00e7ocuk, hayran\u0131 oldu\u011fu ismin kendisine sald\u0131rmas\u0131na b\u00fcy\u00fck bir \u015fok ya\u015fad\u0131 ve bu olay\u0131 uzun s\u00fcre unutamayaca\u011f\u0131n\u0131 ifade etti. Aile ise \u00e7ocuklar\u0131n\u0131n zarar g\u00f6rmesine kay\u0131ts\u0131z kalmayarak \u015fikayet\u00e7i oldu. Olay\u0131n ard\u0131ndan sosyal medyada fenomene y\u00f6nelik tepkiler h\u0131zla yay\u0131ld\u0131. Testo Taylan ise g\u00f6zalt\u0131na al\u0131nma s\u00fcreciyle ilgili a\u00e7\u0131klamas\u0131nda, \u201cDefalarca uyarmama ra\u011fmen evin \u00f6n\u00fcne gelip k\u00fcfret, cinnet ge\u00e7irttir; sonra da kar\u015f\u0131 taraf bir \u015fey yap\u0131nca su\u00e7lu olsun\u201d s\u00f6zleriyle kendini savundu.<\/p>\n","protected":false},"excerpt":{"rendered":"<p>Sosyal medyada \u201cTesto Taylan\u201d ismiyle tan\u0131nan YouTuber Taylan \u00d6zg\u00fc\u00e7 Dany\u0131ld\u0131z, 13 ya\u015f\u0131ndaki bir hayran\u0131na sald\u0131rd\u0131\u011f\u0131 iddias\u0131yla g\u00fcndeme oturdu. <\/p>\n","protected":false},"author":28,"featured_media":206007,"comment_status":"closed","ping_status":"closed","sticky":false,"template":"","format":"standard","meta":{"rank_math_lock_modified_date":true,"footnotes":""},"categories":[491],"tags":[3374,28367,28369,28370,28368],"class_list":["post-206005","post","type-post","status-publish","format-standard","has-post-thumbnail","hentry","category-biyografi","tag-biyografi","tag-testo-taylan","tag-testo-taylan-gozaltina-alindi","tag-testo-taylan-hayranini-dovdu","tag-testo-taylan-kimdir"],"_links":{"self":[{"href":"https:\/\/www.tgrthaber.com\/mavikadin\/wp-json\/wp\/v2\/posts\/206005"}],"collection":[{"href":"https:\/\/www.tgrthaber.com\/mavikadin\/wp-json\/wp\/v2\/posts"}],"about":[{"href":"https:\/\/www.tgrthaber.com\/mavikadin\/wp-json\/wp\/v2\/types\/post"}],"author":[{"embeddable":true,"href":"https:\/\/www.tgrthaber.com\/mavikadin\/wp-json\/wp\/v2\/users\/28"}],"replies":[{"embeddable":true,"href":"https:\/\/www.tgrthaber.com\/mavikadin\/wp-json\/wp\/v2\/comments?post=206005"}],"version-history":[{"count":2,"href":"https:\/\/www.tgrthaber.com\/mavikadin\/wp-json\/wp\/v2\/posts\/206005\/revisions"}],"predecessor-version":[{"id":206012,"href":"https:\/\/www.tgrthaber.com\/mavikadin\/wp-json\/wp\/v2\/posts\/206005\/revisions\/206012"}],"wp:featuredmedia":[{"embeddable":true,"href":"https:\/\/www.tgrthaber.com\/mavikadin\/wp-json\/wp\/v2\/media\/206007"}],"wp:attachment":[{"href":"https:\/\/www.tgrthaber.com\/mavikadin\/wp-json\/wp\/v2\/media?parent=206005"}],"wp:term":[{"taxonomy":"category","embeddable":true,"href":"https:\/\/www.tgrthaber.com\/mavikadin\/wp-json\/wp\/v2\/categories?post=206005"},{"taxonomy":"post_tag","embeddable":true,"href":"https:\/\/www.tgrthaber.com\/mavikadin\/wp-json\/wp\/v2\/tags?post=206005"}],"curies":[{"name":"wp","href":"https:\/\/api.w.org\/{rel}","templated":true}]}}