{"id":206068,"date":"2025-07-16T16:07:17","date_gmt":"2025-07-16T13:07:17","guid":{"rendered":"https:\/\/www.tgrthaber.com\/mavikadin\/?p=206068"},"modified":"2025-07-16T16:07:17","modified_gmt":"2025-07-16T13:07:17","slug":"matthias-schweighofer-kimdir-kac-yasinda-matthias-schweighofer-nerelerde-oynadi","status":"publish","type":"post","link":"https:\/\/www.tgrthaber.com\/mavikadin\/matthias-schweighofer-kimdir-kac-yasinda-matthias-schweighofer-nerelerde-oynadi\/","title":{"rendered":"Matthias Schweigh\u00f6fer kimdir ka\u00e7 ya\u015f\u0131nda? Matthias Schweigh\u00f6fer nerelerde oynad\u0131?"},"content":{"rendered":"<p class=\"p1\">Netfilix\u2019in pop\u00fcler bilim kurgu filmi olan Brics\u2019te oynad\u0131\u011f\u0131 karakterle haf\u0131zalara kaz\u0131nan Matthias Schweigh\u00f6fer ba\u015far\u0131l\u0131 oyunculu\u011fu ile dikkat \u00e7eken isimlerden biri. Oyuncunun kariyerindeki esas d\u00f6n\u00fcm noktas\u0131 2021 yap\u0131m\u0131 H\u0131rs\u0131zlar Ordusu\u2019nda oynad\u0131\u011f\u0131 karakterle olmu\u015ftu. Netfilix yap\u0131m\u0131 dizi sonras\u0131 yeniden dikkatleri \u00fczerine \u00e7eken oyuncunun hayat\u0131 yeniden merak konusu oldu. Peki Matthias Schweigh\u00f6fer kimdir ka\u00e7 ya\u015f\u0131nda? Matthias Schweigh\u00f6fer nerelerde oynad\u0131? \u0130\u015fte hayat\u0131na dair merak edilenler\u2026<\/p>\n<h3>MATTH\u0130AS SCHWE\u0130GH\u00d6FER K\u0130MD\u0130R KA\u00c7 YA\u015eINDA?<\/h3>\n<p class=\"p2\">D\u00fcnyaca \u00fcnl\u00fc oyuncu Matthias Schweigh\u00f6fer 1981 y\u0131l\u0131nda d\u00fcnyaya gelmi\u015ftir.\u00a0 Oppenheimer filminde oynad\u0131\u011f\u0131 karakterle ad\u0131ndan s\u00f6z ettirmi\u015fti. H\u0131rs\u0131zlar Ordusu filminde as\u0131l \u00e7\u0131k\u0131\u015f\u0131n\u0131 yakalayan isim son olarak Netfilix\u2019in dikkat \u00e7eken yap\u0131mlar\u0131ndan biri olan Brics ile ad\u0131ndan s\u00f6z ettirdi. H\u0131rs\u0131zlar Ordusu filmi ile uluslararas\u0131 alanda tan\u0131nan oyuncu Ludwig Dieter karakteriyle haf\u0131zalarda yer edindi.<span class=\"Apple-converted-space\">\u00a0<\/span><\/p>\n<p><img loading=\"lazy\" decoding=\"async\" class=\"alignnone wp-image-206075 size-full\" src=\"https:\/\/www.tgrthaber.com\/mavikadin\/wp-content\/uploads\/Ekran-Resmi-2025-07-16-15.56.43.png\" alt=\"\" width=\"1000\" height=\"612\" title=\"\" srcset=\"https:\/\/www.tgrthaber.com\/mavikadin\/wp-content\/uploads\/Ekran-Resmi-2025-07-16-15.56.43.png 1000w, https:\/\/www.tgrthaber.com\/mavikadin\/wp-content\/uploads\/Ekran-Resmi-2025-07-16-15.56.43-300x184.png 300w, https:\/\/www.tgrthaber.com\/mavikadin\/wp-content\/uploads\/Ekran-Resmi-2025-07-16-15.56.43-768x470.png 768w\" sizes=\"(max-width: 1000px) 100vw, 1000px\" \/><\/p>\n<hr \/>\n<p class=\"p2\">Almanya\u2019da ba\u015flad\u0131\u011f\u0131 oyunculuk kariyerinde say\u0131s\u0131z yerel dizi ve filmde yer alan ba\u015far\u0131l\u0131 oyuncu komedi, drama, aksiyon ve romantik yap\u0131mlarda ustaca oynayarak, ba\u015far\u0131l\u0131 performans\u0131yla her defas\u0131nda izleyicinin kalbinde taht kurmu\u015f bir isimdir. Usta oyuncu T\u00fcrkiye&#8217;de de \u00fcnl\u00fc pop\u00e7u Edis&#8217;e olan benzerli\u011fi ile \u00e7ok konu\u015fulmaktad\u0131r.<\/p>\n<p><img loading=\"lazy\" decoding=\"async\" class=\"alignnone wp-image-206076 size-full\" src=\"https:\/\/www.tgrthaber.com\/mavikadin\/wp-content\/uploads\/Ekran-Resmi-2025-07-16-15.57.03.png\" alt=\"\" width=\"1010\" height=\"696\" title=\"\" srcset=\"https:\/\/www.tgrthaber.com\/mavikadin\/wp-content\/uploads\/Ekran-Resmi-2025-07-16-15.57.03.png 1010w, https:\/\/www.tgrthaber.com\/mavikadin\/wp-content\/uploads\/Ekran-Resmi-2025-07-16-15.57.03-300x207.png 300w, https:\/\/www.tgrthaber.com\/mavikadin\/wp-content\/uploads\/Ekran-Resmi-2025-07-16-15.57.03-768x529.png 768w\" sizes=\"(max-width: 1010px) 100vw, 1010px\" \/><\/p>\n<hr \/>\n<h3>MATTH\u0130AS SCHWE\u0130GH\u00d6FER NERELERDE OYNADI?<\/h3>\n<p class=\"p1\"><b>2000&#8217;ler<\/b><\/p>\n<p>2000: K\u00fcss mich, Frosch<\/p>\n<p>2001: Freunde \u2013 Keinen Bock auf Bullen, Herz im Kopf<\/p>\n<p>2002: Nachts im Park, FearDotCom<i><\/i><\/p>\n<p>2003: Soloalbum, Die Klasse von \u201999 \u2013 Schule war gestern, Leben ist jetzt<\/p>\n<p>2004: Kammerflimmern<\/p>\n<p><img loading=\"lazy\" decoding=\"async\" class=\"alignnone wp-image-206078 \" src=\"https:\/\/www.tgrthaber.com\/mavikadin\/wp-content\/uploads\/Ekran-Resmi-2025-07-16-15.56.50.png\" alt=\"\" width=\"980\" height=\"697\" title=\"\" srcset=\"https:\/\/www.tgrthaber.com\/mavikadin\/wp-content\/uploads\/Ekran-Resmi-2025-07-16-15.56.50.png 790w, https:\/\/www.tgrthaber.com\/mavikadin\/wp-content\/uploads\/Ekran-Resmi-2025-07-16-15.56.50-300x213.png 300w, https:\/\/www.tgrthaber.com\/mavikadin\/wp-content\/uploads\/Ekran-Resmi-2025-07-16-15.56.50-768x546.png 768w\" sizes=\"(max-width: 980px) 100vw, 980px\" \/><\/p>\n<hr \/>\n<p>2005: Kombat Sechzehn, Polly Blue Eyes<\/p>\n<p>2007: Das wilde Leben, Fata Morgana, Keinohrhasen<\/p>\n<p>2008: Der Rote Baron, Operation Walk\u00fcre \u2013 Das Stauffenberg-Attentat, Der Architekt<\/p>\n<p>2009: Night Train, Zweiohrk\u00fcken, 12 Meter ohne Kopf, Must Love Death<\/p>\n<p class=\"p1\">2010&#8217;lar<\/p>\n<p>2010: Friendship!, 3faltig<\/p>\n<p>2011: What a Man, Rubbeldiekatz<\/p>\n<p>2012: Russendisko<\/p>\n<p>2013: Schlussmacher, Kokow\u00e4\u00e4h 2, Frau Ella<\/p>\n<p>2014: Vaterfreuden, Irre sind m\u00e4nnlich, Bibi &amp; Tina: Voll verhext!<\/p>\n<p><img loading=\"lazy\" decoding=\"async\" class=\"alignnone wp-image-206082 size-full\" src=\"https:\/\/www.tgrthaber.com\/mavikadin\/wp-content\/uploads\/Ekran-Resmi-2025-07-16-15.56.43-1.png\" alt=\"\" width=\"1000\" height=\"612\" title=\"\" srcset=\"https:\/\/www.tgrthaber.com\/mavikadin\/wp-content\/uploads\/Ekran-Resmi-2025-07-16-15.56.43-1.png 1000w, https:\/\/www.tgrthaber.com\/mavikadin\/wp-content\/uploads\/Ekran-Resmi-2025-07-16-15.56.43-1-300x184.png 300w, https:\/\/www.tgrthaber.com\/mavikadin\/wp-content\/uploads\/Ekran-Resmi-2025-07-16-15.56.43-1-768x470.png 768w\" sizes=\"(max-width: 1000px) 100vw, 1000px\" \/><\/p>\n<hr \/>\n<p>2015: Der Nanny<\/p>\n<p>2016: Der geilste Tag, Vier gegen die Bank<\/p>\n<p>2017: Bullyparade \u2013 Der Film<\/p>\n<p>2018: Hot Dog, Vielmachglas, 100 Dinge, Kursk<\/p>\n<p class=\"p1\">2020&#8217;ler<\/p>\n<p>2020: Resistance \u2013 Widerstand<\/p>\n<p><img loading=\"lazy\" decoding=\"async\" class=\"alignnone wp-image-206084 size-full\" src=\"https:\/\/www.tgrthaber.com\/mavikadin\/wp-content\/uploads\/Ekran-Resmi-2025-07-16-16.00.41.png\" alt=\"\" width=\"984\" height=\"688\" title=\"\" srcset=\"https:\/\/www.tgrthaber.com\/mavikadin\/wp-content\/uploads\/Ekran-Resmi-2025-07-16-16.00.41.png 984w, https:\/\/www.tgrthaber.com\/mavikadin\/wp-content\/uploads\/Ekran-Resmi-2025-07-16-16.00.41-300x210.png 300w, https:\/\/www.tgrthaber.com\/mavikadin\/wp-content\/uploads\/Ekran-Resmi-2025-07-16-16.00.41-768x537.png 768w\" sizes=\"(max-width: 984px) 100vw, 984px\" \/><\/p>\n<hr \/>\n<p>2021: Army of the Dead, Hinterland, Army of Thieves (Bu filmle uluslararas\u0131 \u00fcn kazand\u0131)<\/p>\n<p>2022: Die Schwimmerinnen (The Swimmers)<\/p>\n<p>2023: Oppenheimer (Bu filmde rol ald\u0131), Heart of Stone, Girl You Know It\u2019s True, Family Switch<\/p>\n<p>2025: Amrum, Brick<\/p>\n","protected":false},"excerpt":{"rendered":"<p>Netfilix\u2019in en \u00e7ok konu\u015fulan yap\u0131mlar\u0131ndan biri olan Brics\u2019te oynad\u0131\u011f\u0131 karakterle ad\u0131ndan s\u00f6z ettiren Matthias Schweigh\u00f6fer\u2019in hayat\u0131 yeniden merak konusu oldu. Matthias Schweigh\u00f6fer kimdir ka\u00e7 ya\u015f\u0131nda? Matthias Schweigh\u00f6fer nerelerde oynad\u0131? \u0130\u015fte \u00fcnl\u00fc oyuncunun hayat\u0131na dair t\u00fcm detaylar\u2026 <\/p>\n","protected":false},"author":16,"featured_media":206091,"comment_status":"closed","ping_status":"closed","sticky":false,"template":"","format":"standard","meta":{"rank_math_lock_modified_date":false,"footnotes":""},"categories":[491],"tags":[3374,16521,28386,28385,28387],"class_list":["post-206068","post","type-post","status-publish","format-standard","has-post-thumbnail","hentry","category-biyografi","tag-biyografi","tag-biyografi-haberleri","tag-matthias-schweighofer-kac-yasinda","tag-matthias-schweighofer-kimdir","tag-matthias-schweighofer-nerelerde-oynadi"],"_links":{"self":[{"href":"https:\/\/www.tgrthaber.com\/mavikadin\/wp-json\/wp\/v2\/posts\/206068"}],"collection":[{"href":"https:\/\/www.tgrthaber.com\/mavikadin\/wp-json\/wp\/v2\/posts"}],"about":[{"href":"https:\/\/www.tgrthaber.com\/mavikadin\/wp-json\/wp\/v2\/types\/post"}],"author":[{"embeddable":true,"href":"https:\/\/www.tgrthaber.com\/mavikadin\/wp-json\/wp\/v2\/users\/16"}],"replies":[{"embeddable":true,"href":"https:\/\/www.tgrthaber.com\/mavikadin\/wp-json\/wp\/v2\/comments?post=206068"}],"version-history":[{"count":1,"href":"https:\/\/www.tgrthaber.com\/mavikadin\/wp-json\/wp\/v2\/posts\/206068\/revisions"}],"predecessor-version":[{"id":206092,"href":"https:\/\/www.tgrthaber.com\/mavikadin\/wp-json\/wp\/v2\/posts\/206068\/revisions\/206092"}],"wp:featuredmedia":[{"embeddable":true,"href":"https:\/\/www.tgrthaber.com\/mavikadin\/wp-json\/wp\/v2\/media\/206091"}],"wp:attachment":[{"href":"https:\/\/www.tgrthaber.com\/mavikadin\/wp-json\/wp\/v2\/media?parent=206068"}],"wp:term":[{"taxonomy":"category","embeddable":true,"href":"https:\/\/www.tgrthaber.com\/mavikadin\/wp-json\/wp\/v2\/categories?post=206068"},{"taxonomy":"post_tag","embeddable":true,"href":"https:\/\/www.tgrthaber.com\/mavikadin\/wp-json\/wp\/v2\/tags?post=206068"}],"curies":[{"name":"wp","href":"https:\/\/api.w.org\/{rel}","templated":true}]}}