{"id":206102,"date":"2025-07-16T16:47:29","date_gmt":"2025-07-16T13:47:29","guid":{"rendered":"https:\/\/www.tgrthaber.com\/mavikadin\/?p=206102"},"modified":"2025-07-16T16:47:30","modified_gmt":"2025-07-16T13:47:30","slug":"jin-ho-jo-kimdir-kac-yasinda-jin-ho-jo-hangi-turk-takimina-geldi","status":"publish","type":"post","link":"https:\/\/www.tgrthaber.com\/mavikadin\/jin-ho-jo-kimdir-kac-yasinda-jin-ho-jo-hangi-turk-takimina-geldi\/","title":{"rendered":"Jin Ho Jo kimdir ka\u00e7 ya\u015f\u0131nda? Jin Ho Jo hangi T\u00fcrk tak\u0131m\u0131na geldi?"},"content":{"rendered":"<p>Bir d\u00f6nem Fenerbah\u00e7e\u2019de forma giyen Jin Ho Jo, S\u00fcper Lig\u2019de yeni sezon ba\u015flamadan imzas\u0131n\u0131 att\u0131. Ba\u015far\u0131l\u0131 ve gen\u00e7 futbolcu Jin Ho Jo\u2019nun hangi T\u00fcrk tak\u0131m\u0131na transfer oldu\u011fu merak edildi. Peki, Jin Ho Jo kimdir ka\u00e7 ya\u015f\u0131nda? Jin Ho Jo hangi T\u00fcrk tak\u0131m\u0131na geldi? Jin Ho Jo hakk\u0131nda merak edilenleri sizin i\u00e7in ara\u015ft\u0131rd\u0131k. \u0130\u015fte Jin Ho Jo hakk\u0131nda bilinmeyenler\u2026<\/p>\n<h3>J\u0130N HO JO K\u0130MD\u0130R?<\/h3>\n<p>Jin Ho Jo, 10 Temmuz 2003 tarihinde G\u00fcney Kore\u2019de d\u00fcnyaya geldi. K\u00fc\u00e7\u00fck ya\u015flardan itibaren futbola ilgi duyan Jin Ho Jo, ilk olarak 2014 y\u0131l\u0131nda Daedong \u0130lkokulu&#8217;nda top ko\u015fturdu.<\/p>\n<p><img loading=\"lazy\" decoding=\"async\" class=\"alignnone wp-image-206112\" src=\"https:\/\/www.tgrthaber.com\/mavikadin\/wp-content\/uploads\/Jin-Ho-Jo-kimdir-2-1024x576.jpg\" alt=\"Jin Ho Jo kimdir ka\u00e7 ya\u015f\u0131nda? Jin Ho Jo hangi T\u00fcrk tak\u0131m\u0131na geldi?\" width=\"1208\" height=\"680\" title=\"\" srcset=\"https:\/\/www.tgrthaber.com\/mavikadin\/wp-content\/uploads\/Jin-Ho-Jo-kimdir-2-1024x576.jpg 1024w, https:\/\/www.tgrthaber.com\/mavikadin\/wp-content\/uploads\/Jin-Ho-Jo-kimdir-2-300x169.jpg 300w, https:\/\/www.tgrthaber.com\/mavikadin\/wp-content\/uploads\/Jin-Ho-Jo-kimdir-2-768x432.jpg 768w, https:\/\/www.tgrthaber.com\/mavikadin\/wp-content\/uploads\/Jin-Ho-Jo-kimdir-2.jpg 1208w\" sizes=\"(max-width: 1208px) 100vw, 1208px\" \/><\/p>\n<hr \/>\n<p>Daha sonra 2016 sezonu \u00f6ncesi Jeonbuk Hyundai Motors taraf\u0131ndan transfer edildi. Kuzey Jeolla Eyaleti merkezli kul\u00fcpte alt\u0131 tam sezon ge\u00e7iren Jin Ho Jo, ilerleyen s\u00fcre\u00e7te kariyerinde \u00f6nemli geli\u015fmelere imza att\u0131.<\/p>\n<h3>J\u0130N HO JO KA\u00c7 YA\u015eINDA?<\/h3>\n<p>2003 y\u0131l\u0131 do\u011fumlu Jin Ho Jo, 2025 y\u0131l\u0131 itibar\u0131yla 22 ya\u015f\u0131ndad\u0131r. Gen\u00e7 ya\u015f\u0131na ra\u011fmen olduk\u00e7a ba\u015far\u0131l\u0131 performans sergileyen G\u00fcney Koreli futbolcu, Mart 2022 y\u0131l\u0131nda FIFA&#8217;n\u0131n m\u00fcdahalesinin ard\u0131ndan, T\u00fcrk ekibi Fenerbah\u00e7e ile amat\u00f6r s\u00f6zle\u015fme imzalad\u0131.<\/p>\n<p><img loading=\"lazy\" decoding=\"async\" class=\"alignnone wp-image-206113\" src=\"https:\/\/www.tgrthaber.com\/mavikadin\/wp-content\/uploads\/Jin-Ho-Jo-kimdir-4-1024x576.jpg\" alt=\"Jin Ho Jo kimdir ka\u00e7 ya\u015f\u0131nda? Jin Ho Jo hangi T\u00fcrk tak\u0131m\u0131na geldi?\" width=\"1208\" height=\"680\" title=\"\" srcset=\"https:\/\/www.tgrthaber.com\/mavikadin\/wp-content\/uploads\/Jin-Ho-Jo-kimdir-4-1024x576.jpg 1024w, https:\/\/www.tgrthaber.com\/mavikadin\/wp-content\/uploads\/Jin-Ho-Jo-kimdir-4-300x169.jpg 300w, https:\/\/www.tgrthaber.com\/mavikadin\/wp-content\/uploads\/Jin-Ho-Jo-kimdir-4-768x432.jpg 768w, https:\/\/www.tgrthaber.com\/mavikadin\/wp-content\/uploads\/Jin-Ho-Jo-kimdir-4.jpg 1208w\" sizes=\"(max-width: 1208px) 100vw, 1208px\" \/><\/p>\n<hr \/>\n<p>17 \u015eubat 2023&#8217;te \u00fc\u00e7 bu\u00e7uk y\u0131ll\u0131k profesyonel s\u00f6zle\u015fme imzalayan Jin Ho Jo, 15 Eyl\u00fcl 2023&#8217;te tak\u0131m arkada\u015f\u0131 Omar Fayed ile 2023-24 sezonunun sonuna kadar S\u0131rp kul\u00fcb\u00fc Novi Pazar&#8217;a kiraland\u0131. Jin Ho Jo, Novi Pazar formas\u0131yla t\u00fcm i\u00e7 saha ma\u00e7lar\u0131nda 23 ma\u00e7ta 1 gol atarak olduk\u00e7a ba\u015far\u0131l\u0131 bir performansa imza att\u0131.<\/p>\n<p><img loading=\"lazy\" decoding=\"async\" class=\"alignnone wp-image-206117\" src=\"https:\/\/www.tgrthaber.com\/mavikadin\/wp-content\/uploads\/Jin-Ho-Jo-kimdir-6-1024x576.jpg\" alt=\"Jin Ho Jo kimdir ka\u00e7 ya\u015f\u0131nda? Jin Ho Jo hangi T\u00fcrk tak\u0131m\u0131na geldi?\" width=\"1208\" height=\"680\" title=\"\" srcset=\"https:\/\/www.tgrthaber.com\/mavikadin\/wp-content\/uploads\/Jin-Ho-Jo-kimdir-6-1024x576.jpg 1024w, https:\/\/www.tgrthaber.com\/mavikadin\/wp-content\/uploads\/Jin-Ho-Jo-kimdir-6-300x169.jpg 300w, https:\/\/www.tgrthaber.com\/mavikadin\/wp-content\/uploads\/Jin-Ho-Jo-kimdir-6-768x432.jpg 768w, https:\/\/www.tgrthaber.com\/mavikadin\/wp-content\/uploads\/Jin-Ho-Jo-kimdir-6.jpg 1208w\" sizes=\"(max-width: 1208px) 100vw, 1208px\" \/><\/p>\n<hr \/>\n<h3>J\u0130N HO JO HANG\u0130 T\u00dcRK TAKIMINA GELD\u0130?<\/h3>\n<p>Orta saha mevkiinde g\u00f6rev yapan G\u00fcney Koreli gen\u00e7 futbolcu Jin Ho Jo, 2 Haziran 2024&#8242; tarihinde 2024-2025 S\u0131rbistan S\u00fcper Ligi i\u00e7in FK Radni\u010dki Ni\u0161&#8217;e kiraland\u0131. G\u00fcney Kore&#8217;yi 14 ya\u015f alt\u0131 seviyesinden 17 ya\u015f alt\u0131 seviyesine kadar temsil eden Jin Ho Jo, son olarak FK Radni\u010dki Ni\u0161 tak\u0131m\u0131nda boy g\u00f6sterdi.<\/p>\n<p><img loading=\"lazy\" decoding=\"async\" class=\"alignnone wp-image-206116\" src=\"https:\/\/www.tgrthaber.com\/mavikadin\/wp-content\/uploads\/Jin-Ho-Jo-kimdir-7-1024x576.jpg\" alt=\"Jin Ho Jo kimdir ka\u00e7 ya\u015f\u0131nda? Jin Ho Jo hangi T\u00fcrk tak\u0131m\u0131na geldi?\" width=\"1208\" height=\"680\" title=\"\" srcset=\"https:\/\/www.tgrthaber.com\/mavikadin\/wp-content\/uploads\/Jin-Ho-Jo-kimdir-7-1024x576.jpg 1024w, https:\/\/www.tgrthaber.com\/mavikadin\/wp-content\/uploads\/Jin-Ho-Jo-kimdir-7-300x169.jpg 300w, https:\/\/www.tgrthaber.com\/mavikadin\/wp-content\/uploads\/Jin-Ho-Jo-kimdir-7-768x432.jpg 768w, https:\/\/www.tgrthaber.com\/mavikadin\/wp-content\/uploads\/Jin-Ho-Jo-kimdir-7.jpg 1208w\" sizes=\"(max-width: 1208px) 100vw, 1208px\" \/><\/p>\n<hr \/>\n<p>\u015eimdilerde transfer s\u00fcreciyle g\u00fcndemde olan Jin Ho Jo, S\u00fcper Lig tak\u0131mlar\u0131ndan Konyaspor\u2019a geldi. Konyaspor ile 2 y\u0131ll\u0131k anla\u015fma sa\u011flayan Jin Ho Jo, yak\u0131n zamanda S\u00fcper Lig\u2019de top ko\u015fturacak. Jin Ho Jo\u2019nun ye\u015fil-beyazl\u0131 forma alt\u0131nda nas\u0131l bir performans sergileyece\u011fi \u015fimdiden merak konusu oldu.<\/p>\n","protected":false},"excerpt":{"rendered":"<p>Ba\u015far\u0131l\u0131 ve gen\u00e7 futbolcu Jin Ho Jo\u2019nun hangi T\u00fcrk tak\u0131m\u0131na transfer oldu\u011fu merakla ara\u015ft\u0131r\u0131l\u0131yor. Peki, Jin Ho Jo kimdir ka\u00e7 ya\u015f\u0131nda? Jin Ho Jo hangi T\u00fcrk tak\u0131m\u0131na geldi? \u0130\u015fte ayr\u0131nt\u0131lar\u2026<\/p>\n","protected":false},"author":26,"featured_media":206111,"comment_status":"closed","ping_status":"closed","sticky":false,"template":"","format":"standard","meta":{"rank_math_lock_modified_date":false,"footnotes":""},"categories":[491],"tags":[3374,16521,6531,28393,28394,28395],"class_list":["post-206102","post","type-post","status-publish","format-standard","has-post-thumbnail","hentry","category-biyografi","tag-biyografi","tag-biyografi-haberleri","tag-futbol","tag-jin-ho-jo","tag-jin-ho-jo-kimdir","tag-konyaspor"],"_links":{"self":[{"href":"https:\/\/www.tgrthaber.com\/mavikadin\/wp-json\/wp\/v2\/posts\/206102"}],"collection":[{"href":"https:\/\/www.tgrthaber.com\/mavikadin\/wp-json\/wp\/v2\/posts"}],"about":[{"href":"https:\/\/www.tgrthaber.com\/mavikadin\/wp-json\/wp\/v2\/types\/post"}],"author":[{"embeddable":true,"href":"https:\/\/www.tgrthaber.com\/mavikadin\/wp-json\/wp\/v2\/users\/26"}],"replies":[{"embeddable":true,"href":"https:\/\/www.tgrthaber.com\/mavikadin\/wp-json\/wp\/v2\/comments?post=206102"}],"version-history":[{"count":2,"href":"https:\/\/www.tgrthaber.com\/mavikadin\/wp-json\/wp\/v2\/posts\/206102\/revisions"}],"predecessor-version":[{"id":206119,"href":"https:\/\/www.tgrthaber.com\/mavikadin\/wp-json\/wp\/v2\/posts\/206102\/revisions\/206119"}],"wp:featuredmedia":[{"embeddable":true,"href":"https:\/\/www.tgrthaber.com\/mavikadin\/wp-json\/wp\/v2\/media\/206111"}],"wp:attachment":[{"href":"https:\/\/www.tgrthaber.com\/mavikadin\/wp-json\/wp\/v2\/media?parent=206102"}],"wp:term":[{"taxonomy":"category","embeddable":true,"href":"https:\/\/www.tgrthaber.com\/mavikadin\/wp-json\/wp\/v2\/categories?post=206102"},{"taxonomy":"post_tag","embeddable":true,"href":"https:\/\/www.tgrthaber.com\/mavikadin\/wp-json\/wp\/v2\/tags?post=206102"}],"curies":[{"name":"wp","href":"https:\/\/api.w.org\/{rel}","templated":true}]}}