{"id":206174,"date":"2025-07-17T00:01:45","date_gmt":"2025-07-16T21:01:45","guid":{"rendered":"https:\/\/www.tgrthaber.com\/mavikadin\/?p=206174"},"modified":"2025-07-17T00:04:15","modified_gmt":"2025-07-16T21:04:15","slug":"masterchef-2025e-yedeklerden-giren-yarismaci-meryem-sevinc-kimdir-kac-yasinda-aslen-nereli","status":"publish","type":"post","link":"https:\/\/www.tgrthaber.com\/mavikadin\/masterchef-2025e-yedeklerden-giren-yarismaci-meryem-sevinc-kimdir-kac-yasinda-aslen-nereli\/","title":{"rendered":"MasterChef 2025&#8217;e yedeklerden giren yar\u0131\u015fmac\u0131 Meryem Sevin\u00e7 kimdir ka\u00e7 ya\u015f\u0131nda aslen nereli?"},"content":{"rendered":"<p>TV8 ekranlar\u0131n\u0131n sevilerek seyredilen yar\u0131\u015fma program\u0131 MasterChef T\u00fcrkiye&#8217;ye ana kadro heyecan\u0131 tam gaz devam ediyor. Ana kadroya \u015fuan i\u00e7in 5 ki\u015fi ad\u0131n\u0131 yazd\u0131rd\u0131. 16 Temmuz 2025 ak\u015fam\u0131 ana kadroya yedeklerden giren yar\u0131\u015fmac\u0131 belli oldu. Ba\u015far\u0131l\u0131 taba\u011f\u0131 ile j\u00fcriyi mest eden Meryem Sevin\u00e7&#8217;in hayat\u0131 yeniden merak konusu oldu. Peki MasterChef 2025 ana kadroya yedeklerden giren yar\u0131\u015fmac\u0131 Meryem Sevin\u00e7 kimdir, ka\u00e7 ya\u015f\u0131nda? \u0130\u015fte hayat\u0131na dair merak edilenler&#8230;<\/p>\n<h3>MASTERCHEF ANA KADRO HEYECANI DEVAM ED\u0130YOR<\/h3>\n<p>TV8 ekranlar\u0131n\u0131n sevilen yemek yar\u0131\u015fmas\u0131 program\u0131 MasterChef&#8217;te izleyicileri ekrana kilitleyen ana kadro se\u00e7imleri devam ediyor. \u015euana kadar 5 yar\u0131\u015fmac\u0131 kendini g\u00fcvence alt\u0131na ald\u0131 ve ana kadroya ad\u0131n\u0131 yazd\u0131rd\u0131. 16 ki\u015filik gruptan ilk 5&#8217;e giren yar\u0131\u015fmac\u0131lar rahat bir nefes al\u0131rken \u015fimdi g\u00f6zler yedek yar\u0131\u015fmac\u0131ya \u00e7evrildi. Bu ak\u015fam haz\u0131rlad\u0131\u011f\u0131 ba\u015far\u0131l\u0131 tabaklar\u0131 ile \u015fefleri etkileyen Meryem Sevin\u00e7 hayat\u0131 merak konusu oldu. Peki Meryem Sevin\u00e7 kimdir. ka\u00e7 ya\u015f\u0131nda, aslen nereli?<\/p>\n<p><img loading=\"lazy\" decoding=\"async\" class=\"alignnone wp-image-206188 size-large\" src=\"https:\/\/www.tgrthaber.com\/mavikadin\/wp-content\/uploads\/Ekran-Resmi-2025-07-16-17.19.23-1-1024x594.png\" alt=\"\" width=\"1024\" height=\"594\" title=\"\" srcset=\"https:\/\/www.tgrthaber.com\/mavikadin\/wp-content\/uploads\/Ekran-Resmi-2025-07-16-17.19.23-1-1024x594.png 1024w, https:\/\/www.tgrthaber.com\/mavikadin\/wp-content\/uploads\/Ekran-Resmi-2025-07-16-17.19.23-1-300x174.png 300w, https:\/\/www.tgrthaber.com\/mavikadin\/wp-content\/uploads\/Ekran-Resmi-2025-07-16-17.19.23-1-768x446.png 768w, https:\/\/www.tgrthaber.com\/mavikadin\/wp-content\/uploads\/Ekran-Resmi-2025-07-16-17.19.23-1.png 1230w\" sizes=\"(max-width: 1024px) 100vw, 1024px\" \/><\/p>\n<hr \/>\n<h3>MASTERCHEF 2025 ANA KADROYA YEDEKLERDEN G\u0130REN &#8230; K\u0130MD\u0130R KA\u00c7 YA\u015eINDA ASLEN NEREL\u0130?<\/h3>\n<p class=\"p1\">Meryem Sevin\u00e7 23 ya\u015f\u0131ndad\u0131r. Kocaeli \u0130zmit\u2019ten yar\u0131\u015fmaya kat\u0131l\u0131yor. Profesyonel kariyerini geli\u015ftirmek i\u00e7in elinden geleni yapan Meryem, MasterChef hayallerine devam edebilmek i\u00e7in t\u00fcm g\u00fcc\u00fcyle sava\u015f\u0131yor.<\/p>\n<p><img loading=\"lazy\" decoding=\"async\" class=\"alignnone wp-image-206340 size-large\" src=\"https:\/\/www.tgrthaber.com\/mavikadin\/wp-content\/uploads\/Ekran-Resmi-2025-07-16-23.43.28-1024x499.png\" alt=\"\" width=\"1024\" height=\"499\" title=\"\" srcset=\"https:\/\/www.tgrthaber.com\/mavikadin\/wp-content\/uploads\/Ekran-Resmi-2025-07-16-23.43.28-1024x499.png 1024w, https:\/\/www.tgrthaber.com\/mavikadin\/wp-content\/uploads\/Ekran-Resmi-2025-07-16-23.43.28-300x146.png 300w, https:\/\/www.tgrthaber.com\/mavikadin\/wp-content\/uploads\/Ekran-Resmi-2025-07-16-23.43.28-768x374.png 768w, https:\/\/www.tgrthaber.com\/mavikadin\/wp-content\/uploads\/Ekran-Resmi-2025-07-16-23.43.28-1536x748.png 1536w, https:\/\/www.tgrthaber.com\/mavikadin\/wp-content\/uploads\/Ekran-Resmi-2025-07-16-23.43.28.png 1770w\" sizes=\"(max-width: 1024px) 100vw, 1024px\" \/><\/p>\n<hr \/>\n<h3>MASTERCHEF ANA KADROYA G\u0130REN 1 YARI\u015eMACI FURKAN KAHRAMAN K\u0130MD\u0130R?<\/h3>\n<p>MasterChef ana kadroya 1. giren isim Furkan Kahraman olmu\u015ftu. Kahraman \u015feflerin verdi\u011fi duvakl\u0131 pilav tarifini en g\u00fczel \u015fekilde haz\u0131rlayarak ana kadroya giren ilk isim olmu\u015ftu. Furkan Kahraman aslen Konyal\u0131. Yar\u0131\u015fmac\u0131 Ankara&#8217;da do\u011fup b\u00fcy\u00fcm\u00fc\u015f. Yurt d\u0131\u015f\u0131nda farkl\u0131 yerlerde \u00e7al\u0131\u015farak profesyonel deneyim kazanm\u0131\u015f bir isimdir.<\/p>\n<p><img loading=\"lazy\" decoding=\"async\" class=\"alignnone wp-image-206189 \" src=\"https:\/\/www.tgrthaber.com\/mavikadin\/wp-content\/uploads\/Ekran-Resmi-2025-07-16-18.21.10.png\" alt=\"\" width=\"987\" height=\"636\" title=\"\" srcset=\"https:\/\/www.tgrthaber.com\/mavikadin\/wp-content\/uploads\/Ekran-Resmi-2025-07-16-18.21.10.png 934w, https:\/\/www.tgrthaber.com\/mavikadin\/wp-content\/uploads\/Ekran-Resmi-2025-07-16-18.21.10-300x193.png 300w, https:\/\/www.tgrthaber.com\/mavikadin\/wp-content\/uploads\/Ekran-Resmi-2025-07-16-18.21.10-768x495.png 768w\" sizes=\"(max-width: 987px) 100vw, 987px\" \/><\/p>\n<hr \/>\n<h3>MASTERCHEF ANA KADROYA G\u0130REN 2. \u0130S\u0130M EYL\u00dcL AZRA SOYSAL K\u0130MD\u0130R?<\/h3>\n<p>MasterChef ana kadroya 2. kat\u0131lan isim Eyl\u00fcl Azra Sosyal olmu\u015ftur. Yar\u0131\u015fmac\u0131 aslen Konyal\u0131d\u0131r. 8 y\u0131ld\u0131r profesyonel olarak a\u015f\u00e7\u0131l\u0131k yapmaktad\u0131r.<\/p>\n<p><img loading=\"lazy\" decoding=\"async\" class=\"alignnone wp-image-206190 \" src=\"https:\/\/www.tgrthaber.com\/mavikadin\/wp-content\/uploads\/Ekran-Resmi-2025-07-16-18.21.57.png\" alt=\"\" width=\"987\" height=\"601\" title=\"\" srcset=\"https:\/\/www.tgrthaber.com\/mavikadin\/wp-content\/uploads\/Ekran-Resmi-2025-07-16-18.21.57.png 972w, https:\/\/www.tgrthaber.com\/mavikadin\/wp-content\/uploads\/Ekran-Resmi-2025-07-16-18.21.57-300x183.png 300w, https:\/\/www.tgrthaber.com\/mavikadin\/wp-content\/uploads\/Ekran-Resmi-2025-07-16-18.21.57-768x468.png 768w\" sizes=\"(max-width: 987px) 100vw, 987px\" \/><\/p>\n<hr \/>\n<h3>MASTERCHEF ANA KADROYA G\u0130REN 3. \u0130S\u0130M \u00c7A\u011eATAY DO\u011eANAY K\u0130MD\u0130R?<\/h3>\n<p>MasterChef ana kadroya giren 3. isim \u00c7a\u011fatay Do\u011fanay oldu. \u00c7a\u011fatay Do\u011fanay 27 ya\u015f\u0131ndad\u0131r. Private Chet olarak tan\u0131nan yar\u0131\u015fmac\u0131 \u0130stanbul do\u011fumludur.<span class=\"Apple-converted-space\">\u00a0 <\/span>Bir ailenin evinde uzun s\u00fcre \u00f6zel \u015fef olarak \u00e7al\u0131\u015fm\u0131\u015ft\u0131r. Afrika k\u0131tas\u0131nda maden kamp\u0131nda g\u00fcnde 50 ki\u015fiye yemek \u00e7\u0131karm\u0131\u015f bir isimdir.<\/p>\n<p><img loading=\"lazy\" decoding=\"async\" class=\"alignnone wp-image-206191 size-full\" src=\"https:\/\/www.tgrthaber.com\/mavikadin\/wp-content\/uploads\/Ekran-Resmi-2025-07-16-18.22.52.png\" alt=\"\" width=\"980\" height=\"626\" title=\"\" srcset=\"https:\/\/www.tgrthaber.com\/mavikadin\/wp-content\/uploads\/Ekran-Resmi-2025-07-16-18.22.52.png 980w, https:\/\/www.tgrthaber.com\/mavikadin\/wp-content\/uploads\/Ekran-Resmi-2025-07-16-18.22.52-300x192.png 300w, https:\/\/www.tgrthaber.com\/mavikadin\/wp-content\/uploads\/Ekran-Resmi-2025-07-16-18.22.52-768x491.png 768w\" sizes=\"(max-width: 980px) 100vw, 980px\" \/><\/p>\n<hr \/>\n<h3>MASTERCHEF ANA KADROYA G\u0130REN 4. \u0130S\u0130M ONUR D\u0130KBA\u015e K\u0130MD\u0130R?<\/h3>\n<p class=\"p1\">MasterChef\u2019te ana kadroya giren 4. \u0130sim Onur Dikba\u015f olmu\u015ftur. Yar\u0131\u015fmac\u0131 Gasronomi b\u00f6l\u00fcm\u00fc mezunudur. 6 y\u0131ld\u0131r sekt\u00f6rde deneyimi bulunmaktad\u0131r.<\/p>\n<p><img loading=\"lazy\" decoding=\"async\" class=\"alignnone wp-image-206192 \" src=\"https:\/\/www.tgrthaber.com\/mavikadin\/wp-content\/uploads\/Ekran-Resmi-2025-07-16-18.23.37.png\" alt=\"\" width=\"977\" height=\"596\" title=\"\" srcset=\"https:\/\/www.tgrthaber.com\/mavikadin\/wp-content\/uploads\/Ekran-Resmi-2025-07-16-18.23.37.png 974w, https:\/\/www.tgrthaber.com\/mavikadin\/wp-content\/uploads\/Ekran-Resmi-2025-07-16-18.23.37-300x183.png 300w, https:\/\/www.tgrthaber.com\/mavikadin\/wp-content\/uploads\/Ekran-Resmi-2025-07-16-18.23.37-768x468.png 768w\" sizes=\"(max-width: 977px) 100vw, 977px\" \/><\/p>\n<hr \/>\n<h3>MASTERCHEF ANA KADROYA G\u0130REN 5. \u0130S\u0130M H\u0130LAL A\u011eCA K\u0130MD\u0130R?<\/h3>\n<p class=\"p1\">Hilal A\u011fca 14 ya\u015f\u0131nda mutfa\u011fa ad\u0131m atm\u0131\u015ft\u0131r. K\u00fc\u00e7\u00fck ya\u015flardan itibaren \u00e7al\u0131\u015fan isim bir restoranda sushi \u015fefi olarak \u00e7al\u0131\u015fmaktad\u0131r. \u0130stanbul\u2019da ya\u015fayan yar\u0131\u015fmac\u0131 mesle\u011fine b\u00fcy\u00fck bir tutku ile ba\u011fl\u0131 oldu\u011funu her f\u0131rsatta dile getiriyor.<\/p>\n<p>&nbsp;<\/p>\n","protected":false},"excerpt":{"rendered":"<p>MasterChef ana kadroya yedeklerden giren Meryem Sevin\u00e7&#8217;in hayat\u0131 merak konusu oldu. \u0130zleyiciler MasterChef ana kadroya yedeklerden giren yar\u0131\u015fmac\u0131 Meryem Sevin\u00e7 kimdir, ka\u00e7 ya\u015f\u0131nda, aslen nereli? sorular\u0131n\u0131n cevab\u0131n\u0131 ara\u015ft\u0131r\u0131yor. \u0130\u015fte detaylar&#8230; <\/p>\n","protected":false},"author":16,"featured_media":206343,"comment_status":"closed","ping_status":"closed","sticky":false,"template":"","format":"standard","meta":{"rank_math_lock_modified_date":false,"footnotes":""},"categories":[491],"tags":[3374,16521,28454,28453,28452],"class_list":["post-206174","post","type-post","status-publish","format-standard","has-post-thumbnail","hentry","category-biyografi","tag-biyografi","tag-biyografi-haberleri","tag-masterchef-2025-yedek-yarismaci-meryem-sevinc-aslen-nereli","tag-masterchef-2025-yedek-yarismaci-meryem-sevinc-kac-yasinda","tag-masterchef-2025-yedek-yarismaci-meryem-sevinc-kimdir"],"_links":{"self":[{"href":"https:\/\/www.tgrthaber.com\/mavikadin\/wp-json\/wp\/v2\/posts\/206174"}],"collection":[{"href":"https:\/\/www.tgrthaber.com\/mavikadin\/wp-json\/wp\/v2\/posts"}],"about":[{"href":"https:\/\/www.tgrthaber.com\/mavikadin\/wp-json\/wp\/v2\/types\/post"}],"author":[{"embeddable":true,"href":"https:\/\/www.tgrthaber.com\/mavikadin\/wp-json\/wp\/v2\/users\/16"}],"replies":[{"embeddable":true,"href":"https:\/\/www.tgrthaber.com\/mavikadin\/wp-json\/wp\/v2\/comments?post=206174"}],"version-history":[{"count":3,"href":"https:\/\/www.tgrthaber.com\/mavikadin\/wp-json\/wp\/v2\/posts\/206174\/revisions"}],"predecessor-version":[{"id":206346,"href":"https:\/\/www.tgrthaber.com\/mavikadin\/wp-json\/wp\/v2\/posts\/206174\/revisions\/206346"}],"wp:featuredmedia":[{"embeddable":true,"href":"https:\/\/www.tgrthaber.com\/mavikadin\/wp-json\/wp\/v2\/media\/206343"}],"wp:attachment":[{"href":"https:\/\/www.tgrthaber.com\/mavikadin\/wp-json\/wp\/v2\/media?parent=206174"}],"wp:term":[{"taxonomy":"category","embeddable":true,"href":"https:\/\/www.tgrthaber.com\/mavikadin\/wp-json\/wp\/v2\/categories?post=206174"},{"taxonomy":"post_tag","embeddable":true,"href":"https:\/\/www.tgrthaber.com\/mavikadin\/wp-json\/wp\/v2\/tags?post=206174"}],"curies":[{"name":"wp","href":"https:\/\/api.w.org\/{rel}","templated":true}]}}