{"id":206210,"date":"2025-07-16T23:52:15","date_gmt":"2025-07-16T20:52:15","guid":{"rendered":"https:\/\/www.tgrthaber.com\/mavikadin\/?p=206210"},"modified":"2025-07-16T23:52:15","modified_gmt":"2025-07-16T20:52:15","slug":"masterchefe-yedeklerden-giren-yarismaci-meryem-sevinc-oldu","status":"publish","type":"post","link":"https:\/\/www.tgrthaber.com\/mavikadin\/masterchefe-yedeklerden-giren-yarismaci-meryem-sevinc-oldu\/","title":{"rendered":"MasterChef&#8217;e yedeklerden giren yar\u0131\u015fmac\u0131 Meryem Sevin\u00e7 oldu!"},"content":{"rendered":"<p>MasterChef T\u00fcrkiye ana kadro heyecan\u0131 tam gaz devam ediyor. Yar\u0131\u015fmac\u0131lar ana kadroda yer alabilmek i\u00e7in ellerinden gelenin fazlas\u0131n\u0131 yapmaya gayret g\u00f6steriyor. \u0130lk gruptaki 16 ki\u015fi i\u00e7erisinde 5 isim ana kadroya ismini yazd\u0131rd\u0131. G\u00f6zler bu ak\u015fam ana kadroya yedeklerden giren isme \u00e7evrildi. 16 Temmuz 2025 ana kadroya yedeklerden giren yar\u0131\u015fmac\u0131 Meryem Sevin\u00e7\u00a0 oldu. Ba\u015far\u0131l\u0131 taba\u011f\u0131 ile \u015fefleri kendisine hayran b\u0131rakan Meryem Sevin\u00e7 MasterChef&#8217;e yedeklerden giren yar\u0131\u015fmac\u0131 oldu.<\/p>\n<h3>MASTERCHEF T\u00dcRK\u0130YE YEN\u0130 SEZONDA ANA KADRO HEYECANINDA SON V\u0130RAJ<\/h3>\n<p>TV8 ekranlar\u0131n\u0131n sevilerek seyredilen yar\u0131\u015fma program\u0131 MasterChef T\u00fcrkiye&#8217;de ana kadro sava\u015flar\u0131 ya\u015fan\u0131yor. Birbirinden yetenekli yar\u0131\u015fmac\u0131lar ana kadroya girebilmek i\u00e7in ellerinden gelen m\u00fccadeleyi veriyor. Danillo Zanna, Mehmet Yal\u00e7\u0131nkaya ve Somer Sivrio\u011flu&#8217;nun bu ak\u015fam i\u00e7in yar\u0131\u015fmac\u0131lara verdi\u011fi \u00fcr\u00fcn kaju oldu. Yar\u0131\u015fmac\u0131lar kaju ile birbirinden g\u00fczel ve \u00f6zg\u00fcn yemekler yapt\u0131. Bu turda ba\u015far\u0131l\u0131 olan isimler yemek etab\u0131nda da yar\u0131\u015ft\u0131. Burada da yapt\u0131\u011f\u0131 bu\u011fulama \u00e7orbas\u0131 ile ba\u015far\u0131l\u0131 olup, \u015fefleri taba\u011f\u0131na hayran b\u0131rakt\u0131ran isim Meryem Sevin\u00e7 MasterChef&#8217;e yedeklerden giren yar\u0131\u015fmac\u0131 oldu.<\/p>\n<p><img loading=\"lazy\" decoding=\"async\" class=\"alignnone wp-image-206337 size-large\" src=\"https:\/\/www.tgrthaber.com\/mavikadin\/wp-content\/uploads\/Ekran-Resmi-2025-07-16-23.43.37-1024x532.png\" alt=\"\" width=\"1024\" height=\"532\" title=\"\" srcset=\"https:\/\/www.tgrthaber.com\/mavikadin\/wp-content\/uploads\/Ekran-Resmi-2025-07-16-23.43.37-1024x532.png 1024w, https:\/\/www.tgrthaber.com\/mavikadin\/wp-content\/uploads\/Ekran-Resmi-2025-07-16-23.43.37-300x156.png 300w, https:\/\/www.tgrthaber.com\/mavikadin\/wp-content\/uploads\/Ekran-Resmi-2025-07-16-23.43.37-768x399.png 768w, https:\/\/www.tgrthaber.com\/mavikadin\/wp-content\/uploads\/Ekran-Resmi-2025-07-16-23.43.37-1536x797.png 1536w, https:\/\/www.tgrthaber.com\/mavikadin\/wp-content\/uploads\/Ekran-Resmi-2025-07-16-23.43.37.png 1672w\" sizes=\"(max-width: 1024px) 100vw, 1024px\" \/><\/p>\n<hr \/>\n<h3>MASTERCHEF 2025 ANA KADROYA G\u0130REN \u0130S\u0130MLER K\u0130MLER?<\/h3>\n<p>MasterChef ana kadroya giren isimler, Furkan Kahraman, Eyl\u00fcl Azra Soysal, \u00c7a\u011fatay Do\u011fanay, Hilal A\u011fc\u0131, Onur Dikba\u015f oldu.<\/p>\n<p><img loading=\"lazy\" decoding=\"async\" class=\"alignnone wp-image-206216 size-large\" src=\"https:\/\/www.tgrthaber.com\/mavikadin\/wp-content\/uploads\/Ekran-Resmi-2025-07-16-17.19.32-1-1024x566.png\" alt=\"\" width=\"1024\" height=\"566\" title=\"\" srcset=\"https:\/\/www.tgrthaber.com\/mavikadin\/wp-content\/uploads\/Ekran-Resmi-2025-07-16-17.19.32-1-1024x566.png 1024w, https:\/\/www.tgrthaber.com\/mavikadin\/wp-content\/uploads\/Ekran-Resmi-2025-07-16-17.19.32-1-300x166.png 300w, https:\/\/www.tgrthaber.com\/mavikadin\/wp-content\/uploads\/Ekran-Resmi-2025-07-16-17.19.32-1-768x425.png 768w, https:\/\/www.tgrthaber.com\/mavikadin\/wp-content\/uploads\/Ekran-Resmi-2025-07-16-17.19.32-1.png 1266w\" sizes=\"(max-width: 1024px) 100vw, 1024px\" \/><\/p>\n<hr \/>\n<h3>MASTERCHEF ANA KADROYA YEDEKLERDEN G\u0130RMEK \u0130\u00c7\u0130N U\u011eRA\u015eAN GRUP \u0130\u00c7\u0130NDE K\u0130MLER VAR?<\/h3>\n<p>Yedeklere kalabilmek i\u00e7in tabak yapacak isimler aras\u0131nda; Bur\u00e7ak, Yusuf, Belgin, Elif, Do\u011fuhan, O\u011fuzhan, Ayten, Bilal, Meryem var.<\/p>\n<p><img loading=\"lazy\" decoding=\"async\" class=\"alignnone wp-image-206226 size-large\" src=\"https:\/\/www.tgrthaber.com\/mavikadin\/wp-content\/uploads\/Ekran-Resmi-2025-07-16-17.22.08-1024x561.png\" alt=\"\" width=\"1024\" height=\"561\" title=\"\" srcset=\"https:\/\/www.tgrthaber.com\/mavikadin\/wp-content\/uploads\/Ekran-Resmi-2025-07-16-17.22.08-1024x561.png 1024w, https:\/\/www.tgrthaber.com\/mavikadin\/wp-content\/uploads\/Ekran-Resmi-2025-07-16-17.22.08-300x164.png 300w, https:\/\/www.tgrthaber.com\/mavikadin\/wp-content\/uploads\/Ekran-Resmi-2025-07-16-17.22.08-768x421.png 768w, https:\/\/www.tgrthaber.com\/mavikadin\/wp-content\/uploads\/Ekran-Resmi-2025-07-16-17.22.08.png 1052w\" sizes=\"(max-width: 1024px) 100vw, 1024px\" \/><\/p>\n<hr \/>\n<h3>MASTERCHEF 2025 T\u00dcRK\u0130YE&#8217;YE NASIL BA\u015eVURULUR?<\/h3>\n<p>Ekranlar\u0131n sevilen yemek yar\u0131\u015fmas\u0131 program\u0131 MasterChef T\u00fcrkiye&#8217;ye ba\u015fvuru yapmak olduk\u00e7a kolay. Yeni sezonun ba\u015fvurular\u0131 \u015fuan i\u00e7in bitmi\u015f olsa da gelecek sezon da programa ba\u015fvuru yapmak isteyenler TV8&#8217;in resmi internet sitesi \u00fczerinden ba\u015fvuru yapabilirler.<\/p>\n<p><img loading=\"lazy\" decoding=\"async\" class=\"alignnone wp-image-206227 \" src=\"https:\/\/www.tgrthaber.com\/mavikadin\/wp-content\/uploads\/Ekran-Resmi-2025-07-16-19.17.04-1024x551.png\" alt=\"\" width=\"980\" height=\"527\" title=\"\" srcset=\"https:\/\/www.tgrthaber.com\/mavikadin\/wp-content\/uploads\/Ekran-Resmi-2025-07-16-19.17.04-1024x551.png 1024w, https:\/\/www.tgrthaber.com\/mavikadin\/wp-content\/uploads\/Ekran-Resmi-2025-07-16-19.17.04-300x161.png 300w, https:\/\/www.tgrthaber.com\/mavikadin\/wp-content\/uploads\/Ekran-Resmi-2025-07-16-19.17.04-768x413.png 768w, https:\/\/www.tgrthaber.com\/mavikadin\/wp-content\/uploads\/Ekran-Resmi-2025-07-16-19.17.04-1536x827.png 1536w, https:\/\/www.tgrthaber.com\/mavikadin\/wp-content\/uploads\/Ekran-Resmi-2025-07-16-19.17.04.png 1906w\" sizes=\"(max-width: 980px) 100vw, 980px\" \/><\/p>\n<hr \/>\n<p>Sitede yer alan ki\u015fisel bilgiler, adres, telefon gibi bilgilerin do\u011fru ve eksiksiz doldurulmas\u0131 gerekiyor. Bunun yan\u0131 s\u0131ra yar\u0131\u015fmac\u0131lar\u0131n kendilerini tan\u0131t\u0131klar\u0131 bir videonunda y\u00fcklenmesi gerekiyor ki bu video se\u00e7melerde olduk\u00e7a \u00f6nem ta\u015f\u0131yor.<\/p>\n","protected":false},"excerpt":{"rendered":"<p>MasterChef T\u00fcrkiye&#8217;de ana kadro heyecan\u0131 devam ediyor. 5. isim ana kadroya kat\u0131ld\u0131. Bu ak\u015fam MasterChef yedeklerden devam edecek isim a\u00e7\u0131kland\u0131. Meryem Sevin\u00e7 bu\u011fulama \u00e7orbas\u0131n\u0131 en iyi yapan yar\u0131\u015fmac\u0131 olarak MasterChef&#8217;e yedeklerden kat\u0131lan yar\u0131\u015fmac\u0131 oldu. <\/p>\n","protected":false},"author":16,"featured_media":206338,"comment_status":"closed","ping_status":"closed","sticky":false,"template":"","format":"standard","meta":{"rank_math_lock_modified_date":false,"footnotes":""},"categories":[76],"tags":[],"class_list":["post-206210","post","type-post","status-publish","format-standard","has-post-thumbnail","hentry","category-magazin"],"_links":{"self":[{"href":"https:\/\/www.tgrthaber.com\/mavikadin\/wp-json\/wp\/v2\/posts\/206210"}],"collection":[{"href":"https:\/\/www.tgrthaber.com\/mavikadin\/wp-json\/wp\/v2\/posts"}],"about":[{"href":"https:\/\/www.tgrthaber.com\/mavikadin\/wp-json\/wp\/v2\/types\/post"}],"author":[{"embeddable":true,"href":"https:\/\/www.tgrthaber.com\/mavikadin\/wp-json\/wp\/v2\/users\/16"}],"replies":[{"embeddable":true,"href":"https:\/\/www.tgrthaber.com\/mavikadin\/wp-json\/wp\/v2\/comments?post=206210"}],"version-history":[{"count":1,"href":"https:\/\/www.tgrthaber.com\/mavikadin\/wp-json\/wp\/v2\/posts\/206210\/revisions"}],"predecessor-version":[{"id":206339,"href":"https:\/\/www.tgrthaber.com\/mavikadin\/wp-json\/wp\/v2\/posts\/206210\/revisions\/206339"}],"wp:featuredmedia":[{"embeddable":true,"href":"https:\/\/www.tgrthaber.com\/mavikadin\/wp-json\/wp\/v2\/media\/206338"}],"wp:attachment":[{"href":"https:\/\/www.tgrthaber.com\/mavikadin\/wp-json\/wp\/v2\/media?parent=206210"}],"wp:term":[{"taxonomy":"category","embeddable":true,"href":"https:\/\/www.tgrthaber.com\/mavikadin\/wp-json\/wp\/v2\/categories?post=206210"},{"taxonomy":"post_tag","embeddable":true,"href":"https:\/\/www.tgrthaber.com\/mavikadin\/wp-json\/wp\/v2\/tags?post=206210"}],"curies":[{"name":"wp","href":"https:\/\/api.w.org\/{rel}","templated":true}]}}