{"id":206214,"date":"2025-07-16T19:08:50","date_gmt":"2025-07-16T16:08:50","guid":{"rendered":"https:\/\/www.tgrthaber.com\/mavikadin\/?p=206214"},"modified":"2025-07-16T19:08:50","modified_gmt":"2025-07-16T16:08:50","slug":"ruby-o-fee-kimdir-kac-yasinda-ruby-o-fee-nerelerde-oynadi","status":"publish","type":"post","link":"https:\/\/www.tgrthaber.com\/mavikadin\/ruby-o-fee-kimdir-kac-yasinda-ruby-o-fee-nerelerde-oynadi\/","title":{"rendered":"Ruby O. Fee kimdir ka\u00e7 ya\u015f\u0131nda? Ruby O. Fee nerelerde oynad\u0131?"},"content":{"rendered":"<p>\u00dcnl\u00fc oyuncu Ruby O. Fee kariyeri ve \u00f6zel hayat\u0131 g\u00fcndeme geliyor. Oyuncu oynad\u0131\u011f\u0131 roller ile arama motorlar\u0131nda ismi en \u00e7ok aranan isim oldu. Peki, Ruby O. Fee kimdir ka\u00e7 ya\u015f\u0131nda? Ruby O. Fee nerelerde oynad\u0131? sorular\u0131n\u0131 sizin i\u00e7in ara\u015ft\u0131rd\u0131k. \u0130\u015fte detaylar\u2026<\/p>\n<h3>RUBY O. FEE K\u0130MD\u0130R?<\/h3>\n<p>Ruby O. Fee, 7 \u015eubat 1996 y\u0131l\u0131nda Kosta Rika\u2019da d\u00fcnyaya geldi. \u00c7ocuklu\u011funu Brezilya\u2019da ge\u00e7en Ruby O. Fee, Almanya\u2019ya ta\u015f\u0131nmas\u0131 sonucu dizi ve sinema sekt\u00f6r\u00fcne giri\u015f yapt\u0131. 2010 y\u0131l\u0131nda \u201cZamana Kar\u015f\u0131 Yaln\u0131z\u201d adl\u0131 televizyon dizisinde &#8220;Sophie Kellermann&#8221; rol\u00fc ile tan\u0131nmaya ba\u015flad\u0131. \u0130lk kez uzun i\u015fi olan \u201cWomb\u201d ile geni\u015f kitlelerce tan\u0131nd\u0131. \u201cRebecca\u201dn\u0131n gen\u00e7 yeti\u015fkin halini oynamas\u0131 ile dikkatleri \u00fczerine \u00e7ekti. \u0130lk ba\u015frol filmi olan \u201cL\u00f6wenzahn \u2013 Das Kinoabenteuer&#8221; da \u2018Laila\u2019 rol\u00fcnde oynad\u0131.<\/p>\n<h3><img loading=\"lazy\" decoding=\"async\" class=\"alignnone size-full wp-image-206221\" src=\"https:\/\/www.tgrthaber.com\/mavikadin\/wp-content\/uploads\/ARZU-2025-07-16T190511.203.jpg\" alt=\"Ruby O. Fee kimdir ka\u00e7 ya\u015f\u0131nda? Ruby O. Fee nerelerde oynad\u0131?\" width=\"1208\" height=\"680\" title=\"\" srcset=\"https:\/\/www.tgrthaber.com\/mavikadin\/wp-content\/uploads\/ARZU-2025-07-16T190511.203.jpg 1208w, https:\/\/www.tgrthaber.com\/mavikadin\/wp-content\/uploads\/ARZU-2025-07-16T190511.203-300x169.jpg 300w, https:\/\/www.tgrthaber.com\/mavikadin\/wp-content\/uploads\/ARZU-2025-07-16T190511.203-1024x576.jpg 1024w, https:\/\/www.tgrthaber.com\/mavikadin\/wp-content\/uploads\/ARZU-2025-07-16T190511.203-768x432.jpg 768w\" sizes=\"(max-width: 1208px) 100vw, 1208px\" \/><\/h3>\n<hr \/>\n<h3>RUBY O. FEE KA\u00c7 YA\u015eINDA?<\/h3>\n<p>\u015eimdilerde 29 ya\u015f\u0131nda olan Ruby O. Fee 2012 yaz\u0131nda Moritz Bleibtreu&#8217;nun da ba\u015frol\u00fcnde yer ald\u0131\u011f\u0131 \u00e7ocuk kitab\u0131 \u2018Kara Karde\u015fler\u2019 filminin uyarlamas\u0131 ile \u00e7ocuk hayranlar\u0131n\u0131n da ilgisini \u00e7ekmektedir. Sadece dizi ve sinema filmlerinde oynad\u0131\u011f\u0131 roller ile de\u011fil seslendirdi\u011fi i\u015fler ile de g\u00fcndeme geliyor.<\/p>\n<p>Tatort&#8217;un &#8220;Do\u011fum G\u00fcn\u00fcn Kutlu Olsun, Sarah&#8221; b\u00f6l\u00fcm\u00fcndeki cinayet \u015f\u00fcphelisi &#8220;Sarah&#8221; rol\u00fcyle b\u00fcy\u00fck \u00f6vg\u00fc alan Ruby O. Fee, \u00e7ok fazla rollerde oynam\u0131\u015ft\u0131r.<\/p>\n<h3><img loading=\"lazy\" decoding=\"async\" class=\"alignnone size-full wp-image-206220\" src=\"https:\/\/www.tgrthaber.com\/mavikadin\/wp-content\/uploads\/ARZU-2025-07-16T190518.579.jpg\" alt=\"Ruby O. Fee kimdir ka\u00e7 ya\u015f\u0131nda? Ruby O. Fee nerelerde oynad\u0131?\" width=\"1208\" height=\"680\" title=\"\" srcset=\"https:\/\/www.tgrthaber.com\/mavikadin\/wp-content\/uploads\/ARZU-2025-07-16T190518.579.jpg 1208w, https:\/\/www.tgrthaber.com\/mavikadin\/wp-content\/uploads\/ARZU-2025-07-16T190518.579-300x169.jpg 300w, https:\/\/www.tgrthaber.com\/mavikadin\/wp-content\/uploads\/ARZU-2025-07-16T190518.579-1024x576.jpg 1024w, https:\/\/www.tgrthaber.com\/mavikadin\/wp-content\/uploads\/ARZU-2025-07-16T190518.579-768x432.jpg 768w\" sizes=\"(max-width: 1208px) 100vw, 1208px\" \/><\/h3>\n<hr \/>\n<h3>RUBY O. FEE NERELERDE OYNADI?<\/h3>\n<p>Dizi ve filmlerin en \u00e7ok arana y\u00fczlerinden biri olan Ruby O. Fee, kariyeri ile g\u00f6z dolduruyor. En fazla film yap\u0131mlar\u0131nda g\u00f6r\u00fclen Ruby O. Fee, \u00f6zel hayat\u0131 ile de g\u00fcndeme geliyor. 2019 y\u0131l\u0131ndan beri akt\u00f6r Matthias Schweigh\u00f6fer ile ili\u015fki ya\u015famaktad\u0131r.<\/p>\n<ul>\n<li>R\u00fcya G\u00f6rd\u00fc\u011f\u00fcm\u00fcz Zaman<\/li>\n<li>Hayalet Avc\u0131lar\u0131<\/li>\n<li>Taraf De\u011fi\u015fikli\u011fi<\/li>\n<li>G\u00f6r\u00fcnmezler<\/li>\n<li>Ya\u015fl\u0131 Adam<\/li>\n<li>Kutup<\/li>\n<li>Sevgililer<\/li>\n<\/ul>\n<p><img loading=\"lazy\" decoding=\"async\" class=\"alignnone size-full wp-image-206219\" src=\"https:\/\/www.tgrthaber.com\/mavikadin\/wp-content\/uploads\/ARZU-2025-07-16T190528.399.jpg\" alt=\"Ruby O. Fee kimdir ka\u00e7 ya\u015f\u0131nda? Ruby O. Fee nerelerde oynad\u0131?\" width=\"1208\" height=\"680\" title=\"\" srcset=\"https:\/\/www.tgrthaber.com\/mavikadin\/wp-content\/uploads\/ARZU-2025-07-16T190528.399.jpg 1208w, https:\/\/www.tgrthaber.com\/mavikadin\/wp-content\/uploads\/ARZU-2025-07-16T190528.399-300x169.jpg 300w, https:\/\/www.tgrthaber.com\/mavikadin\/wp-content\/uploads\/ARZU-2025-07-16T190528.399-1024x576.jpg 1024w, https:\/\/www.tgrthaber.com\/mavikadin\/wp-content\/uploads\/ARZU-2025-07-16T190528.399-768x432.jpg 768w\" sizes=\"(max-width: 1208px) 100vw, 1208px\" \/><\/p>\n<hr \/>\n<ul>\n<li>Kutup<\/li>\n<li>H\u0131rs\u0131zlar Ordusu<\/li>\n<li>Tu\u011fla<\/li>\n<li>Ka\u00e7\u0131\u015f Yok<\/li>\n<li>Kara Karde\u015fler<\/li>\n<li>Zazy<\/li>\n<li>Karahindiba<\/li>\n<li>Zamana Kar\u015f\u0131 Yaln\u0131z<\/li>\n<li>Rockabilly Requiem, yap\u0131mlar da rol alan Ruby O. Fee, bir\u00e7ok yap\u0131m da seyirci kar\u015f\u0131s\u0131na \u00e7\u0131km\u0131\u015ft\u0131r.<\/li>\n<\/ul>\n","protected":false},"excerpt":{"rendered":"<p>\u00dcnl\u00fc oyuncu Ruby O. Fee, merak edildi. Oyuncunu kariyeri ve \u00f6zel hayat\u0131 ara\u015ft\u0131r\u0131lmaya ba\u015fland\u0131. Peki, Ruby O. Fee kimdir ka\u00e7 ya\u015f\u0131nda? Ruby O. Fee nerelerde oynad\u0131? \u0130\u015fte detaylar\u2026<\/p>\n","protected":false},"author":34,"featured_media":206218,"comment_status":"closed","ping_status":"closed","sticky":false,"template":"","format":"standard","meta":{"rank_math_lock_modified_date":false,"footnotes":""},"categories":[491],"tags":[16521,28422,28424,28423],"class_list":["post-206214","post","type-post","status-publish","format-standard","has-post-thumbnail","hentry","category-biyografi","tag-biyografi-haberleri","tag-ruby-o-fee","tag-ruby-o-fee-dizi-ve-filmeri","tag-ruby-o-fee-kimdir"],"_links":{"self":[{"href":"https:\/\/www.tgrthaber.com\/mavikadin\/wp-json\/wp\/v2\/posts\/206214"}],"collection":[{"href":"https:\/\/www.tgrthaber.com\/mavikadin\/wp-json\/wp\/v2\/posts"}],"about":[{"href":"https:\/\/www.tgrthaber.com\/mavikadin\/wp-json\/wp\/v2\/types\/post"}],"author":[{"embeddable":true,"href":"https:\/\/www.tgrthaber.com\/mavikadin\/wp-json\/wp\/v2\/users\/34"}],"replies":[{"embeddable":true,"href":"https:\/\/www.tgrthaber.com\/mavikadin\/wp-json\/wp\/v2\/comments?post=206214"}],"version-history":[{"count":1,"href":"https:\/\/www.tgrthaber.com\/mavikadin\/wp-json\/wp\/v2\/posts\/206214\/revisions"}],"predecessor-version":[{"id":206222,"href":"https:\/\/www.tgrthaber.com\/mavikadin\/wp-json\/wp\/v2\/posts\/206214\/revisions\/206222"}],"wp:featuredmedia":[{"embeddable":true,"href":"https:\/\/www.tgrthaber.com\/mavikadin\/wp-json\/wp\/v2\/media\/206218"}],"wp:attachment":[{"href":"https:\/\/www.tgrthaber.com\/mavikadin\/wp-json\/wp\/v2\/media?parent=206214"}],"wp:term":[{"taxonomy":"category","embeddable":true,"href":"https:\/\/www.tgrthaber.com\/mavikadin\/wp-json\/wp\/v2\/categories?post=206214"},{"taxonomy":"post_tag","embeddable":true,"href":"https:\/\/www.tgrthaber.com\/mavikadin\/wp-json\/wp\/v2\/tags?post=206214"}],"curies":[{"name":"wp","href":"https:\/\/api.w.org\/{rel}","templated":true}]}}