{"id":206249,"date":"2025-07-16T21:32:09","date_gmt":"2025-07-16T18:32:09","guid":{"rendered":"https:\/\/www.tgrthaber.com\/mavikadin\/?p=206249"},"modified":"2025-07-16T21:32:10","modified_gmt":"2025-07-16T18:32:10","slug":"camdaki-kizin-nalani-burcu-biricik-kizini-paylasti-begeni-rekoru-kirdi-benim-kucuk-uc-kagitcim","status":"publish","type":"post","link":"https:\/\/www.tgrthaber.com\/mavikadin\/camdaki-kizin-nalani-burcu-biricik-kizini-paylasti-begeni-rekoru-kirdi-benim-kucuk-uc-kagitcim\/","title":{"rendered":"Camdaki K\u0131z&#8217;\u0131n Nalan&#8217;\u0131 Burcu Biricik k\u0131z\u0131n\u0131 payla\u015ft\u0131! Be\u011feni rekoru k\u0131rd\u0131 benim k\u00fc\u00e7\u00fck \u00fc\u00e7 ka\u011f\u0131t\u00e7\u0131m!"},"content":{"rendered":"<p class=\"p1\">Camdaki K\u0131z dizisinin Nalan\u2019\u0131 Burcu Biricik, ge\u00e7en sene k\u0131zlar\u0131 Luna\u2019y\u0131 kuca\u011f\u0131na alm\u0131\u015ft\u0131. Emre Yetkin ile mutlu beraberlikleriyle magazin d\u00fcnyas\u0131n\u0131n konu\u015fulan isimlerinden biri olan Burcu Biricik son payla\u015f\u0131m\u0131yla ad\u0131ndan s\u00f6z ettirdi. K\u0131z\u0131 Luna\u2019n\u0131n 1. ya\u015f g\u00fcn\u00fcn\u00fc sosyal medya hesab\u0131ndan payla\u015ft\u0131\u011f\u0131 g\u00fczel bir notla kutlayan \u00fcnl\u00fc oyuncunun payla\u015f\u0131m\u0131na be\u011feni ya\u011fd\u0131.<\/p>\n<h3>CAMDAK\u0130 KIZ&#8217;IN NALAN&#8217;I BURCU B\u0130R\u0130C\u0130K KIZINI PAYLA\u015eTI! BE\u011eEN\u0130 REKORU KIRDI BEN\u0130M K\u00dc\u00c7\u00dcK \u00dc\u00c7 KA\u011eIT\u00c7IM<\/h3>\n<p class=\"p1\">&#8216;D\u00fc\u015fman Karde\u015fler&#8217;, &#8216;Beni B\u00f6yle Sev&#8217;, &#8216;\u015eeref Meselesi&#8217;, &#8216;Hayat \u015eark\u0131s\u0131&#8217;, &#8216;Kuzgun&#8217; ve &#8216;Camdaki K\u0131z&#8217; gibi<span class=\"Apple-converted-space\">\u00a0 <\/span>dizilerde g\u00f6sterdi\u011fi ba\u015far\u0131l\u0131 performansla ad\u0131ndan s\u00f6z ettiren Burcu Biricik, 2016 y\u0131l\u0131nda foto\u011fraf sanat\u00e7\u0131s\u0131 Emre Yetkin ile hayat\u0131n\u0131 birle\u015ftirmi\u015fti. Ge\u00e7en sene temmuz ay\u0131nda k\u0131zlar\u0131 Luna\u2019y\u0131 kucaklar\u0131na alan \u00e7ift, mutlu beraberliklerine \u015fimdi \u00fc\u00e7 ki\u015fi devam ediyor. Sosyal medyay\u0131 aktif kullanan oyuncu Burcu Biricik, son payla\u015f\u0131m\u0131yla yine dikkatleri \u00fczerine \u00e7ekti.<\/p>\n<p><img loading=\"lazy\" decoding=\"async\" class=\"alignnone wp-image-206265 size-large\" src=\"https:\/\/www.tgrthaber.com\/mavikadin\/wp-content\/uploads\/Ekran-Resmi-2025-07-16-21.23.54-1024x636.png\" alt=\"\" width=\"1024\" height=\"636\" title=\"\" srcset=\"https:\/\/www.tgrthaber.com\/mavikadin\/wp-content\/uploads\/Ekran-Resmi-2025-07-16-21.23.54-1024x636.png 1024w, https:\/\/www.tgrthaber.com\/mavikadin\/wp-content\/uploads\/Ekran-Resmi-2025-07-16-21.23.54-300x186.png 300w, https:\/\/www.tgrthaber.com\/mavikadin\/wp-content\/uploads\/Ekran-Resmi-2025-07-16-21.23.54-768x477.png 768w, https:\/\/www.tgrthaber.com\/mavikadin\/wp-content\/uploads\/Ekran-Resmi-2025-07-16-21.23.54.png 1378w\" sizes=\"(max-width: 1024px) 100vw, 1024px\" \/><\/p>\n<hr \/>\n<p class=\"p1\">K\u0131z\u0131 Luna\u2019n\u0131n do\u011fum g\u00fcn\u00fcn\u00fc payla\u015ft\u0131\u011f\u0131 bir resim ve notla kutlayan Bircik\u2019in payla\u015f\u0131m\u0131na be\u011feni ya\u011fd\u0131. Ba\u015far\u0131l\u0131 oyuncu payla\u015f\u0131m\u0131nda \u015fu ifadelere yer verdi:<span class=\"Apple-converted-space\">\u00a0 <\/span>Benim can\u0131m k\u0131z\u0131m. Komi\u011fim, huysuzum, yengecim i\u00e7li i\u00e7li a\u011flayan\u0131m, b\u00fcy\u00fck \u00fc\u00e7ka\u011f\u0131t\u00e7\u0131m. Belli ki a\u015f\u0131r\u0131 e\u011flenece\u011fim, belli ki \u00f6\u011freticim, belli ki \u00fcfff neler neler\u2026 D\u00fcn do\u011fdun, \u015fimdi 1 oldun. Seni seviyorum Luna\u2019m\u2026\u201d<\/p>\n<p><img loading=\"lazy\" decoding=\"async\" class=\"alignnone wp-image-206266 \" src=\"https:\/\/www.tgrthaber.com\/mavikadin\/wp-content\/uploads\/Ekran-Resmi-2025-07-16-21.23.44-768x1024.png\" alt=\"\" width=\"983\" height=\"1311\" title=\"\" srcset=\"https:\/\/www.tgrthaber.com\/mavikadin\/wp-content\/uploads\/Ekran-Resmi-2025-07-16-21.23.44-768x1023.png 768w, https:\/\/www.tgrthaber.com\/mavikadin\/wp-content\/uploads\/Ekran-Resmi-2025-07-16-21.23.44-225x300.png 225w, https:\/\/www.tgrthaber.com\/mavikadin\/wp-content\/uploads\/Ekran-Resmi-2025-07-16-21.23.44.png 818w\" sizes=\"(max-width: 983px) 100vw, 983px\" \/><\/p>\n<hr \/>\n<h3>BURCU B\u0130R\u0130C\u0130K K\u0130MD\u0130R?<\/h3>\n<p class=\"p1\">Burcu Biricik 1989 do\u011fumludur. Antalya\u2019da d\u00fcnyaya gelen Burcu Biricik,<span class=\"Apple-converted-space\">\u00a0 <\/span>\u0130lk, orta ve lise e\u011fitimini tamamlad\u0131ktan sonra Ege \u00dcniversitesi Arkeoloji B\u00f6l\u00fcm\u00fc&#8217;nden mezun olmu\u015ftur. Lise y\u0131llar\u0131nda tiyatro merak\u0131 ba\u015flayan isim \u00fcniversite y\u0131llar\u0131nda Bornova Belediyesi \u015eehir Tiyatrosu&#8217;nda oyunculuk dersleri alm\u0131\u015ft\u0131r. 2006 y\u0131l\u0131nda Antalya\u2019da d\u00fczenlenen bir g\u00fczellik yar\u0131\u015fmas\u0131nda Akdeniz Krali\u00e7esi \u00fcnvan\u0131 alm\u0131\u015ft\u0131r. Burcu Biricik\u2019in ekran maceras\u0131na olan ilk ad\u0131m\u0131 \u2018Ma\u00e7olar\u2019 dizisiyle olmu\u015ftur. G\u00fczel oyuncu burada g\u00f6sterdi\u011fi performans sonras\u0131 ad\u0131ndan s\u00f6z ettirmi\u015ftir.<\/p>\n<p><img loading=\"lazy\" decoding=\"async\" class=\"alignnone wp-image-206268 size-full\" src=\"https:\/\/www.tgrthaber.com\/mavikadin\/wp-content\/uploads\/Ekran-Resmi-2025-07-16-21.25.38.png\" alt=\"\" width=\"984\" height=\"604\" title=\"\" srcset=\"https:\/\/www.tgrthaber.com\/mavikadin\/wp-content\/uploads\/Ekran-Resmi-2025-07-16-21.25.38.png 984w, https:\/\/www.tgrthaber.com\/mavikadin\/wp-content\/uploads\/Ekran-Resmi-2025-07-16-21.25.38-300x184.png 300w, https:\/\/www.tgrthaber.com\/mavikadin\/wp-content\/uploads\/Ekran-Resmi-2025-07-16-21.25.38-768x471.png 768w\" sizes=\"(max-width: 984px) 100vw, 984px\" \/><\/p>\n<hr \/>\n<p class=\"p1\"><b>\u00d6d\u00fcller:<\/b><\/p>\n<p>2017 &#8211; Y\u0131l\u0131n Oyuncusu (3. Elele Avon Kad\u0131n \u00d6d\u00fclleri)<\/p>\n<p>2017 &#8211; En \u0130yi Kad\u0131n Drama Oyuncusu (5. Bilkent Tv \u00d6d\u00fclleri)<\/p>\n<p>2017 &#8211; Y\u0131l\u0131n Kad\u0131n Dizi Oyuncusu (12. \u0130T\u00dc Makinistanbul Medya, Sanat ve Spor \u00d6d\u00fclleri)<\/p>\n<p class=\"p1\"><b>Dizi ve filmler:<\/b><\/p>\n<p>2007 &#8211; Ma\u00e7olar (Dizi)<\/p>\n<p>2008 &#8211; \u00dcmit Milli (Dizi)<\/p>\n<p>2011 &#8211; Ustura Kemal (Dizi)<\/p>\n<p><img loading=\"lazy\" decoding=\"async\" class=\"alignnone wp-image-206270 size-full\" src=\"https:\/\/www.tgrthaber.com\/mavikadin\/wp-content\/uploads\/Ekran-Resmi-2025-07-16-21.25.43.png\" alt=\"\" width=\"1018\" height=\"576\" title=\"\" srcset=\"https:\/\/www.tgrthaber.com\/mavikadin\/wp-content\/uploads\/Ekran-Resmi-2025-07-16-21.25.43.png 1018w, https:\/\/www.tgrthaber.com\/mavikadin\/wp-content\/uploads\/Ekran-Resmi-2025-07-16-21.25.43-300x170.png 300w, https:\/\/www.tgrthaber.com\/mavikadin\/wp-content\/uploads\/Ekran-Resmi-2025-07-16-21.25.43-768x435.png 768w\" sizes=\"(max-width: 1018px) 100vw, 1018px\" \/><\/p>\n<p>&nbsp;<\/p>\n<hr \/>\n<p>2011\u20102012 &#8211; Muhte\u015fem Y\u00fczy\u0131l (Dizi)<\/p>\n<p>2012 &#8211; D\u00fc\u015fman Karde\u015fler (Dizi)<\/p>\n<p>2012 &#8211; Kedi \u00d6zledi (Film)<\/p>\n<p>2013 &#8211; \u0130nan\u00e7 Odas\u0131 (Film)<\/p>\n<p>2013-2014 &#8211; Beni B\u00f6yle Sev (Dizi)<\/p>\n<p>2014 &#8211; Bana Masal Anlatma (Film)<\/p>\n<p>2014-2015 &#8211; \u015eeref Meselesi (Dizi)<\/p>\n","protected":false},"excerpt":{"rendered":"<p>Camdaki K\u0131z dizisinde oynad\u0131\u011f\u0131 Nalan karakteri ile haf\u0131zalara kaz\u0131nan Burcu Biricik, k\u0131z\u0131 Luna&#8217;n\u0131n 1. ya\u015f g\u00fcn\u00fcn\u00fc payla\u015ft\u0131\u011f\u0131 duygusal bir mesajla kutlad\u0131. G\u00fczel oyuncunun k\u0131z\u0131yla olan foto\u011fraf\u0131na be\u011feni ya\u011fd\u0131. <\/p>\n","protected":false},"author":16,"featured_media":206271,"comment_status":"closed","ping_status":"closed","sticky":false,"template":"","format":"standard","meta":{"rank_math_lock_modified_date":false,"footnotes":""},"categories":[76],"tags":[28433,28432,28431,133,2218],"class_list":["post-206249","post","type-post","status-publish","format-standard","has-post-thumbnail","hentry","category-magazin","tag-burcu-biricik-kimdir","tag-burcu-biricik-kizi-luna-dogum-gunu","tag-burcu-biricik-kizini-paylasti","tag-magazin","tag-magazin-haberleri"],"_links":{"self":[{"href":"https:\/\/www.tgrthaber.com\/mavikadin\/wp-json\/wp\/v2\/posts\/206249"}],"collection":[{"href":"https:\/\/www.tgrthaber.com\/mavikadin\/wp-json\/wp\/v2\/posts"}],"about":[{"href":"https:\/\/www.tgrthaber.com\/mavikadin\/wp-json\/wp\/v2\/types\/post"}],"author":[{"embeddable":true,"href":"https:\/\/www.tgrthaber.com\/mavikadin\/wp-json\/wp\/v2\/users\/16"}],"replies":[{"embeddable":true,"href":"https:\/\/www.tgrthaber.com\/mavikadin\/wp-json\/wp\/v2\/comments?post=206249"}],"version-history":[{"count":2,"href":"https:\/\/www.tgrthaber.com\/mavikadin\/wp-json\/wp\/v2\/posts\/206249\/revisions"}],"predecessor-version":[{"id":206277,"href":"https:\/\/www.tgrthaber.com\/mavikadin\/wp-json\/wp\/v2\/posts\/206249\/revisions\/206277"}],"wp:featuredmedia":[{"embeddable":true,"href":"https:\/\/www.tgrthaber.com\/mavikadin\/wp-json\/wp\/v2\/media\/206271"}],"wp:attachment":[{"href":"https:\/\/www.tgrthaber.com\/mavikadin\/wp-json\/wp\/v2\/media?parent=206249"}],"wp:term":[{"taxonomy":"category","embeddable":true,"href":"https:\/\/www.tgrthaber.com\/mavikadin\/wp-json\/wp\/v2\/categories?post=206249"},{"taxonomy":"post_tag","embeddable":true,"href":"https:\/\/www.tgrthaber.com\/mavikadin\/wp-json\/wp\/v2\/tags?post=206249"}],"curies":[{"name":"wp","href":"https:\/\/api.w.org\/{rel}","templated":true}]}}