{"id":206257,"date":"2025-07-16T21:34:29","date_gmt":"2025-07-16T18:34:29","guid":{"rendered":"https:\/\/www.tgrthaber.com\/mavikadin\/?p=206257"},"modified":"2025-07-16T21:34:29","modified_gmt":"2025-07-16T18:34:29","slug":"evinizin-havasini-degistirecek-orta-sehpa-modelleri-2025","status":"publish","type":"post","link":"https:\/\/www.tgrthaber.com\/mavikadin\/evinizin-havasini-degistirecek-orta-sehpa-modelleri-2025\/","title":{"rendered":"Evinizin havas\u0131n\u0131 de\u011fi\u015ftirecek orta sehpa modelleri 2025!"},"content":{"rendered":"<p>Evini yenilemek isteyen \u00e7o\u011fu ki\u015fi orta sehpa modellerine bakmaya ba\u015flad\u0131 bile. 2025!in \u00f6ne \u00e7\u0131kan orta sehpa modelleri resmen evinizin havas\u0131n\u0131 de\u011fi\u015ftirecek t\u00fcrden. Estetik ve fonksiyonelli\u011fi ayn\u0131 anda g\u00f6rmek isteyenler i\u00e7in 2025 orta sehpa modelleri resmen bi\u00e7ilmi\u015f kaftan. \u0130\u015fte 2025 sezonunda evinizin havas\u0131n\u0131 de\u011fi\u015ftirecek orta sehpa modelleri&#8230;<\/p>\n<h3>EV\u0130N\u0130Z\u0130N HAVASINI DE\u011e\u0130\u015eT\u0130RECEK ORTA SEHPA MODELLER\u0130 2025!<\/h3>\n<p>2025&#8217;te evlerin olmazsa olmaz\u0131 orta sehpa modellerinde g\u00f6ze \u00e7arpan detaylar aras\u0131nda sadelik, kullan\u0131m kolayl\u0131\u011f\u0131 ve pratik modeller \u00f6ne \u00e7\u0131k\u0131yor.<\/p>\n<p><img loading=\"lazy\" decoding=\"async\" class=\"alignnone wp-image-206278\" src=\"https:\/\/www.tgrthaber.com\/mavikadin\/wp-content\/uploads\/orta-sehpa-534791_min-300x188.webp\" alt=\"\" width=\"1208\" height=\"755\" title=\"\" srcset=\"https:\/\/www.tgrthaber.com\/mavikadin\/wp-content\/uploads\/orta-sehpa-534791_min-300x188.webp 300w, https:\/\/www.tgrthaber.com\/mavikadin\/wp-content\/uploads\/orta-sehpa-534791_min.webp 360w\" sizes=\"(max-width: 1208px) 100vw, 1208px\" \/><\/p>\n<hr \/>\n<p>2025 y\u0131l\u0131nda sadece g\u00fczel g\u00f6r\u00fcnen de\u011fil ayn\u0131 zamanda ihtiya\u00e7lar\u0131 gideren orta sehpalar g\u00f6ze \u00e7arp\u0131yor. \u0130\u015fte 2025&#8217;in, evinizin havas\u0131n\u0131 de\u011fi\u015ftirecek, arad\u0131\u011f\u0131n\u0131z orta sehpa modelleri&#8230;<\/p>\n<p><img loading=\"lazy\" decoding=\"async\" class=\"alignnone wp-image-206279\" src=\"https:\/\/www.tgrthaber.com\/mavikadin\/wp-content\/uploads\/gloria-lux-orta-sehpa-mobilya-diyari-5434-15-O-300x170.jpg\" alt=\"\" width=\"1208\" height=\"685\" title=\"\" srcset=\"https:\/\/www.tgrthaber.com\/mavikadin\/wp-content\/uploads\/gloria-lux-orta-sehpa-mobilya-diyari-5434-15-O-300x170.jpg 300w, https:\/\/www.tgrthaber.com\/mavikadin\/wp-content\/uploads\/gloria-lux-orta-sehpa-mobilya-diyari-5434-15-O.jpg 600w\" sizes=\"(max-width: 1208px) 100vw, 1208px\" \/><\/p>\n<hr \/>\n<h3>\u00a0DO\u011eAL MALZEMELER \u00d6NE \u00c7IKIYOR<\/h3>\n<p>Mobilya \u00fcretiminde son zamanlarda do\u011fa bilinci \u00f6n planda tutuluyor. Bu durum 2025 orta sehpa modellerinde, do\u011fal ah\u015fap modellerini ve s\u00fcrd\u00fcr\u00fclebilir malzemelerden olu\u015fan sehpalar\u0131 g\u00f6rmemize olanak tan\u0131yor. \u00d6zellikle 2025 modellerinde ceviz, me\u015fe ve bambu tonlar\u0131 olduk\u00e7a ilgi g\u00f6r\u00fcyor.<\/p>\n<p><img loading=\"lazy\" decoding=\"async\" class=\"alignnone wp-image-206280\" src=\"https:\/\/www.tgrthaber.com\/mavikadin\/wp-content\/uploads\/17_39a8cfcf-5e87-4fc1-a636-ad04cd81ee8e-300x180.jpg\" alt=\"\" width=\"1208\" height=\"725\" title=\"\" srcset=\"https:\/\/www.tgrthaber.com\/mavikadin\/wp-content\/uploads\/17_39a8cfcf-5e87-4fc1-a636-ad04cd81ee8e-300x180.jpg 300w, https:\/\/www.tgrthaber.com\/mavikadin\/wp-content\/uploads\/17_39a8cfcf-5e87-4fc1-a636-ad04cd81ee8e-768x461.jpg 768w, https:\/\/www.tgrthaber.com\/mavikadin\/wp-content\/uploads\/17_39a8cfcf-5e87-4fc1-a636-ad04cd81ee8e.jpg 1000w\" sizes=\"(max-width: 1208px) 100vw, 1208px\" \/><\/p>\n<hr \/>\n<h3>FONKS\u0130YONEL OLMALARI D\u0130KKAT \u00c7EK\u0130YOR<\/h3>\n<p>Orta sehpa modellerinde sadece g\u00f6rsellik de\u011fil ayn\u0131 zamanda kullan\u0131m kolayl\u0131\u011f\u0131 da yine 2025 modellerinde \u00f6ne \u00e7\u0131k\u0131yor. \u00c7ekmeceli modeller, rafl\u0131 modeller ve y\u00fckselen masa olabilen sehpalar kullan\u0131c\u0131lar\u0131n radar\u0131nda. K\u00fc\u00e7\u00fck eve sahip kullan\u0131c\u0131lar i\u00e7in i\u015flevsel masalar daha dikkat \u00e7ekiyor.<\/p>\n<p><img loading=\"lazy\" decoding=\"async\" class=\"alignnone wp-image-206283\" src=\"https:\/\/www.tgrthaber.com\/mavikadin\/wp-content\/uploads\/gusto-modern-orta-sehpa-inegol-mobilyasi72320-300x166.jpg\" alt=\"\" width=\"1208\" height=\"668\" title=\"\" srcset=\"https:\/\/www.tgrthaber.com\/mavikadin\/wp-content\/uploads\/gusto-modern-orta-sehpa-inegol-mobilyasi72320-300x166.jpg 300w, https:\/\/www.tgrthaber.com\/mavikadin\/wp-content\/uploads\/gusto-modern-orta-sehpa-inegol-mobilyasi72320-1024x566.jpg 1024w, https:\/\/www.tgrthaber.com\/mavikadin\/wp-content\/uploads\/gusto-modern-orta-sehpa-inegol-mobilyasi72320-768x425.jpg 768w, https:\/\/www.tgrthaber.com\/mavikadin\/wp-content\/uploads\/gusto-modern-orta-sehpa-inegol-mobilyasi72320.jpg 1320w\" sizes=\"(max-width: 1208px) 100vw, 1208px\" \/><\/p>\n<hr \/>\n<h3>MODERN \u00c7\u0130ZG\u0130LERE SAH\u0130P MASALAR 2025&#8217;\u0130N \u00d6E \u00c7IKAN MODELLER\u0130 ARASINDA<\/h3>\n<p>Metal ayaklara sahip ve geometrik desenleri ta\u015f\u0131yan orta sehpalar da bu y\u0131l \u00e7ok popl\u00fcler. Sade tonlar\u0131n tercih edildi\u011fi bu modeller, end\u00fcstriyel ve loft tarzda olan evlerde \u015f\u0131k durmas\u0131yla dikkat \u00e7ekiyor. Bu tarz modeller hem dikkatleri \u00fczerine \u00e7ekiyor hem de sade bir g\u00f6r\u00fcnt\u00fc sunuyor.<\/p>\n<p>2025 y\u0131l\u0131nda klasik tarz\u0131 ve modern tarz\u0131 sevenler i\u00e7in \u00e7ok fazla \u00e7e\u015fit bulunuyor.\u00a0 Bu y\u0131l renk, boyut ve materyal se\u00e7enekleri g\u00f6z dolduruyor. Art\u0131k ki\u015fisel tercihlere y\u00f6nelik \u00fcr\u00fcnler ma\u011fazalarda yerini alm\u0131\u015f durumda.<\/p>\n","protected":false},"excerpt":{"rendered":"<p>Salonlar\u0131n vazge\u00e7ilmezi olan orta sehpa modelleri, 2025 y\u0131l\u0131nda da yine \u00f6n planda. Evlerde aksesuar olmaktan \u00e7\u0131kan orta sehpa modelleri 2025 y\u0131l\u0131nda g\u00fc\u00e7l\u00fc tasar\u0131mlar sunuyor. \u015e\u0131k ve fonksiyonel \u00f6zellikleri bir arada bar\u0131nd\u0131ran 2025 orta sehpa modelleri evinizin ba\u015f k\u00f6\u015fesine oturacak. \u0130\u015fte evinizin havas\u0131n\u0131 de\u011fi\u015ftiricek 2025&#8217;in orta sehpa modelleri&#8230;<\/p>\n","protected":false},"author":35,"featured_media":206275,"comment_status":"closed","ping_status":"closed","sticky":false,"template":"","format":"standard","meta":{"rank_math_lock_modified_date":false,"footnotes":""},"categories":[1300],"tags":[28435,1741,28434,28436],"class_list":["post-206257","post","type-post","status-publish","format-standard","has-post-thumbnail","hentry","category-dekorasyon","tag-2025-ev-dekorasyonu","tag-dekorasyon","tag-orta-sehpa","tag-orta-sehpa-modelleri-2025"],"_links":{"self":[{"href":"https:\/\/www.tgrthaber.com\/mavikadin\/wp-json\/wp\/v2\/posts\/206257"}],"collection":[{"href":"https:\/\/www.tgrthaber.com\/mavikadin\/wp-json\/wp\/v2\/posts"}],"about":[{"href":"https:\/\/www.tgrthaber.com\/mavikadin\/wp-json\/wp\/v2\/types\/post"}],"author":[{"embeddable":true,"href":"https:\/\/www.tgrthaber.com\/mavikadin\/wp-json\/wp\/v2\/users\/35"}],"replies":[{"embeddable":true,"href":"https:\/\/www.tgrthaber.com\/mavikadin\/wp-json\/wp\/v2\/comments?post=206257"}],"version-history":[{"count":2,"href":"https:\/\/www.tgrthaber.com\/mavikadin\/wp-json\/wp\/v2\/posts\/206257\/revisions"}],"predecessor-version":[{"id":206285,"href":"https:\/\/www.tgrthaber.com\/mavikadin\/wp-json\/wp\/v2\/posts\/206257\/revisions\/206285"}],"wp:featuredmedia":[{"embeddable":true,"href":"https:\/\/www.tgrthaber.com\/mavikadin\/wp-json\/wp\/v2\/media\/206275"}],"wp:attachment":[{"href":"https:\/\/www.tgrthaber.com\/mavikadin\/wp-json\/wp\/v2\/media?parent=206257"}],"wp:term":[{"taxonomy":"category","embeddable":true,"href":"https:\/\/www.tgrthaber.com\/mavikadin\/wp-json\/wp\/v2\/categories?post=206257"},{"taxonomy":"post_tag","embeddable":true,"href":"https:\/\/www.tgrthaber.com\/mavikadin\/wp-json\/wp\/v2\/tags?post=206257"}],"curies":[{"name":"wp","href":"https:\/\/api.w.org\/{rel}","templated":true}]}}