{"id":206322,"date":"2025-07-16T23:23:11","date_gmt":"2025-07-16T20:23:11","guid":{"rendered":"https:\/\/www.tgrthaber.com\/mavikadin\/?p=206322"},"modified":"2025-09-19T18:32:00","modified_gmt":"2025-09-19T15:32:00","slug":"guzide-duran-ile-fikret-orman-bodrumda-tatilde","status":"publish","type":"post","link":"https:\/\/www.tgrthaber.com\/mavikadin\/guzide-duran-ile-fikret-orman-bodrumda-tatilde\/","title":{"rendered":"G\u00fczide Duran ile Fikret Orman Bodrum&#8217;da tatilde!"},"content":{"rendered":"<p>\u00dcnl\u00fc model G\u00fczide Duran bo\u015fanma a\u015famas\u0131nda oldu\u011fu Adnan Aksoy ile dava s\u00fcre\u00e7leri devam ediyor. \u0130kili aras\u0131nda bo\u015fanma davas\u0131 tam olarak sonu\u00e7lanmad\u0131. \u00dcnl\u00fc manken G\u00fczide Duran yeni sevgilisi Fikret Orman ile birlikte kameralar\u0131n \u00f6n\u00fcne \u00e7\u0131k\u0131yor. \u00dcnl\u00fc \u00e7iftin tatil rotas\u0131 Bodrum\u2019dan Yunan adalar\u0131na do\u011fru \u00e7evrilecek.<\/p>\n<h3>G\u00dcZ\u0130DE DURAN VE F\u0130KRET ORMAN \u0130LK DURAKLARI BODRUM<\/h3>\n<p>Ge\u00e7ti\u011fimiz g\u00fcnlerde Be\u015fikta\u015f\u2019\u0131n eski ba\u015fkan\u0131 Fikret Orman ile birlikte bir mekan \u00e7\u0131k\u0131\u015f\u0131 G\u00fczide Duran kameralara yakalanm\u0131\u015ft\u0131. \u0130kili aras\u0131ndaki birlikteli\u011fin netlik kazanmas\u0131yla G\u00fczide Duran ve Fikret Orman beraber g\u00f6r\u00fcnt\u00fc vermekten ka\u00e7mad\u0131lar. \u00dcnl\u00fc manken yeni ili\u015fkisi hakk\u0131nda yap\u0131lan a\u011f\u0131r ele\u015ftirilere ge\u00e7ti\u011fimiz g\u00fcnlerde sosyal medyas\u0131ndan a\u00e7\u0131klama yay\u0131nlam\u0131\u015ft\u0131. Bo\u015fanma s\u00fcrecinde olsa da kendisine bir hayat yolu \u00e7izdi\u011fini ve yeni ba\u015flang\u0131\u00e7lar yapt\u0131\u011f\u0131n\u0131 dile getirmi\u015fti.<\/p>\n<p><img loading=\"lazy\" decoding=\"async\" class=\"alignnone wp-image-206323 size-full\" src=\"https:\/\/www.tgrthaber.com\/mavikadin\/wp-content\/uploads\/guzide-duran-fikret-orman-bodrumda.jpg\" alt=\"\" width=\"1208\" height=\"680\" title=\"\" srcset=\"https:\/\/www.tgrthaber.com\/mavikadin\/wp-content\/uploads\/guzide-duran-fikret-orman-bodrumda.jpg 1208w, https:\/\/www.tgrthaber.com\/mavikadin\/wp-content\/uploads\/guzide-duran-fikret-orman-bodrumda-300x169.jpg 300w, https:\/\/www.tgrthaber.com\/mavikadin\/wp-content\/uploads\/guzide-duran-fikret-orman-bodrumda-1024x576.jpg 1024w, https:\/\/www.tgrthaber.com\/mavikadin\/wp-content\/uploads\/guzide-duran-fikret-orman-bodrumda-768x432.jpg 768w\" sizes=\"(max-width: 1208px) 100vw, 1208px\" \/><\/p>\n<hr \/>\n<p>\u00dcnl\u00fc modelin a\u00e7\u0131klamalar\u0131n\u0131n ard\u0131ndan \u00e7ift tatil cenneti Bodrum\u2019da a\u015fklar\u0131n\u0131 ya\u015famaya devam ediyor. G\u00fczide Duran ve Fikret Orman\u2019\u0131n ilk olarak tatil rotas\u0131n\u0131 Bodrum\u2019a \u00e7evirdi. Yal\u0131kavak Marina\u2019da deniz ve g\u00fcne\u015fli havan\u0131n\u0131 tad\u0131n\u0131 \u00e7\u0131karan \u00e7ifttin bir sonra ki rotas\u0131 ise belli oldu.<\/p>\n<h3>G\u00dcZ\u0130DE DURAN VE F\u0130KRET ORMAN YUNAN ADALARINA G\u0130D\u0130YOR<\/h3>\n<p>Magazin bas\u0131n\u0131na bomba gibi d\u00fc\u015fen G\u00fczide Duran ve Fikret Orman birlikteli\u011fi h\u0131z kesmeden devam ediyor. Tatil ay\u0131n\u0131n gelmesiyle birlikte deniz ve g\u00fcne\u015fin tad\u0131n\u0131 \u00e7\u0131karan \u00e7ift ilk solu\u011fu Bodrum\u2019dan ald\u0131ktan sonra ikinci duraklar\u0131n\u0131 Yunan\u2019a \u00e7evirdiler. Bodrum\u2019da tatil s\u0131ras\u0131nda g\u00fcmr\u00fck i\u015flerini halleden G\u00fczide Duran ve Fikret Orman, tatil rotalar\u0131n\u0131 \u00e7izdiler.<\/p>\n<p><img loading=\"lazy\" decoding=\"async\" class=\"alignnone wp-image-206325 size-full\" src=\"https:\/\/www.tgrthaber.com\/mavikadin\/wp-content\/uploads\/fikret-orman-guzide-duran-bodrumda.jpg\" alt=\"\" width=\"1208\" height=\"680\" title=\"\" srcset=\"https:\/\/www.tgrthaber.com\/mavikadin\/wp-content\/uploads\/fikret-orman-guzide-duran-bodrumda.jpg 1208w, https:\/\/www.tgrthaber.com\/mavikadin\/wp-content\/uploads\/fikret-orman-guzide-duran-bodrumda-300x169.jpg 300w, https:\/\/www.tgrthaber.com\/mavikadin\/wp-content\/uploads\/fikret-orman-guzide-duran-bodrumda-1024x576.jpg 1024w, https:\/\/www.tgrthaber.com\/mavikadin\/wp-content\/uploads\/fikret-orman-guzide-duran-bodrumda-768x432.jpg 768w\" sizes=\"(max-width: 1208px) 100vw, 1208px\" \/><\/p>\n<hr \/>\n<p>Yunan adalar\u0131n\u0131n mavili\u011fine ve herkesten uzak koylar\u0131nda yaz tatilinin keyfini \u00e7\u0131karacaklar. Kameralara yakalanan \u00e7ift, herhangi bir a\u00e7\u0131klama yapmadan tatillerini yapmaya devam ediyor. G\u00fczide Duran ve Be\u015fikta\u015f&#8217;\u0131n eski ba\u015fkan\u0131 Fikret Orman&#8217;\u0131n tatil i\u00e7in gitmeyi planlad\u0131klar\u0131 3 tatil rotas\u0131 neresi olacak?<\/p>\n","protected":false},"excerpt":{"rendered":"<p>\u00dcnl\u00fc manken G\u00fczide Duran ve Be\u015fikta\u015f\u2019\u0131n eski ba\u015fkan\u0131 Fikret Orman tatil yeri olarak Bodrum\u2019u tercih etti. \u00dcnl\u00fc \u00e7ift Bodrum tatilinden sonra ikinci durak olarak Yunan adalar\u0131n\u0131 tercih etti. <\/p>\n","protected":false},"author":10,"featured_media":206324,"comment_status":"closed","ping_status":"closed","sticky":false,"template":"","format":"standard","meta":{"rank_math_lock_modified_date":false,"footnotes":""},"categories":[76],"tags":[13193,1307,133,2218],"class_list":["post-206322","post","type-post","status-publish","format-standard","has-post-thumbnail","hentry","category-magazin","tag-fikret-orman","tag-guzide-duran","tag-magazin","tag-magazin-haberleri"],"_links":{"self":[{"href":"https:\/\/www.tgrthaber.com\/mavikadin\/wp-json\/wp\/v2\/posts\/206322"}],"collection":[{"href":"https:\/\/www.tgrthaber.com\/mavikadin\/wp-json\/wp\/v2\/posts"}],"about":[{"href":"https:\/\/www.tgrthaber.com\/mavikadin\/wp-json\/wp\/v2\/types\/post"}],"author":[{"embeddable":true,"href":"https:\/\/www.tgrthaber.com\/mavikadin\/wp-json\/wp\/v2\/users\/10"}],"replies":[{"embeddable":true,"href":"https:\/\/www.tgrthaber.com\/mavikadin\/wp-json\/wp\/v2\/comments?post=206322"}],"version-history":[{"count":2,"href":"https:\/\/www.tgrthaber.com\/mavikadin\/wp-json\/wp\/v2\/posts\/206322\/revisions"}],"predecessor-version":[{"id":206327,"href":"https:\/\/www.tgrthaber.com\/mavikadin\/wp-json\/wp\/v2\/posts\/206322\/revisions\/206327"}],"wp:featuredmedia":[{"embeddable":true,"href":"https:\/\/www.tgrthaber.com\/mavikadin\/wp-json\/wp\/v2\/media\/206324"}],"wp:attachment":[{"href":"https:\/\/www.tgrthaber.com\/mavikadin\/wp-json\/wp\/v2\/media?parent=206322"}],"wp:term":[{"taxonomy":"category","embeddable":true,"href":"https:\/\/www.tgrthaber.com\/mavikadin\/wp-json\/wp\/v2\/categories?post=206322"},{"taxonomy":"post_tag","embeddable":true,"href":"https:\/\/www.tgrthaber.com\/mavikadin\/wp-json\/wp\/v2\/tags?post=206322"}],"curies":[{"name":"wp","href":"https:\/\/api.w.org\/{rel}","templated":true}]}}