{"id":206382,"date":"2025-07-17T02:32:34","date_gmt":"2025-07-16T23:32:34","guid":{"rendered":"https:\/\/www.tgrthaber.com\/mavikadin\/?p=206382"},"modified":"2025-07-17T02:32:34","modified_gmt":"2025-07-16T23:32:34","slug":"cift-kisilik-oda-7-bolum-fragmani-olay-finale-ramak-kala-ortalik-karisiyor","status":"publish","type":"post","link":"https:\/\/www.tgrthaber.com\/mavikadin\/cift-kisilik-oda-7-bolum-fragmani-olay-finale-ramak-kala-ortalik-karisiyor\/","title":{"rendered":"\u00c7ift Ki\u015filik Oda 7. b\u00f6l\u00fcm fragman\u0131 olay! Finale ramak kala ortal\u0131k kar\u0131\u015f\u0131yor"},"content":{"rendered":"<p>NOW&#8217;da yay\u0131nlanan \u00c7ift Ki\u015filik Oda ilk b\u00f6l\u00fcm\u00fcnden itibaren b\u00fcy\u00fck bir ilgiyle takip ediliyor. Bu hafta 7. b\u00f6l\u00fcmle ekranlara gelecek diziye dair geli\u015fmeler de merak edilmeye ba\u015fland\u0131. \u00c7ift Ki\u015filik Oda 7. b\u00f6l\u00fcmden neler olaca\u011f\u0131 dizinin hayranlar\u0131 taraf\u0131ndan ara\u015ft\u0131r\u0131l\u0131yor. \u0130\u015fte final \u00f6ncesi son d\u00fczl\u00fc\u011fe girilmi\u015fken, ortal\u0131\u011f\u0131 resmen kar\u0131\u015ft\u0131racak 7. b\u00f6l\u00fcm olay fragman detaylar\u0131&#8230;<\/p>\n<h3>\u00c7\u0130FT K\u0130\u015e\u0130L\u0130K ODA 7. B\u00d6L\u00dcM FRAGMANI OLAY!<\/h3>\n<p>Romantik gerilim t\u00fcr\u00fcndeki \u00c7ift Ki\u015filik Oda yay\u0131nlanan b\u00f6l\u00fcmleriyle dikkat \u00e7ekmeye devam ediyor. Final yapmaya haz\u0131rlanan dizinin 7. b\u00f6l\u00fcm\u00fcnde ya\u015fanan geli\u015fmeler \u015fimdiden merak uyand\u0131rm\u0131\u015f durumda.<\/p>\n<p><img loading=\"lazy\" decoding=\"async\" class=\"alignnone wp-image-206388\" src=\"https:\/\/www.tgrthaber.com\/mavikadin\/wp-content\/uploads\/ekran-resmi-2025-06-20-143211-300x169.webp\" alt=\"\" width=\"1208\" height=\"680\" title=\"\" srcset=\"https:\/\/www.tgrthaber.com\/mavikadin\/wp-content\/uploads\/ekran-resmi-2025-06-20-143211-300x169.webp 300w, https:\/\/www.tgrthaber.com\/mavikadin\/wp-content\/uploads\/ekran-resmi-2025-06-20-143211-1024x576.webp 1024w, https:\/\/www.tgrthaber.com\/mavikadin\/wp-content\/uploads\/ekran-resmi-2025-06-20-143211-768x432.webp 768w, https:\/\/www.tgrthaber.com\/mavikadin\/wp-content\/uploads\/ekran-resmi-2025-06-20-143211.webp 1280w\" sizes=\"(max-width: 1208px) 100vw, 1208px\" \/><\/p>\n<hr \/>\n<p>Diziye dair fragman\u0131n yay\u0131nlanmas\u0131yla heyecan kat ve kat artm\u0131\u015fken, final \u00f6ncesi ortal\u0131k fena kar\u0131\u015f\u0131yor. \u00c7ift Ki\u015filik oda finale sadece bir b\u00f6l\u00fcm kala yine izleyiciyi koltu\u011fa \u00e7ivileyece\u011fe benziyor. Lutesya Oteli&#8217;nde tansiyon tavan yapm\u0131\u015fken, Kaan ve Nil\u00fcfer aras\u0131nda kartlar yeniden da\u011f\u0131t\u0131lacak. Duygusal gelgitlerin ya\u015fanaca\u011f\u0131 \u00c7ift Ki\u015filik Oda 7. b\u00f6l\u00fcm 17 Temmuz Per\u015fembe g\u00fcn\u00fc NOW ekranlar\u0131nda yay\u0131nlanacak.<\/p>\n<p><img loading=\"lazy\" decoding=\"async\" class=\"alignnone wp-image-206389\" src=\"https:\/\/www.tgrthaber.com\/mavikadin\/wp-content\/uploads\/Ekran-goruntusu-2025-07-17-020421-300x164.png\" alt=\"\" width=\"1208\" height=\"659\" title=\"\" srcset=\"https:\/\/www.tgrthaber.com\/mavikadin\/wp-content\/uploads\/Ekran-goruntusu-2025-07-17-020421-300x164.png 300w, https:\/\/www.tgrthaber.com\/mavikadin\/wp-content\/uploads\/Ekran-goruntusu-2025-07-17-020421-768x419.png 768w, https:\/\/www.tgrthaber.com\/mavikadin\/wp-content\/uploads\/Ekran-goruntusu-2025-07-17-020421.png 982w\" sizes=\"(max-width: 1208px) 100vw, 1208px\" \/><\/p>\n<hr \/>\n<h3>F\u0130NALE RAMAK KALA ORTALIK KARI\u015eIYOR<\/h3>\n<p>7. b\u00f6l\u00fcmde Kaan, s\u00fcrekli sorun ya\u015fad\u0131\u011f\u0131 karde\u015fi Sevil&#8217;i otelden sonunda g\u00f6nderiyor. Fakat bu durumu Nilifer pek ho\u015f kar\u015f\u0131lamayacak gibi g\u00f6r\u00fcn\u00fcyor. Nil\u00fcfer, Kaan&#8217;\u0131n bu davran\u0131\u015f\u0131n\u0131n alt\u0131nda art niyet arayarak, \u015f\u00fcpheye d\u00fc\u015fecek.<\/p>\n<p>Kaan&#8217;a kar\u015f\u0131 g\u00fcvensizli\u011fin ba\u015flad\u0131\u011f\u0131 bu noktada, aralar\u0131nda bir so\u011fukluk ya\u015fanabilir. Kaan bu durumu fark edecek ve durumu kurtarmaya \u00e7al\u0131\u015facak. Nil\u00fcfer&#8217;i yeniden kazanmak i\u00e7in Kaan&#8217;dan s\u00fcrpriz ad\u0131mlar gelebilece\u011fi konu\u015fuluyor.<\/p>\n<p><img loading=\"lazy\" decoding=\"async\" class=\"alignnone wp-image-206390\" src=\"https:\/\/www.tgrthaber.com\/mavikadin\/wp-content\/uploads\/Cift-Kisilik-Oda-127141-large-image-5b51a4e8-e2fb-4e2e-9715-5442b86370b7-300x169.webp\" alt=\"\" width=\"1208\" height=\"680\" title=\"\" srcset=\"https:\/\/www.tgrthaber.com\/mavikadin\/wp-content\/uploads\/Cift-Kisilik-Oda-127141-large-image-5b51a4e8-e2fb-4e2e-9715-5442b86370b7-300x169.webp 300w, https:\/\/www.tgrthaber.com\/mavikadin\/wp-content\/uploads\/Cift-Kisilik-Oda-127141-large-image-5b51a4e8-e2fb-4e2e-9715-5442b86370b7.webp 572w\" sizes=\"(max-width: 1208px) 100vw, 1208px\" \/><\/p>\n<hr \/>\n<h3>N\u0130L\u00dcFER&#8217;DEN BEKLENMED\u0130K HAMLE GELECEK<\/h3>\n<p>Kaan&#8217;\u0131n bu tutumundan sonra uzakla\u015f\u0131p kariyerine odaklanmak isteyen Nil\u00fcfer, kendi ayaklar\u0131 \u00fczerinde durmak i\u00e7in, otel de bir ad\u0131m ileri gitmek isteyecek. Ba\u011f\u0131ms\u0131zl\u0131\u011f\u0131n\u0131 resmen ilan eden Nil\u00fcfer, art\u0131k kendi yolunda ilerleyecek. Ancak hi\u00e7 hesapta olmayan bir durum, Kaan ve Nil\u00fcfer&#8217;i yine yan yana getiriyor. B\u00f6ylece her \u015fey alt \u00fcst olacak. Mecburi yak\u0131nla\u015fma sonucunda Kaan zor bir s\u0131navdan ge\u00e7erken, Nil\u00fcfer bir ba\u015fkas\u0131yla yak\u0131nla\u015facak. Kaan&#8217;\u0131 7. b\u00f6l\u00fcmde k\u0131skan\u00e7l\u0131k krizlerinde g\u00f6rebiliriz.<\/p>\n<p><img loading=\"lazy\" decoding=\"async\" class=\"alignnone wp-image-206391\" src=\"https:\/\/www.tgrthaber.com\/mavikadin\/wp-content\/uploads\/Ekran-goruntusu-2025-07-17-020327-300x182.png\" alt=\"\" width=\"1208\" height=\"734\" title=\"\" srcset=\"https:\/\/www.tgrthaber.com\/mavikadin\/wp-content\/uploads\/Ekran-goruntusu-2025-07-17-020327-300x182.png 300w, https:\/\/www.tgrthaber.com\/mavikadin\/wp-content\/uploads\/Ekran-goruntusu-2025-07-17-020327-768x467.png 768w, https:\/\/www.tgrthaber.com\/mavikadin\/wp-content\/uploads\/Ekran-goruntusu-2025-07-17-020327.png 918w\" sizes=\"(max-width: 1208px) 100vw, 1208px\" \/><\/p>\n<hr \/>\n<p>\u00c7ift Ki\u015filik Oda 7. b\u00f6l\u00fcm\u00fc ile 17 Temmuz per\u015fembe g\u00fcn\u00fc saat 20:00&#8217;de NOW!da izleyicisiyle bulu\u015fuyor.<\/p>\n","protected":false},"excerpt":{"rendered":"<p>NOW ekranlar\u0131nda yay\u0131nlanan \u00c7ift Ki\u015filik Oda 7. b\u00f6l\u00fcm fragman\u0131yla resmen olay oldu. Final \u00f6ncesi yay\u0131nlanan b\u00f6l\u00fcmde, hi\u00e7 g\u00f6r\u00fclmeyen hesapla\u015fmalar ve y\u00fczle\u015fmeler ortal\u0131\u011f\u0131 adeta kar\u0131\u015ft\u0131racak gibi duruyor. Peki \u00c7ift Ki\u015filik Oda 7. b\u00f6l\u00fcmde neler olacak? \u0130\u015fte \u00c7ift Ki\u015filk Oda dizisi 7. b\u00f6l\u00fcme dair t\u00fcm detaylar&#8230;<\/p>\n","protected":false},"author":35,"featured_media":206387,"comment_status":"closed","ping_status":"closed","sticky":false,"template":"","format":"standard","meta":{"rank_math_lock_modified_date":false,"footnotes":""},"categories":[602],"tags":[10275,28463,27116,28464,3602],"class_list":["post-206382","post","type-post","status-publish","format-standard","has-post-thumbnail","hentry","category-diziler","tag-cift-kisilik-oda","tag-cift-kisilik-oda-7-bolum","tag-cift-kisilik-oda-final","tag-cift-kisilik-oda-fragman","tag-diziler"],"_links":{"self":[{"href":"https:\/\/www.tgrthaber.com\/mavikadin\/wp-json\/wp\/v2\/posts\/206382"}],"collection":[{"href":"https:\/\/www.tgrthaber.com\/mavikadin\/wp-json\/wp\/v2\/posts"}],"about":[{"href":"https:\/\/www.tgrthaber.com\/mavikadin\/wp-json\/wp\/v2\/types\/post"}],"author":[{"embeddable":true,"href":"https:\/\/www.tgrthaber.com\/mavikadin\/wp-json\/wp\/v2\/users\/35"}],"replies":[{"embeddable":true,"href":"https:\/\/www.tgrthaber.com\/mavikadin\/wp-json\/wp\/v2\/comments?post=206382"}],"version-history":[{"count":2,"href":"https:\/\/www.tgrthaber.com\/mavikadin\/wp-json\/wp\/v2\/posts\/206382\/revisions"}],"predecessor-version":[{"id":206393,"href":"https:\/\/www.tgrthaber.com\/mavikadin\/wp-json\/wp\/v2\/posts\/206382\/revisions\/206393"}],"wp:featuredmedia":[{"embeddable":true,"href":"https:\/\/www.tgrthaber.com\/mavikadin\/wp-json\/wp\/v2\/media\/206387"}],"wp:attachment":[{"href":"https:\/\/www.tgrthaber.com\/mavikadin\/wp-json\/wp\/v2\/media?parent=206382"}],"wp:term":[{"taxonomy":"category","embeddable":true,"href":"https:\/\/www.tgrthaber.com\/mavikadin\/wp-json\/wp\/v2\/categories?post=206382"},{"taxonomy":"post_tag","embeddable":true,"href":"https:\/\/www.tgrthaber.com\/mavikadin\/wp-json\/wp\/v2\/tags?post=206382"}],"curies":[{"name":"wp","href":"https:\/\/api.w.org\/{rel}","templated":true}]}}